{"id":267027,"date":"2025-12-02T10:14:10","date_gmt":"2025-12-02T10:14:10","guid":{"rendered":"https:\/\/www.europesays.com\/es\/267027\/"},"modified":"2025-12-02T10:14:10","modified_gmt":"2025-12-02T10:14:10","slug":"cordon-rechazo-por-dos-millones-en-el-sevilla-a-petar-stanic-actual-pichichi-de-la-europa-league","status":"publish","type":"post","link":"https:\/\/www.europesays.com\/es\/267027\/","title":{"rendered":"Cord\u00f3n rechaz\u00f3 por dos millones en el Sevilla a Petar Stanic, actual &#8216;pichichi&#8217; de la Europa League"},"content":{"rendered":"<p>V\u00edctor Orta hab\u00eda encauzado la incorporaci\u00f3n del centrocampista ofensivo serbio, pero su despido paraliz\u00f3 la operaci\u00f3n y Cord\u00f3n la termin\u00f3 desestimando, lo que provoc\u00f3 que se marchara por 1,8 millones al Ludogorets y, con cinco goles, es el m\u00e1ximo realizador de la Europa League  <\/p>\n<p class=\"parrafo\">Entre las grandes necesidades de la plantilla sevillista se encuentra apuntalar el centro del campo con <strong>un futbolista creativo, de corte ofensivo y con llegada<\/strong>, funci\u00f3n que en los \u00faltimos partidos ha desempe\u00f1ado Peque, de lo poco salvable en el derbi del pasado domingo.<\/p>\n<p class=\"parrafo\">Independientemente de la irrupci\u00f3n del catal\u00e1n, relegado a un segundo durante buena parte del campeonato, el Sevilla precisa reforzar esta posici\u00f3n con un efectivo que eleve el nivel entre l\u00edneas y lo cierto es que el tiempo ha puesto en evidencia que <strong>Antonio Cord\u00f3n rechaz\u00f3 una magn\u00edfica oportunidad en el pasado mercado estival. <\/strong>Y es que el director de f\u00fatbol profesional <strong>desestim\u00f3 un fichaje por una cantidad accesible que ahora destaca en Europa<\/strong>, m\u00e1s concretamente de <strong>Petar Stanic<\/strong>, centrocampista serbio de 24 a\u00f1os.<\/p>\n<p>V\u00edctor Orta encarrill\u00f3 el fichaje de Stanic, pero Cord\u00f3n lo desestim\u00f3<\/p>\n<p class=\"parrafo\">As\u00ed las cosas, antes de su despido como director deportivo, <strong>V\u00edctor Orta <\/strong>hab\u00eda avanzado en diferentes frentes, entre ellos la incorporaci\u00f3n del futbolista de Pancevo, por entonces en las filas del Backa Topola de su pa\u00eds. <strong>El madrile\u00f1o ya hab\u00eda convencido al futbolista e iniciado conversaciones con su club para alcanzar un acuerdo<\/strong>, pero entonces se produjo el relevo en la parcela deportiva y todo qued\u00f3 en manos de Cord\u00f3n.<\/p>\n<p><a class=\"elementos-rel-t2\" href=\"https:\/\/www.estadiodeportivo.com\/futbol\/sevilla-fc\/antonio-cordon-descarta-fichaje-avanzado-del-sevilla-20250625-501144.html\" title=\"Antonio Cord\u00f3n descarta el fichaje avanzado del Sevilla\" rel=\"nofollow noopener\" target=\"_blank\"><\/p>\n<p class=\"titular titulo-4\">Antonio Cord\u00f3n descarta el fichaje avanzado del Sevilla<\/p>\n<p><img decoding=\"async\" src=\"https:\/\/www.europesays.com\/es\/wp-content\/uploads\/2025\/12\/6e5cdae1-1a37-425d-b722-eec1305f5b53_320x180.jpeg\" alt=\"Antonio Cord\u00f3n descarta el fichaje avanzado del Sevilla\"\/><\/a><a class=\"elementos-rel-t2\" href=\"https:\/\/www.estadiodeportivo.com\/futbol\/betis\/negociar-con-sevilla-cruzarse-los-planes-del-betis-20251002-514680.html\" title=\"De negociar con el Sevilla a cruzarse en los planes del Betis \" rel=\"nofollow noopener\" target=\"_blank\"><\/p>\n<p class=\"titular titulo-4\">De negociar con el Sevilla a cruzarse en los planes del Betis <\/p>\n<p><img decoding=\"async\" src=\"https:\/\/www.europesays.com\/es\/wp-content\/uploads\/2025\/12\/454fe3e8-6338-42ad-a92c-1492d88f9ca4_320x180.jpeg\" alt=\"De negociar con el Sevilla a cruzarse en los planes del Betis \"\/><\/a><a class=\"elementos-rel-t2\" href=\"https:\/\/www.estadiodeportivo.com\/futbol\/sevilla-fc\/sevilla-fija-joven-revelacion-del-futbol-serbio-20250430-492763.html\" title=\"El Sevilla se fija en la joven revelaci\u00f3n del f\u00fatbol serbio \" rel=\"nofollow noopener\" target=\"_blank\"><\/p>\n<p class=\"titular titulo-4\">El Sevilla se fija en la joven revelaci\u00f3n del f\u00fatbol serbio <\/p>\n<p><img decoding=\"async\" src=\"https:\/\/www.europesays.com\/es\/wp-content\/uploads\/2025\/12\/c5ce5305-9b3c-4c19-b3c2-f94a375c382f_320x180.jpeg\" alt=\"El Sevilla se fija en la joven revelaci\u00f3n del f\u00fatbol serbio \"\/><\/a><\/p>\n<p class=\"parrafo\">El alto ejecutivo extreme\u00f1o <strong>estudi\u00f3 esta posibilidad<\/strong>, pero, ante la multitud de frentes abiertos, la necesidad de salidas y que tampoco le convenc\u00eda al cien por cien por el precio exigido, <strong>la desestim\u00f3 y en el Backa Topola se cansaron de esperar y finalmente lo traspas\u00f3 al Ludogorets <\/strong>b\u00falgaro por 1,8 millones de euros, una cantidad muy similar a la que el Sevilla habr\u00eda pagado, pues se hablaba de algo m\u00e1s de dos millones.<\/p>\n<p>Stanic, m\u00e1ximo goleador de la Europa League <\/p>\n<p class=\"parrafo\">Petar Stanic est\u00e1 ofreciendo hasta ahora un magn\u00edfico rendimiento en el Ludogorets, con el que se enfrent\u00f3 al Betis en octubre, hasta el punto de que <strong>se ha destapado como goleador y es el &#8216;pichichi&#8217; de la Europa League con cinco dianas <\/strong>tras los tres tantos anotados contra el Celta. A estos aciertos europeos hay que sumarles tres m\u00e1s en el campeonato liguero, por lo que suma un total de ocho goles m\u00e1s seis asistencias en 1.463 minutos.<\/p>\n<p class=\"parrafo\">Adem\u00e1s, el serbio ha destacado por su versatilidad y se ha desempe\u00f1ado en varias posiciones al margen de la suya natural, como medio ofensivo, pues el t\u00e9cnico Per-Mathias H\u00f8gmo tambi\u00e9n <strong>lo ha utilizado como interior izquierdo y como delantero<\/strong>, demarcaci\u00f3n en la que parti\u00f3 en los dos \u00faltimos partidos con un resultado extraordinario.<\/p>\n","protected":false},"excerpt":{"rendered":"V\u00edctor Orta hab\u00eda encauzado la incorporaci\u00f3n del centrocampista ofensivo serbio, pero su despido paraliz\u00f3 la operaci\u00f3n y Cord\u00f3n&hellip;\n","protected":false},"author":2,"featured_media":267028,"comment_status":"","ping_status":"","sticky":false,"template":"","format":"standard","meta":{"footnotes":""},"categories":[268],"tags":[5974,168,25,24,284,280,282,2993,281,23,167],"class_list":{"0":"post-267027","1":"post","2":"type-post","3":"status-publish","4":"format-standard","5":"has-post-thumbnail","7":"category-futbol","8":"tag-antonio-cordon","9":"tag-deportes","10":"tag-es","11":"tag-espana","12":"tag-estadio-deportivo","13":"tag-football","14":"tag-futbol","15":"tag-sevilla-futbol-club","16":"tag-soccer","17":"tag-spain","18":"tag-sports"},"share_on_mastodon":{"url":"https:\/\/pubeurope.com\/@es\/115649450224049268","error":""},"_links":{"self":[{"href":"https:\/\/www.europesays.com\/es\/wp-json\/wp\/v2\/posts\/267027","targetHints":{"allow":["GET"]}}],"collection":[{"href":"https:\/\/www.europesays.com\/es\/wp-json\/wp\/v2\/posts"}],"about":[{"href":"https:\/\/www.europesays.com\/es\/wp-json\/wp\/v2\/types\/post"}],"author":[{"embeddable":true,"href":"https:\/\/www.europesays.com\/es\/wp-json\/wp\/v2\/users\/2"}],"replies":[{"embeddable":true,"href":"https:\/\/www.europesays.com\/es\/wp-json\/wp\/v2\/comments?post=267027"}],"version-history":[{"count":0,"href":"https:\/\/www.europesays.com\/es\/wp-json\/wp\/v2\/posts\/267027\/revisions"}],"wp:featuredmedia":[{"embeddable":true,"href":"https:\/\/www.europesays.com\/es\/wp-json\/wp\/v2\/media\/267028"}],"wp:attachment":[{"href":"https:\/\/www.europesays.com\/es\/wp-json\/wp\/v2\/media?parent=267027"}],"wp:term":[{"taxonomy":"category","embeddable":true,"href":"https:\/\/www.europesays.com\/es\/wp-json\/wp\/v2\/categories?post=267027"},{"taxonomy":"post_tag","embeddable":true,"href":"https:\/\/www.europesays.com\/es\/wp-json\/wp\/v2\/tags?post=267027"}],"curies":[{"name":"wp","href":"https:\/\/api.w.org\/{rel}","templated":true}]}}