{"id":267029,"date":"2025-12-02T10:15:09","date_gmt":"2025-12-02T10:15:09","guid":{"rendered":"https:\/\/www.europesays.com\/es\/267029\/"},"modified":"2025-12-02T10:15:09","modified_gmt":"2025-12-02T10:15:09","slug":"basta-de-asfixiar-a-quienes-trabajamos-y-no-nos-compramos-aticos","status":"publish","type":"post","link":"https:\/\/www.europesays.com\/es\/267029\/","title":{"rendered":"\u00abBasta de asfixiar a quienes trabajamos y no nos compramos \u00e1ticos\u00bb"},"content":{"rendered":"<p class=\"paragraph\">\u00abComo aut\u00f3noma y peque\u00f1a productora estoy harta de pagar sin parar y de no tener ning\u00fan derecho. Incluso la ayuda que recib\u00ed en la pandemia, la \u00fanica en mi vida, ha terminado convirti\u00e9ndose en otro castigo injustificado, puesucumpl\u00eda y cumplo todos los requisitos. Basta ya de asfixiar a quienes trabajamos y no robamos ni nos compramos \u00e1ticos. Esto es una verg\u00fcenza.\u00bb Con estas palabras, difundidas en sus redes sociales, <b>Cecilia Gessa<\/b> denunciaba esta semana lo que considera una presi\u00f3n fiscal excesiva sobre los trabajadores por cuenta propia. La actriz y productora dirigi\u00f3 su queja de forma directa a las instituciones, etiquetando a la Delegaci\u00f3n del Gobierno en Madrid, al presidente <b>Pedro S\u00e1nchez y al Ministerio de Cultura. <\/b>Y de forma indirecta haciendo referencia a Pen\u00e9lope Cruz y Javier Bardem, quienes se acaban de comprar<a href=\"https:\/\/www.eldebate.com\/gente\/20251106\/penelope-cruz-bardem-compran-atico-2-millones-tocateja-patrimonial-pagar-menos-impuestos_352519.html\" title=\"Pen\u00e9lope Cruz y Bardem compran un \u00e1tico de 2 millones a tocateja y con una patrimonial para pagar menos impuestos\" rel=\"nofollow noopener\" target=\"_blank\"> un \u00e1tico de 2 millones<\/a> en la calle San Bernardo del barrio de Chamber\u00ed.<\/p>\n<p class=\"paragraph\">Su mensaje llega en un momento de especial movilizaci\u00f3n para el colectivo. El pasado 30 de noviembre, la Plataforma por la Dignidad de los Aut\u00f3nomos congreg\u00f3 en Madrid a profesionales de toda Espa\u00f1a que exigieron reformas estructurales y mayor protecci\u00f3n social. Bajo consignas como<b> \u00abSi no trabajo, no cobro, pero sigo pagando\u00bb <\/b>o \u00abSi el aut\u00f3nomo desaparece, Espa\u00f1a se desvanece\u00bb, la marcha puso de manifiesto el malestar de un sector que se siente desatendido. Aunque Gessa no mencion\u00f3 directamente la protesta, su publicaci\u00f3n se interpreta dentro del mismo clima de reivindicaci\u00f3n.<\/p>\n<p class=\"c-detail__media__subtitle composite_image\">\n<p>        Publicaci\u00f3n de Cecilia Gessa<\/p>\n<p class=\"paragraph\">Nacida en Madrid en 1977, Gessa procede de un entorno art\u00edstico y su trayectoria profesional ha sido diversa. A comienzos de los a\u00f1os 2000 alcanz\u00f3 notoriedad bajo el nombre de <b>Celia Blanco, <\/b>cuando particip\u00f3 como tertuliana en Cr\u00f3nicas Marcianas y trabaj\u00f3 en la industria del entretenimiento para adultos. En esa etapa debut\u00f3 con el director <b>Ramiro Lapiedra<\/b> y coincidi\u00f3 con figuras como Nacho Vidal. Su carrera tom\u00f3 un rumbo distinto tras formarse como actriz en el Estudio Recabarren y ampliar conocimientos en verso, canto y danza.<\/p>\n<p class=\"c-detail__media__subtitle composite_image\">\n<p>        Pen\u00e9lope Cruz y Javier Bardem, durante el festival de cine de San Sebasti\u00e1nGTRES<\/p>\n<p class=\"paragraph\">A partir de entonces se volc\u00f3 en el teatro y en los proyectos audiovisuales. Ha aparecido en t\u00edtulos como Loca Olivia, Paquita Salas o La embajada y, en 2017, decidi\u00f3 asumir un papel m\u00e1s amplio en la creaci\u00f3n. Ese a\u00f1o fund\u00f3 <b>Gessas Producciones, <\/b>su propio sello, desde el que ha impulsado cortometrajes, montajes de microteatro y distintos proyectos como directora, productora y actriz. Su filmograf\u00eda acumula 58 participaciones interpretativas, 12 producciones teatrales dirigidas y 18 proyectos audiovisuales, adem\u00e1s de 11 premios recibidos. En 2022 volvi\u00f3 a situarse detr\u00e1s de la c\u00e1mara con Despierta, un corto centrado en la bisexualidad femenina en la madurez, protagonizado por Eulalia Ram\u00f3n y M\u00f3nica Bardem.<\/p>\n<p class=\"paragraph\">Su vida personal est\u00e1 estrechamente vinculada a la familia Bardem desde 2010, cuando inici\u00f3 una relaci\u00f3n con <b>Carlos Bardem<\/b>, actor y escritor, hermano de Javier Bardem y cu\u00f1ado de Pen\u00e9lope Cruz. La actriz ha descrito en varias entrevistas el papel que tuvo Pilar Bardem en su integraci\u00f3n familiar, defini\u00e9ndola como <b>\u00abuna gran amiga\u00bb<\/b> y destacando la cercan\u00eda que mantuvieron hasta su fallecimiento.<\/p>\n","protected":false},"excerpt":{"rendered":"\u00abComo aut\u00f3noma y peque\u00f1a productora estoy harta de pagar sin parar y de no tener ning\u00fan derecho. Incluso&hellip;\n","protected":false},"author":2,"featured_media":267030,"comment_status":"","ping_status":"","sticky":false,"template":"","format":"standard","meta":{"footnotes":""},"categories":[174],"tags":[255,146,147,25,24,256,23],"class_list":{"0":"post-267029","1":"post","2":"type-post","3":"status-publish","4":"format-standard","5":"has-post-thumbnail","7":"category-famosos","8":"tag-celebrities","9":"tag-entertainment","10":"tag-entretenimiento","11":"tag-es","12":"tag-espana","13":"tag-famosos","14":"tag-spain"},"share_on_mastodon":{"url":"https:\/\/pubeurope.com\/@es\/115649454069209120","error":""},"_links":{"self":[{"href":"https:\/\/www.europesays.com\/es\/wp-json\/wp\/v2\/posts\/267029","targetHints":{"allow":["GET"]}}],"collection":[{"href":"https:\/\/www.europesays.com\/es\/wp-json\/wp\/v2\/posts"}],"about":[{"href":"https:\/\/www.europesays.com\/es\/wp-json\/wp\/v2\/types\/post"}],"author":[{"embeddable":true,"href":"https:\/\/www.europesays.com\/es\/wp-json\/wp\/v2\/users\/2"}],"replies":[{"embeddable":true,"href":"https:\/\/www.europesays.com\/es\/wp-json\/wp\/v2\/comments?post=267029"}],"version-history":[{"count":0,"href":"https:\/\/www.europesays.com\/es\/wp-json\/wp\/v2\/posts\/267029\/revisions"}],"wp:featuredmedia":[{"embeddable":true,"href":"https:\/\/www.europesays.com\/es\/wp-json\/wp\/v2\/media\/267030"}],"wp:attachment":[{"href":"https:\/\/www.europesays.com\/es\/wp-json\/wp\/v2\/media?parent=267029"}],"wp:term":[{"taxonomy":"category","embeddable":true,"href":"https:\/\/www.europesays.com\/es\/wp-json\/wp\/v2\/categories?post=267029"},{"taxonomy":"post_tag","embeddable":true,"href":"https:\/\/www.europesays.com\/es\/wp-json\/wp\/v2\/tags?post=267029"}],"curies":[{"name":"wp","href":"https:\/\/api.w.org\/{rel}","templated":true}]}}