{"id":267031,"date":"2025-12-02T10:16:13","date_gmt":"2025-12-02T10:16:13","guid":{"rendered":"https:\/\/www.europesays.com\/es\/267031\/"},"modified":"2025-12-02T10:16:13","modified_gmt":"2025-12-02T10:16:13","slug":"una-casa-minimalista-que-usa-los-tonos-suaves-y-el-acero-inoxidable","status":"publish","type":"post","link":"https:\/\/www.europesays.com\/es\/267031\/","title":{"rendered":"Una casa minimalista que usa los tonos suaves y el acero inoxidable"},"content":{"rendered":"<p><strong>Una casa minimalista que sorprende con su uso del acero inoxidable<\/strong><\/p>\n<p>\u00bfQu\u00e9 tienen en com\u00fan la obra de Jimmy Mill\u00e1n, el arte abstracto de Teresa J Cuevas o la escultura de Jos\u00e9 Ch\u00e1fer, con las pinturas de Bel\u00e9n Gonzalo Arroyo o Bea Aiguabella? Una generaci\u00f3n, un color y un espacio en com\u00fan, la \u00faltima vivienda del estudio DIIR.<\/p>\n<p>Durante los \u00faltimos a\u00f1os hemos sucumbido en m\u00e1s de una ocasi\u00f3n a las teor\u00edas del color inesperado, con el rojo como tonalidad predilecta para insuflar sorpresa, a trav\u00e9s de las diversas estancias de nuestro hogar. Sin embargo, en esta vivienda vemos como se da paso a la teor\u00eda del azul inesperado como forma de crear una narrativa armoniosa, bella e incluso espiritual.<\/p>\n<p>El matrimonio de arquitectos David Meana y Azul Viv\u00f3 acaba de reformar una casa de 1883 convirti\u00e9ndola en su propio hogar en el centro de Madrid, ejemplificando en ella como una arquitectura rigurosa y atemporal puede ser elevada mediante la presencia controlada del color. La colecci\u00f3n de retazos y obras de arte de la pareja con la tem\u00e1tica com\u00fan del azul deja evidencias constantes de este equilibrio a trav\u00e9s de una vivienda con mucha historia.<\/p>\n<p>Recorremos esta vivienda que supone una extensi\u00f3n del savoir faire de David Meana y DIIR, uno de los estudios m\u00e1s rompedores de la actualidad en nuestro pa\u00eds, responsables de algunas de las viviendas y tiendas m\u00e1s publicadas.<\/p>\n<p>La atemporalidad de una casa minimalista<img decoding=\"async\" alt=\"cocina minimalista\" loading=\"lazy\" class=\"ResponsiveImageContainer-eNxvmU cfBbTk responsive-image__image\"   src=\"https:\/\/www.europesays.com\/es\/wp-content\/uploads\/2025\/12\/AMR_DIIR_Azul%20Vivo%CC%81_WEB_05.jpg\"\/><\/p>\n<p>La cocina en acero inoxidable dise\u00f1o de DIIR y los cercos de granito blanco cristal combinan a la perfecci\u00f3n con una de las caras monocrom\u00e1ticas de Jimmy Mill\u00e1n, la obra de Juan Dando o la cer\u00e1mica de Valeria Vasi. Aplique de pared TMM met\u00e1lico de Santa &amp;Cole en primer plano. \u00a9Azul Viv\u00f3<\/p>\n<p>Luis D\u00edaz D\u00edaz<\/p>\n<p>En una <strong>casa minimalista<\/strong> en la que cada gesto y la elecci\u00f3n de cada material est\u00e1n tan controlados, no es casualidad que la presencia del color se acote al arte. \u201cAzul ten\u00eda ya varias piezas cuando yo le regale un cuadro con la excusa de comenzar a juntar obras de artistas de nuestra generaci\u00f3n con la tem\u00e1tica del color azul como eje principal. Con el tiempo, y gracias a su relaci\u00f3n con el mundo del arte, la colecci\u00f3n ha ido creciendo poco a poco, llegando a ser un elemento que da mucha personalidad a la vivienda\u201d, le cuenta David Meana a AD.<\/p>\n<p>Es la nueva teor\u00eda del azul inesperado que, como dec\u00eda Goethe al referirse a este color eterno \u201cnunca te persigue sino que te arrastra\u201d. El nuevo hogar que crearon para su familia cuenta con cierta historia, ya que forma parte de una colonia protegida en el centro de Madrid. Una de las actuaciones de la constructora ben\u00e9fica y uno de los primeros ejemplos de viviendas sociales en el pa\u00eds: \u201cEn el estudio estamos acostumbrados a actuar sobre la preexistencia. Hemos afrontado el trabajo con el m\u00e1ximo respeto, adaptando la tipolog\u00eda original a los nuevos usos contempor\u00e1neos\u201d.<\/p>\n","protected":false},"excerpt":{"rendered":"Una casa minimalista que sorprende con su uso del acero inoxidable \u00bfQu\u00e9 tienen en com\u00fan la obra de&hellip;\n","protected":false},"author":2,"featured_media":267032,"comment_status":"","ping_status":"","sticky":false,"template":"","format":"standard","meta":{"footnotes":""},"categories":[173],"tags":[229,233,231,230,3738,232,234,146,147,25,24,9257,23],"class_list":{"0":"post-267031","1":"post","2":"type-post","3":"status-publish","4":"format-standard","5":"has-post-thumbnail","7":"category-arte-y-diseno","8":"tag-arte","9":"tag-arte-y-diseno","10":"tag-arts","11":"tag-arts-and-design","12":"tag-casas","13":"tag-design","14":"tag-diseno","15":"tag-entertainment","16":"tag-entretenimiento","17":"tag-es","18":"tag-espana","19":"tag-minimalista","20":"tag-spain"},"share_on_mastodon":{"url":"https:\/\/pubeurope.com\/@es\/115649458194711630","error":""},"_links":{"self":[{"href":"https:\/\/www.europesays.com\/es\/wp-json\/wp\/v2\/posts\/267031","targetHints":{"allow":["GET"]}}],"collection":[{"href":"https:\/\/www.europesays.com\/es\/wp-json\/wp\/v2\/posts"}],"about":[{"href":"https:\/\/www.europesays.com\/es\/wp-json\/wp\/v2\/types\/post"}],"author":[{"embeddable":true,"href":"https:\/\/www.europesays.com\/es\/wp-json\/wp\/v2\/users\/2"}],"replies":[{"embeddable":true,"href":"https:\/\/www.europesays.com\/es\/wp-json\/wp\/v2\/comments?post=267031"}],"version-history":[{"count":0,"href":"https:\/\/www.europesays.com\/es\/wp-json\/wp\/v2\/posts\/267031\/revisions"}],"wp:featuredmedia":[{"embeddable":true,"href":"https:\/\/www.europesays.com\/es\/wp-json\/wp\/v2\/media\/267032"}],"wp:attachment":[{"href":"https:\/\/www.europesays.com\/es\/wp-json\/wp\/v2\/media?parent=267031"}],"wp:term":[{"taxonomy":"category","embeddable":true,"href":"https:\/\/www.europesays.com\/es\/wp-json\/wp\/v2\/categories?post=267031"},{"taxonomy":"post_tag","embeddable":true,"href":"https:\/\/www.europesays.com\/es\/wp-json\/wp\/v2\/tags?post=267031"}],"curies":[{"name":"wp","href":"https:\/\/api.w.org\/{rel}","templated":true}]}}