{"id":267033,"date":"2025-12-02T10:18:11","date_gmt":"2025-12-02T10:18:11","guid":{"rendered":"https:\/\/www.europesays.com\/es\/267033\/"},"modified":"2025-12-02T10:18:11","modified_gmt":"2025-12-02T10:18:11","slug":"el-inesperado-giro-de-guion-de-la-isla-de-las-tentaciones-con-la-confesion-de-gerard-me-gusta-almudena","status":"publish","type":"post","link":"https:\/\/www.europesays.com\/es\/267033\/","title":{"rendered":"El inesperado giro de guion de &#8216;La isla de las tentaciones&#8217; con la confesi\u00f3n de Gerard: \u00abMe gusta Almudena\u00bb"},"content":{"rendered":"<p class=\"c-paragraph\">El \u00faltimo programa de <b><a href=\"https:\/\/www.20minutos.es\/tags\/temas\/la-isla-de-las-tentaciones.html\" title=\"La isla de las tentaciones\" rel=\"nofollow noopener\" target=\"_blank\">La isla de las tentaciones<\/a><\/b> dej\u00f3 una villa marcada por la <b>incomodidad y los malentendidos<\/b>. Gerard sorprendi\u00f3 al grupo al reconocer que no tiene sentimientos por Claudia, con quien ya hab\u00eda mantenido relaciones,\u00a0 y que su atenci\u00f3n ahora est\u00e1 en Almudena. \u00abLe he explicado c\u00f3mo me siento&#8230; <b>miro a Almudena y me gusta<\/b>. Para m\u00ed es muy jodido\u00bb, admiti\u00f3.<\/p>\n<p class=\"c-paragraph\">Claudia no pudo contener su frustraci\u00f3n y <b>reproch\u00f3 a Almudena su silencio<\/b>. \u00abSi te hab\u00edas dado cuenta de algo, tendr\u00edas que hab\u00e9rmelo contado\u00bb, le dijo. Almudena trat\u00f3 de calmar la situaci\u00f3n: \u00abSolo me sent\u00ed inc\u00f3moda porque <b>Gerard era mi prototipo<\/b>, pero en ning\u00fan momento pas\u00f3 nada\u00bb.<\/p>\n<p class=\"c-paragraph\">Despu\u00e9s, Gerard busc\u00f3 un momento a solas con Almudena en el jard\u00edn para explicarse. \u00abPrefiero dec\u00edrtelo ahora, si no me quedo con la espina de no hablarte\u00bb, dijo, pretendiendo declararle sus intenciones como tentador. La joven respondi\u00f3 con firmeza: \u00ab<b>Ahora mismo no. He avanzado con Borja y no puedes ser una tentaci\u00f3n para m\u00ed<\/b>\u00ab.<\/p>\n<p class=\"c-paragraph\">Por su parte, Claudia reflexion\u00f3 sobre lo ocurrido y <b>habl\u00f3 con Aitor para ordenar sus emociones<\/b>. \u00abAl principio quer\u00eda darte la cita a ti, pero lleg\u00f3 Gerard, me descoloc\u00f3 y fue Gerard\u00bb, confes\u00f3. La concursante se mostr\u00f3 desbordada por la situaci\u00f3n: \u00abSi ella ha sentido algo, <b>deber\u00eda hab\u00e9rmelo contado,<\/b>\u00a0creo que algo sinti\u00f3\u00bb.<\/p>\n<p class=\"c-paragraph\">Gerard intent\u00f3 suavizar las tensiones asegurando su apoyo a Claudia: \u00ab<b>Te voy a tener para todo lo que quieras, dentro o fuera de la villa<\/b>\u00ab. Aun as\u00ed, la combinaci\u00f3n de su confesi\u00f3n y la negativa de Almudena dej\u00f3 a Claudia afectada. La relaci\u00f3n entre los tres marcar\u00e1 los pr\u00f3ximos conflictos y emociones en Villa Playa.<\/p>\n","protected":false},"excerpt":{"rendered":"El \u00faltimo programa de La isla de las tentaciones dej\u00f3 una villa marcada por la incomodidad y los&hellip;\n","protected":false},"author":2,"featured_media":267034,"comment_status":"","ping_status":"","sticky":false,"template":"","format":"standard","meta":{"footnotes":""},"categories":[171],"tags":[146,147,25,24,7957,24866,9037,3643,4207,23,214],"class_list":{"0":"post-267033","1":"post","2":"type-post","3":"status-publish","4":"format-standard","5":"has-post-thumbnail","7":"category-tv","8":"tag-entertainment","9":"tag-entretenimiento","10":"tag-es","11":"tag-espana","12":"tag-giro","13":"tag-guion","14":"tag-inesperado","15":"tag-isla","16":"tag-las","17":"tag-spain","18":"tag-tv"},"share_on_mastodon":{"url":"https:\/\/pubeurope.com\/@es\/115649465769463308","error":""},"_links":{"self":[{"href":"https:\/\/www.europesays.com\/es\/wp-json\/wp\/v2\/posts\/267033","targetHints":{"allow":["GET"]}}],"collection":[{"href":"https:\/\/www.europesays.com\/es\/wp-json\/wp\/v2\/posts"}],"about":[{"href":"https:\/\/www.europesays.com\/es\/wp-json\/wp\/v2\/types\/post"}],"author":[{"embeddable":true,"href":"https:\/\/www.europesays.com\/es\/wp-json\/wp\/v2\/users\/2"}],"replies":[{"embeddable":true,"href":"https:\/\/www.europesays.com\/es\/wp-json\/wp\/v2\/comments?post=267033"}],"version-history":[{"count":0,"href":"https:\/\/www.europesays.com\/es\/wp-json\/wp\/v2\/posts\/267033\/revisions"}],"wp:featuredmedia":[{"embeddable":true,"href":"https:\/\/www.europesays.com\/es\/wp-json\/wp\/v2\/media\/267034"}],"wp:attachment":[{"href":"https:\/\/www.europesays.com\/es\/wp-json\/wp\/v2\/media?parent=267033"}],"wp:term":[{"taxonomy":"category","embeddable":true,"href":"https:\/\/www.europesays.com\/es\/wp-json\/wp\/v2\/categories?post=267033"},{"taxonomy":"post_tag","embeddable":true,"href":"https:\/\/www.europesays.com\/es\/wp-json\/wp\/v2\/tags?post=267033"}],"curies":[{"name":"wp","href":"https:\/\/api.w.org\/{rel}","templated":true}]}}