{"id":267035,"date":"2025-12-02T10:20:11","date_gmt":"2025-12-02T10:20:11","guid":{"rendered":"https:\/\/www.europesays.com\/es\/267035\/"},"modified":"2025-12-02T10:20:11","modified_gmt":"2025-12-02T10:20:11","slug":"su-mensaje-ecologico-marco-a-una-generacion","status":"publish","type":"post","link":"https:\/\/www.europesays.com\/es\/267035\/","title":{"rendered":"su mensaje ecol\u00f3gico marc\u00f3 a una generaci\u00f3n"},"content":{"rendered":"\n<ul class=\"bodyList bodyList--unordered\">\n<li class=\"bodyList__item\"><strong><a href=\"https:\/\/www.elconfidencial.com\/cultura\/cine\/2025-11-27\/filmin-reestrena-yiyi-4k-5-diciembre-1qrt_4255749\/\" target=\"_self\" rel=\"nofollow noopener\">Cumple 25 a\u00f1os y Filmin la reestrena en 4K: la pel\u00edcula de culto con historias cruzadas que tienes que ver una vez en la vida<\/a><\/strong><\/li>\n<li class=\"bodyList__item\"><strong><a href=\"https:\/\/profile.google.com\/cp\/CgsvZy8xMjI2ZzRoMA\" target=\"_blank\" rel=\"nofollow noopener\">Sigue a El Confidencial en Google Discover para enterarte de todas las noticias<\/a><\/strong><\/li>\n<\/ul>\n<p> Queda solo un d\u00eda para disfrutar en streaming de una de las pel\u00edculas familiares m\u00e1s recordadas de los a\u00f1os 90. Se trata de un cl\u00e1sico del cine infantil, cuyo <a href=\"https:\/\/www.elconfidencial.com\/tags\/otros\/ecologia-6494\/\" target=\"_self\" rel=\"nofollow noopener\">mensaje ecol\u00f3gico<\/a> <strong>sigue resonando tres d\u00e9cadas despu\u00e9s<\/strong>. Su historia sobre la amistad, la libertad y la defensa de los animales contin\u00faa emocionando a quienes crecieron con ella y a las nuevas generaciones que la descubren por primera vez. <\/p>\n<p> El t\u00edtulo al que se refiere esta cuenta atr\u00e1s es Liberad a Willy, estrenada en 1993 y convertida desde entonces en un fen\u00f3meno cultural que marc\u00f3 a toda una generaci\u00f3n. Su trama, centrada en la amistad entre Jesse, un joven con un pasado dif\u00edcil, y Willy, <strong>una orca atrapada en un parque marino<\/strong> en declive, convirti\u00f3 la cinta en un referente para quienes crecieron con relatos sobre respeto animal y conciencia medioambiental. <\/p>\n<p>              <img decoding=\"async\" class=\"inTextNews__img\" alt=\"Foto: thriller-michael-bay-top10-mas-visto-netflix-1qrt\" src=\"https:\/\/www.europesays.com\/es\/wp-content\/uploads\/2025\/12\/f.elconfidencial.com\/original\/350\/50f\/bc8\/35050fbc8f793ef8bf8d3df5176839ca.jpg\"  \/>     <\/p>\n<p>TE PUEDE INTERESAR<\/p>\n<p>      <a class=\"inTextNews__title\" href=\"https:\/\/www.elconfidencial.com\/cultura\/cine\/2025-11-29\/thriller-michael-bay-top10-mas-visto-netflix-1qrt_4256732\/\" onclick=\"window.ECCO.emit(&#039;amplitude&#039;, { dataEventName: &#039;click_related_article_module&#039;, data: { related_article_url: &#039;https:\/\/www.elconfidencial.com\/cultura\/cine\/2025-11-29\/thriller-michael-bay-top10-mas-visto-netflix-1qrt_4256732\/&#039;, related_article_author: &#039;Alberto Richart&#039;, related_article_section: &#039;cine&#039; } })\" rel=\"nofollow noopener\" target=\"_blank\"> \u00abEs un espresso triple\u00bb: Este intenso thriller de Michael Bay pas\u00f3 desapercibido, pero ahora es de lo m\u00e1s visto en Netflix <\/a>   <\/p>\n<p>    A. R.   <\/p>\n<p> La pel\u00edcula, dirigida por Simon Wincer y distribuida por Warner Bros., se consolid\u00f3 como un \u00e9xito internacional al recaudar m\u00e1s de 153 millones de d\u00f3lares, una cifra notable para una producci\u00f3n familiar de la \u00e9poca. A pesar del paso del tiempo, el legado de Liberad a Willy contin\u00faa emocionando. La pel\u00edcula, rodada en localizaciones del Pac\u00edfico Noroeste, <strong>hizo gala de animatr\u00f3nicos<\/strong>, combinados con material filmado al natural. Cr\u00edticos y espectadores destacaron desde su estreno la capacidad del filme para equilibrar emoci\u00f3n, aventura y una mirada cr\u00edtica sobre la <a href=\"https:\/\/www.elconfidencial.com\/salud\/2025-11-21\/cnio-vivotecnia-maltrato-animal_4251307\/\" target=\"_self\" rel=\"nofollow noopener\">explotaci\u00f3n animal<\/a>. <\/p>\n<p>            \u200bSe convirti\u00f3 en saga           <\/p>\n<p> Su impacto fue tal que deriv\u00f3 en <strong>una peque\u00f1a franquicia con tres secuelas<\/strong>, una serie animada y un reboot, adem\u00e1s de afianzar su lugar en la memoria colectiva gracias a escenas ic\u00f3nicas como el salto final sobre el espig\u00f3n, secuencia que se convirti\u00f3 en s\u00edmbolo de la liberaci\u00f3n del personaje. <\/p>\n<blockquote class=\"tiktok-embed\" cite=\"https:\/\/www.tiktok.com\/@netflixanz\/video\/7576263049154186513\" data-video-id=\"7576263049154186513\" style=\"max-width: 605px;min-width: 325px;\"><p>  <a target=\"_blank\" title=\"@netflixanz\" href=\"https:\/\/www.tiktok.com\/@netflixanz?refer=embed\" rel=\"nofollow noopener\">@netflixanz<\/a> This scene still wrecks me \ud83d\ude2d\ud83c\udf0a <a title=\"freewilly\" target=\"_blank\" href=\"https:\/\/www.tiktok.com\/tag\/freewilly?refer=embed\" rel=\"nofollow noopener\">#FreeWilly<\/a><a title=\"whattowatch\" target=\"_blank\" href=\"https:\/\/www.tiktok.com\/tag\/whattowatch?refer=embed\" rel=\"nofollow noopener\">#WhatToWatch<\/a> <a target=\"_blank\" title=\"\u266c original sound  - Netflix Australia &amp; NZ\" href=\"https:\/\/www.tiktok.com\/music\/original-sound-Netflix-Australia-NZ-7576263325432990481?refer=embed\" rel=\"nofollow noopener\">\u266c original sound  &#8211; Netflix Australia &amp; NZ<\/a>  <\/p><\/blockquote>\n<p> <a href=\"https:\/\/www.elconfidencial.com\/tags\/temas\/peliculas-de-netflix-19496\/\" target=\"_self\" rel=\"nofollow noopener\">Netflix<\/a> la retirar\u00e1 de su cat\u00e1logo despu\u00e9s de<strong> este martes, 2 de diciembre<\/strong>, por lo que se trata de un plan perfecto para reconectar con una pel\u00edcula que, sin grandes artificios, logr\u00f3 convertir una aventura infantil en un alegato ecol\u00f3gico que permanece vivo. <\/p>\n<p>         <script async src=\"\/\/www.tiktok.com\/embed.js\"><\/script><\/p>\n","protected":false},"excerpt":{"rendered":"Cumple 25 a\u00f1os y Filmin la reestrena en 4K: la pel\u00edcula de culto con historias cruzadas que tienes&hellip;\n","protected":false},"author":2,"featured_media":267036,"comment_status":"","ping_status":"","sticky":false,"template":"","format":"standard","meta":{"footnotes":""},"categories":[169],"tags":[177,146,147,25,24,176,175,23],"class_list":{"0":"post-267035","1":"post","2":"type-post","3":"status-publish","4":"format-standard","5":"has-post-thumbnail","7":"category-cine","8":"tag-cine","9":"tag-entertainment","10":"tag-entretenimiento","11":"tag-es","12":"tag-espana","13":"tag-film","14":"tag-movies","15":"tag-spain"},"share_on_mastodon":{"url":"https:\/\/pubeurope.com\/@es\/115649474146403912","error":""},"_links":{"self":[{"href":"https:\/\/www.europesays.com\/es\/wp-json\/wp\/v2\/posts\/267035","targetHints":{"allow":["GET"]}}],"collection":[{"href":"https:\/\/www.europesays.com\/es\/wp-json\/wp\/v2\/posts"}],"about":[{"href":"https:\/\/www.europesays.com\/es\/wp-json\/wp\/v2\/types\/post"}],"author":[{"embeddable":true,"href":"https:\/\/www.europesays.com\/es\/wp-json\/wp\/v2\/users\/2"}],"replies":[{"embeddable":true,"href":"https:\/\/www.europesays.com\/es\/wp-json\/wp\/v2\/comments?post=267035"}],"version-history":[{"count":0,"href":"https:\/\/www.europesays.com\/es\/wp-json\/wp\/v2\/posts\/267035\/revisions"}],"wp:featuredmedia":[{"embeddable":true,"href":"https:\/\/www.europesays.com\/es\/wp-json\/wp\/v2\/media\/267036"}],"wp:attachment":[{"href":"https:\/\/www.europesays.com\/es\/wp-json\/wp\/v2\/media?parent=267035"}],"wp:term":[{"taxonomy":"category","embeddable":true,"href":"https:\/\/www.europesays.com\/es\/wp-json\/wp\/v2\/categories?post=267035"},{"taxonomy":"post_tag","embeddable":true,"href":"https:\/\/www.europesays.com\/es\/wp-json\/wp\/v2\/tags?post=267035"}],"curies":[{"name":"wp","href":"https:\/\/api.w.org\/{rel}","templated":true}]}}