{"id":267039,"date":"2025-12-02T10:25:26","date_gmt":"2025-12-02T10:25:26","guid":{"rendered":"https:\/\/www.europesays.com\/es\/267039\/"},"modified":"2025-12-02T10:25:26","modified_gmt":"2025-12-02T10:25:26","slug":"confirma-ministerio-de-salud-publica-fallecimiento-por-arbovirosis-cuba-granma","status":"publish","type":"post","link":"https:\/\/www.europesays.com\/es\/267039\/","title":{"rendered":"Confirma Ministerio de Salud P\u00fablica fallecimiento por arbovirosis \u203a Cuba \u203a Granma"},"content":{"rendered":"<p>El Ministerio de Salud P\u00fablica (Minsap) inform\u00f3 este lunes la confirmaci\u00f3n de 33 fallecidos por arbovirosis en el pa\u00eds, en medio de una situaci\u00f3n epidemiol\u00f3gica compleja, donde el dengue y el chikungunya mantienen una amplia circulaci\u00f3n.<\/p>\n<p>En la revista Buenos D\u00edas, la viceministra Carilda Pe\u00f1a Garc\u00eda, detall\u00f3 que de ese total, 12 muertes corresponden a dengue (7 de ellos menores de 18 a\u00f1os) y 21 a chikungunya (14 menores de 18 a\u00f1os).<\/p>\n<p>Aunque el sistema de vigilancia de s\u00edndrome febril muestra un descenso gr\u00e1fico general, la viceministra alert\u00f3 sobre un grupo de territorios donde la tendencia es al incremento. Adem\u00e1s, explic\u00f3 que \u00abel corredor end\u00e9mico de la fiebre se encuentra en zona de epidemia, excepto el municipio especial Isla de la Juventud y Matanzas, el resto de las provincias muestran un comportamiento hacia la epidemia\u00bb.<\/p>\n<p>Respecto a las enfermedades espec\u00edficas, se reportaron 5 717 casos nuevos de chikungunya en la semana, la gran mayor\u00eda por sospecha cl\u00ednico-epidemiol\u00f3gica. El acumulado hasta el cierre de este domingo es de 38 938 casos, de los cuales 37 678 son sospechas cl\u00ednicas y 1 260 confirmados por PCR.<\/p>\n<p>\u00abEl dengue sigue en las 14 provincias, los 43 municipios y las 51 \u00e1reas de salud\u00bb, precis\u00f3 la Pe\u00f1a Garc\u00eda.<\/p>\n<p>Sobre la estrategia de diagn\u00f3stico, explic\u00f3 la particularidad del sistema cubano: \u00abHemos explicado varias veces que el PCR es la prueba confirmatoria, pero ante una situaci\u00f3n epid\u00e9mica como tenemos en el pa\u00eds, casos con sospechas cl\u00ednicas epidemiol\u00f3gicas\u2026 son casos que nosotros consideramos tambi\u00e9n positivos\u00bb.<\/p>\n<p>En el frente de la lucha antivectorial, se report\u00f3 un incremento en el \u00edndice de infestaci\u00f3n, que alcanza 0,89, con las provincias de Camag\u00fcey, Pinar del R\u00edo, Santiago de Cuba, Sancti Sp\u00edritus y La Habana mostrando los valores m\u00e1s elevados. No obstante, se destac\u00f3 una mejora en el tratamiento adulticida, con un cumplimiento que pas\u00f3 del 79 % al 90 % de lo planificado.<\/p>\n<p>\u00abEso es lo \u00f3ptimo, nosotros tenemos que llegar a lo m\u00e1ximo y tenemos que sobrecumplir\u00bb, recalc\u00f3.<\/p>\n<p>La viceministra finaliz\u00f3 haciendo un llamado de alerta a la poblaci\u00f3n, especialmente a las familias, para reforzar las medidas de control y protecci\u00f3n, en particular con los grupos m\u00e1s vulnerables como los ancianos solos y los menores de un a\u00f1o.<\/p>\n","protected":false},"excerpt":{"rendered":"El Ministerio de Salud P\u00fablica (Minsap) inform\u00f3 este lunes la confirmaci\u00f3n de 33 fallecidos por arbovirosis en el&hellip;\n","protected":false},"author":2,"featured_media":267040,"comment_status":"","ping_status":"","sticky":false,"template":"","format":"standard","meta":{"footnotes":""},"categories":[92],"tags":[1164,24073,25,24,24076,165,6326,10,24074,24077,24075,166,23],"class_list":{"0":"post-267039","1":"post","2":"type-post","3":"status-publish","4":"format-standard","5":"has-post-thumbnail","7":"category-salud","8":"tag-cuba","9":"tag-diario-granma","10":"tag-es","11":"tag-espana","12":"tag-fidel-castro","13":"tag-health","14":"tag-izquierda","15":"tag-noticias","16":"tag-organo-oficial","17":"tag-raul-castro","18":"tag-revolucion-cubana","19":"tag-salud","20":"tag-spain"},"share_on_mastodon":{"url":"https:\/\/pubeurope.com\/@es\/115649493516764321","error":""},"_links":{"self":[{"href":"https:\/\/www.europesays.com\/es\/wp-json\/wp\/v2\/posts\/267039","targetHints":{"allow":["GET"]}}],"collection":[{"href":"https:\/\/www.europesays.com\/es\/wp-json\/wp\/v2\/posts"}],"about":[{"href":"https:\/\/www.europesays.com\/es\/wp-json\/wp\/v2\/types\/post"}],"author":[{"embeddable":true,"href":"https:\/\/www.europesays.com\/es\/wp-json\/wp\/v2\/users\/2"}],"replies":[{"embeddable":true,"href":"https:\/\/www.europesays.com\/es\/wp-json\/wp\/v2\/comments?post=267039"}],"version-history":[{"count":0,"href":"https:\/\/www.europesays.com\/es\/wp-json\/wp\/v2\/posts\/267039\/revisions"}],"wp:featuredmedia":[{"embeddable":true,"href":"https:\/\/www.europesays.com\/es\/wp-json\/wp\/v2\/media\/267040"}],"wp:attachment":[{"href":"https:\/\/www.europesays.com\/es\/wp-json\/wp\/v2\/media?parent=267039"}],"wp:term":[{"taxonomy":"category","embeddable":true,"href":"https:\/\/www.europesays.com\/es\/wp-json\/wp\/v2\/categories?post=267039"},{"taxonomy":"post_tag","embeddable":true,"href":"https:\/\/www.europesays.com\/es\/wp-json\/wp\/v2\/tags?post=267039"}],"curies":[{"name":"wp","href":"https:\/\/api.w.org\/{rel}","templated":true}]}}