{"id":267041,"date":"2025-12-02T10:26:13","date_gmt":"2025-12-02T10:26:13","guid":{"rendered":"https:\/\/www.europesays.com\/es\/267041\/"},"modified":"2025-12-02T10:26:13","modified_gmt":"2025-12-02T10:26:13","slug":"jose-maria-almoguera-debe-cambiar-su-marcapasos","status":"publish","type":"post","link":"https:\/\/www.europesays.com\/es\/267041\/","title":{"rendered":"Jos\u00e9 Mar\u00eda Almoguera debe cambiar su marcapasos"},"content":{"rendered":"<p style=\"\">El clan Campos anda preocupado con la salud de uno de sus miembros m\u00e1s ilustres, como es <a href=\"https:\/\/www.abc.es\/gente\/jose-maria-almoguera-conoce-carlo-costanzia-encuentro-20250919104806-vi.html\" target=\"_self\" data-voc-vtm-id=\"in-text-traffic\" title=\"Jos\u00e9 Mar\u00eda Almoguera\" data-mrf-link=\"www.abc.es\" rel=\"nofollow noopener\">Jos\u00e9 Mar\u00eda Almoguera<\/a>, hijo de<a href=\"https:\/\/www.abc.es\/gente\/sutil-acercamiento-jose-maria-almoguera-madre-carmen-20241026170000-nt.html\" target=\"_self\" data-voc-vtm-id=\"in-text-traffic\" title=\" Carmen Borrego\" data-mrf-link=\"www.abc.es\" rel=\"nofollow noopener\"> Carmen Borrego<\/a>. Y no es algo que venga de ahora, sino de hace lustros. As\u00ed, la periodista Leticia Requejo ha desvelado  &#8230; ahora que <strong>el chico tiene marcapasos desde hace 15 a\u00f1os<\/strong> para controlar una dolencia que le puede provocar arritmias y otras consecuencias m\u00e1s complejas en el coraz\u00f3n, y que <strong>algo est\u00e1 fallando<\/strong>.<\/p>\n<p class=\"voc-p\" style=\"\">La preocupaci\u00f3n por <a href=\"https:\/\/www.abc.es\/gente\/jose-maria-almoguera-rompe-duo-hablar-carmen-20250108111853-nt.html\" target=\"_self\" data-voc-vtm-id=\"in-text-traffic\" title=\"Jos\u00e9 Mar\u00eda Almoguera\" data-mrf-link=\"www.abc.es\" rel=\"nofollow noopener\">Jos\u00e9 Mar\u00eda Almoguera<\/a> ha aumentado estos tiempos tras conocerse que el marcapasos que lleva desde hace 15 a\u00f1os est\u00e1 dando problemas. Es algo que <strong>requiere intervenci\u00f3n urgente<\/strong> y que ha puesto en alerta a familia, amigos y allegados.<\/p>\n<p class=\"voc-p\" style=\"\"><a href=\"https:\/\/www.abc.es\/gente\/jose-maria-almoguera-arremete-madre-carmen-borrego-20240911101714-nt.html\" target=\"_self\" data-voc-vtm-id=\"in-text-traffic\" title=\"El hijo de Carmen Borrego\" data-mrf-link=\"www.abc.es\" rel=\"nofollow noopener\">El hijo de Carmen Borrego<\/a> recibi\u00f3 el diagn\u00f3stico cuando solo ten\u00eda 23 a\u00f1os y desde entonces convive con una enfermedad que <strong>afecta a su ritmo card\u00edaco<\/strong> y que requiere el m\u00e1ximo cuidado, ya que podr\u00eda derivar en arritmias o incluso en una <strong>descompensaci\u00f3n grave del coraz\u00f3n<\/strong>. Y seg\u00fan ha revelado Leticia Requejo en &#8216;El tiempo justo&#8217;, este marcapasos \u00ab<strong>est\u00e1 dando anomal\u00edas<\/strong>\u00bb, algo que ha llevado a los m\u00e9dicos que le atienden a recomendar sustituirlo cuanto antes para evitar consecuencias irreversibles en el sobrino de Terelu Campos.<\/p>\n<p>\nRecibi\u00f3 una llamada de la Fundaci\u00f3n Jim\u00e9nez D\u00edaz\n<\/p>\n<p class=\"voc-p\" style=\"\">Seg\u00fan la periodista, \u00abla semana pasada recibi\u00f3 una llamada diciendo que <strong>hab\u00eda que cambiar urgentemente este marcapasos<\/strong>\u00bb. La llamada proced\u00eda de la Fundaci\u00f3n Jim\u00e9nez D\u00edaz, el centro que supervisa y sigue la evoluci\u00f3n de la dolencia. Jos\u00e9 Mar\u00eda Ammoguera contin\u00faa a la espera de que el hospital <strong>le comunique la fecha exacta de la operaci\u00f3n<\/strong>, por lo que la familia permanece en tensi\u00f3n.<\/p>\n<p class=\"voc-title\">\u00abSi me dan un golpe en el desfibrilador, no me hace ninguna gracia, porque ya no es una broma\u00bb<\/p>\n<p class=\"voc-p\" style=\"\">Es cierto que en este caso el hijo de Carmen Borrego <strong>s\u00ed ha sido muy discreto<\/strong> y casi siempre ha evitado hablar del marcapasos y de su afecci\u00f3n card\u00edaca, se\u00f1al de que es un asunto serio. Hace unos meses pas\u00f3 realiz\u00f3 una se esas peri\u00f3dicas visitas a &#8216;\u00a1De Viernes!&#8217; y explic\u00f3 que la dolencia le obliga a llevar un desfibrilador interno. \u00abA m\u00ed si me dan un golpe en el desfibrilador, no me hace ninguna gracia, porque ya no es una broma. <strong>Es algo que atenta contra mi integridad<\/strong>\u00bb, dijo entonces al respecto.<\/p>\n<p>\nEl fallecimiento de Michu\n<\/p>\n<p class=\"voc-p\" style=\"\">Tras el fallecimiento de Michu por un problema card\u00edaco, <a href=\"https:\/\/www.abc.es\/gente\/jose-maria-almoguera-maria-jerezana-consolidan-historia-20250304122706-vi.html\" target=\"_self\" data-voc-vtm-id=\"in-text-traffic\" title=\"Jos\u00e9 Mar\u00eda Almoguera\" data-mrf-link=\"www.abc.es\" rel=\"nofollow noopener\">Jos\u00e9 Mar\u00eda Almoguera<\/a> record\u00f3 la importancia de prevenir y cuidarse cuando se detecta un problema de coraz\u00f3n, ya que puede agravarse sin previo aviso. \u00ab<strong>Yo tengo una del mismo estilo<\/strong> y es muy complicado saber en qu\u00e9 momento te puede afectar. T\u00fa lo tienes <strong>gen\u00e9tico<\/strong> y una fiebre puede hacer que esto salte y vaya a m\u00e1s\u00bb, indic\u00f3.<\/p>\n<p class=\"voc-p\" style=\"\">No obstante, compa\u00f1eros en Telecinco como Antonio Rossi o Alexia Rivas han intentado restar dramatismo y han destacado que se trata de una operaci\u00f3n com\u00fan: consiste en retirar un desfibrilador y colocar otro mediante <strong>una sencilla incisi\u00f3n<\/strong>. Es una operaci\u00f3n que suele tener muy buen pron\u00f3stico, aunque todo paso por el quir\u00f3fano para tratar afecciones card\u00edacas siempre <strong>genera comprensible respeto<\/strong>.<\/p>\n<p class=\"voc-p\" style=\"\">Leticia Requejo ha asegurado que \u00ab<strong>tanto \u00e9l como su entorno est\u00e1n preocupados<\/strong>\u00bb, algo que se traduce en el silencio de toda la familia Campos respecto a todo que tenga que ver con la dolencia card\u00edaca de Jos\u00e9 Mar\u00eda Almoguera. Es una de sus pocas l\u00edneas rojas. Todos est\u00e1n a la espera de la llamada del hospital.<\/p>\n","protected":false},"excerpt":{"rendered":"El clan Campos anda preocupado con la salud de uno de sus miembros m\u00e1s ilustres, como es Jos\u00e9&hellip;\n","protected":false},"author":2,"featured_media":267042,"comment_status":"","ping_status":"","sticky":false,"template":"","format":"standard","meta":{"footnotes":""},"categories":[91],"tags":[65995,3054,5615,12877,907,146,147,25,24,2467,65996,1932,795,864,23],"class_list":{"0":"post-267041","1":"post","2":"type-post","3":"status-publish","4":"format-standard","5":"has-post-thumbnail","7":"category-entretenimiento","8":"tag-almoguera","9":"tag-cambiar","10":"tag-campos","11":"tag-clan","12":"tag-debe","13":"tag-entertainment","14":"tag-entretenimiento","15":"tag-es","16":"tag-espana","17":"tag-jose","18":"tag-marcapasos","19":"tag-maria","20":"tag-nueva","21":"tag-preocupacion","22":"tag-spain"},"share_on_mastodon":{"url":"https:\/\/pubeurope.com\/@es\/115649497318242826","error":""},"_links":{"self":[{"href":"https:\/\/www.europesays.com\/es\/wp-json\/wp\/v2\/posts\/267041","targetHints":{"allow":["GET"]}}],"collection":[{"href":"https:\/\/www.europesays.com\/es\/wp-json\/wp\/v2\/posts"}],"about":[{"href":"https:\/\/www.europesays.com\/es\/wp-json\/wp\/v2\/types\/post"}],"author":[{"embeddable":true,"href":"https:\/\/www.europesays.com\/es\/wp-json\/wp\/v2\/users\/2"}],"replies":[{"embeddable":true,"href":"https:\/\/www.europesays.com\/es\/wp-json\/wp\/v2\/comments?post=267041"}],"version-history":[{"count":0,"href":"https:\/\/www.europesays.com\/es\/wp-json\/wp\/v2\/posts\/267041\/revisions"}],"wp:featuredmedia":[{"embeddable":true,"href":"https:\/\/www.europesays.com\/es\/wp-json\/wp\/v2\/media\/267042"}],"wp:attachment":[{"href":"https:\/\/www.europesays.com\/es\/wp-json\/wp\/v2\/media?parent=267041"}],"wp:term":[{"taxonomy":"category","embeddable":true,"href":"https:\/\/www.europesays.com\/es\/wp-json\/wp\/v2\/categories?post=267041"},{"taxonomy":"post_tag","embeddable":true,"href":"https:\/\/www.europesays.com\/es\/wp-json\/wp\/v2\/tags?post=267041"}],"curies":[{"name":"wp","href":"https:\/\/api.w.org\/{rel}","templated":true}]}}