{"id":267043,"date":"2025-12-02T10:27:11","date_gmt":"2025-12-02T10:27:11","guid":{"rendered":"https:\/\/www.europesays.com\/es\/267043\/"},"modified":"2025-12-02T10:27:11","modified_gmt":"2025-12-02T10:27:11","slug":"portal-de-noticias-del-gobierno-de-canarias-346","status":"publish","type":"post","link":"https:\/\/www.europesays.com\/es\/267043\/","title":{"rendered":"Portal de Noticias del Gobierno de Canarias"},"content":{"rendered":"<ul>\n<li>\n<blockquote>\n<p>La subvenci\u00f3n a proyectos de innovaci\u00f3n en \u00e1reas estrat\u00e9gicas de la RIS3 Ampliada impulsa la I+D+i aeroespacial en el archipi\u00e9lago<\/p>\n<\/blockquote>\n<\/li>\n<\/ul>\n<p><strong>RICTEL SA se encuentra entre las diez empresas beneficiarias de las subvenciones otorgadas por la Consejer\u00eda de Universidades, Ciencia, Innovaci\u00f3n y Cultura del Gobierno de Canarias. Estas ayudas est\u00e1n destinadas a proyectos de innovaci\u00f3n en \u00e1reas estrat\u00e9gicas de la RIS3 Ampliada y cuentan con una cofinanciaci\u00f3n del 85% por parte de la Uni\u00f3n Europea a trav\u00e9s del Programa FEDER Canarias 2021-2027.<\/strong><\/p>\n<p>Gracias a esta subvenci\u00f3n, la compa\u00f1\u00eda desarrollar\u00e1 el proyecto de innovaci\u00f3n \u2018ASTEROIDE-SPAD: Espectroscop\u00eda para Miner\u00eda Espacial y Defensa Planetaria\u2019. El proyecto busca incorporar la espectroscop\u00eda, t\u00e9cnica que permite descomponer la luz de un objeto celeste en sus distintas longitudes de onda, revelando informaci\u00f3n crucial sobre su composici\u00f3n qu\u00edmica, temperatura, velocidad, contenido de metales o agua y otros par\u00e1metros f\u00edsicos esenciales.<\/p>\n<p>Para ello, RICTEL SA colaborar\u00e1 con la Liverpool John Moores University (LJMU) en el redise\u00f1o y adaptaci\u00f3n del espectr\u00f3grafo LOTUS, previamente operativo en el telescopio Liverpool de La Palma. Este trabajo conjunto dar\u00e1 lugar a LOTUS-X, una versi\u00f3n m\u00e1s compacta, robusta y optimizada del instrumento, que se instalar\u00e1 en uno de los focos Nasmyth libres del TTT3.<\/p>\n<p>La subvenci\u00f3n concedida asciende a 291.600 euros, y el proyecto se desarrollar\u00e1 en un plazo de 18 meses, entre mayo de 2025 y octubre de 2026.<\/p>\n<p>El proyecto ASTEROIDE-SPAD se alinea con las \u00e1reas prioritarias de industria de astrof\u00edsica, espacio y aeron\u00e1utica definidas en la Estrategia RIS3 Ampliada, contribuyendo al avance de la investigaci\u00f3n y la tecnolog\u00eda espacial en Canarias.<\/p>\n<p>Pie de foto: El Telescopio Liverpool en el Observatorio del Roque de los Muchachos. Cr\u00e9ditos: Daniel L\u00f3pez \/ IAC<\/p>\n","protected":false},"excerpt":{"rendered":"La subvenci\u00f3n a proyectos de innovaci\u00f3n en \u00e1reas estrat\u00e9gicas de la RIS3 Ampliada impulsa la I+D+i aeroespacial en&hellip;\n","protected":false},"author":2,"featured_media":267044,"comment_status":"","ping_status":"","sticky":false,"template":"","format":"standard","meta":{"footnotes":""},"categories":[81],"tags":[119,123,124,25,24,117,121,122,23,118,120],"class_list":{"0":"post-267043","1":"post","2":"type-post","3":"status-publish","4":"format-standard","5":"has-post-thumbnail","7":"category-ciencia-y-tecnologia","8":"tag-ciencia","9":"tag-ciencia-y-tecnologia","10":"tag-cienciaytecnologia","11":"tag-es","12":"tag-espana","13":"tag-science","14":"tag-science-and-technology","15":"tag-scienceandtechnology","16":"tag-spain","17":"tag-technology","18":"tag-tecnologia"},"share_on_mastodon":{"url":"https:\/\/pubeurope.com\/@es\/115649501221838983","error":""},"_links":{"self":[{"href":"https:\/\/www.europesays.com\/es\/wp-json\/wp\/v2\/posts\/267043","targetHints":{"allow":["GET"]}}],"collection":[{"href":"https:\/\/www.europesays.com\/es\/wp-json\/wp\/v2\/posts"}],"about":[{"href":"https:\/\/www.europesays.com\/es\/wp-json\/wp\/v2\/types\/post"}],"author":[{"embeddable":true,"href":"https:\/\/www.europesays.com\/es\/wp-json\/wp\/v2\/users\/2"}],"replies":[{"embeddable":true,"href":"https:\/\/www.europesays.com\/es\/wp-json\/wp\/v2\/comments?post=267043"}],"version-history":[{"count":0,"href":"https:\/\/www.europesays.com\/es\/wp-json\/wp\/v2\/posts\/267043\/revisions"}],"wp:featuredmedia":[{"embeddable":true,"href":"https:\/\/www.europesays.com\/es\/wp-json\/wp\/v2\/media\/267044"}],"wp:attachment":[{"href":"https:\/\/www.europesays.com\/es\/wp-json\/wp\/v2\/media?parent=267043"}],"wp:term":[{"taxonomy":"category","embeddable":true,"href":"https:\/\/www.europesays.com\/es\/wp-json\/wp\/v2\/categories?post=267043"},{"taxonomy":"post_tag","embeddable":true,"href":"https:\/\/www.europesays.com\/es\/wp-json\/wp\/v2\/tags?post=267043"}],"curies":[{"name":"wp","href":"https:\/\/api.w.org\/{rel}","templated":true}]}}