{"id":267047,"date":"2025-12-02T10:29:12","date_gmt":"2025-12-02T10:29:12","guid":{"rendered":"https:\/\/www.europesays.com\/es\/267047\/"},"modified":"2025-12-02T10:29:12","modified_gmt":"2025-12-02T10:29:12","slug":"la-jornada-maduro-advierte-a-estados-unidos-no-nos-podran-sacar-jamas","status":"publish","type":"post","link":"https:\/\/www.europesays.com\/es\/267047\/","title":{"rendered":"La Jornada &#8211; Maduro advierte a Estados Unidos: \u201cno nos podr\u00e1n sacar jam\u00e1s\u201d"},"content":{"rendered":"<p class=\"nota-justify\" lang=\"es-ES\">Caracas. El presidente de Venezuela, Nicol\u00e1s Maduro, asegur\u00f3 este lunes ante una movilizaci\u00f3n multitudinaria frente al Palacio de Miraflores que no podr\u00e1n sacarlo jam\u00e1s y que nunca les fallar\u00e1 ni al comandante Hugo Ch\u00e1vez (1954-2013) ni al pueblo.<\/p>\n<p class=\"nota-justify\" lang=\"es-ES\">Estas declaraciones se dan en un contexto de m\u00e1xima amenaza por parte del gobierno de su par estadunidense, Donald Trump, quien asegur\u00f3 hace pocos d\u00edas que \u201cpronto\u201d ordenar\u00eda ataques en tierra contra lo que denomina \u201cgrupos narcotraficantes\u201d que reiteradamente ha asociado con el gobierno de Venezuela.<\/p>\n<p class=\"nota-justify\" lang=\"es-ES\">Maduro y Trump sostuvieron una conversaci\u00f3n telef\u00f3nica hace poco m\u00e1s de una semana, aunque los detalles de la misma no han trascendido. Sin embargo, se ha especulado que desde Washington habr\u00edan emplazado a Maduro a abandonar el poder. Por eso estas declaraciones del l\u00edder bolivariano revisten especial importancia.<\/p>\n<p class=\"nota-justify\" lang=\"es-ES\">\u201cNo nos han sacado, con su terrorismo sicol\u00f3gico, ni un cent\u00edmetro del camino correcto donde debemos seguir andando siempre; jam\u00e1s, sea la circunstancia que nos toque vivir, jam\u00e1s nos van a sacar del camino de construir la patria potencia que se merece este pueblo, no nos podr\u00e1n sacar jam\u00e1s\u201d, exclam\u00f3 ante miles de militantes del Partido Socialista Unificado de Venezuela (PSUV).<\/p>\n<p class=\"nota-justify\" lang=\"es-ES\">Maduro tambi\u00e9n afirm\u00f3 que durante las 22 semanas que lleva el asedio estadunidense contra su pa\u00eds, el pueblo venezolano se ha puesto a prueba y hoy est\u00e1 \u201cen un punto de capacidad defensiva integral que nunca antes tuvimos\u201d, y asever\u00f3 que Venezuela no quiere la \u201cpaz de los esclavos\u201d.<\/p>\n<p class=\"nota-justify\" lang=\"es-ES\">Asegur\u00f3 que el pueblo venezolano est\u00e1 listo para luchar por la patria y precis\u00f3 que durante las jornadas de alistamiento y entrenamiento voluntario se alistaron y prepararon m\u00e1s de 6 millones 200 mil milicianos y milicianas.<\/p>\n<p class=\"nota-justify\" lang=\"es-ES\">El ambiente en Venezuela se ha puesto m\u00e1s tenso desde que Trump public\u00f3 un mensaje declarando de facto cerrado el espacio a\u00e9reo venezolano, lo cual hizo que parte de la opini\u00f3n p\u00fablica especulara sobre un posible ataque inminente. Sin embargo, el gobierno ha garantizado la normalidad de absolutamente todas las actividades nacionales, incluyendo los servicios a\u00e9reos.<\/p>\n<p class=\"nota-justify\" lang=\"es-ES\"><strong>Investigaci\u00f3n parlamentaria<\/strong><\/p>\n<p class=\"nota-justify\" lang=\"es-ES\">La sesi\u00f3n de la Asamblea Nacional para designar una comisi\u00f3n parlamentaria que investigue las muertes de pescadores venezolanos bajo ataques de militares estadunidenses en el Caribe, que se ten\u00eda prevista ocurriera el lunes, fue movida para el martes 2 de diciembre, por lo que tendr\u00e1 lugar dentro del calendario de sesiones ordinarias.<\/p>\n<p class=\"nota-justify\" lang=\"es-ES\"><strong>Intereses en el terreno<\/strong><\/p>\n<p class=\"nota-justify\" lang=\"es-ES\">Desde la llegada al poder de Trump en enero pasado, las relaciones entre Estados Unidos y Venezuela se han deteriorado aceleradamente, despu\u00e9s de que con la administraci\u00f3n de Joe Biden se dieron pasos hacia un mecanismo de di\u00e1logo que permiti\u00f3 la flexibilizaci\u00f3n de algunas sanciones econ\u00f3micas. Es el caso de las licencias otorgadas a la petrolera estadunidense Chevron, que ha mantenido negocios en el pa\u00eds desde hace m\u00e1s de cien a\u00f1os y a\u00fan hoy representa un capital estadunidense productivo en Venezuela. De hecho, Trump suspendi\u00f3 esa licencia, pero solo para m\u00e1s tarde sustituirla por otra de car\u00e1cter reservado.<\/p>\n<p class=\"nota-justify\" lang=\"es-ES\">Hoy Chevron produce alrededor de 240 mil barriles de petr\u00f3leo diarios en Venezuela, de los cuales env\u00eda a Estados Unidos 111 mil 150 barriles por d\u00eda, seg\u00fan datos del Departamento de Energ\u00eda de Estados Unidos. Adem\u00e1s, las inversiones de Chevron en el pa\u00eds se estiman en 10 mil millones de d\u00f3lares con planes hasta al menos el a\u00f1o 2047.<\/p>\n","protected":false},"excerpt":{"rendered":"Caracas. El presidente de Venezuela, Nicol\u00e1s Maduro, asegur\u00f3 este lunes ante una movilizaci\u00f3n multitudinaria frente al Palacio de&hellip;\n","protected":false},"author":2,"featured_media":267048,"comment_status":"","ping_status":"","sticky":false,"template":"","format":"standard","meta":{"footnotes":""},"categories":[42],"tags":[17,18,352,629,13,14,11,61,62,63,64,19,20,9,1194,7080,10,15,16,1195,12,21,22,1192,65,66,67],"class_list":{"0":"post-267047","1":"post","2":"type-post","3":"status-publish","4":"format-standard","5":"has-post-thumbnail","7":"category-internacional","8":"tag-breaking-news","9":"tag-breakingnews","10":"tag-donald-trump","11":"tag-estados-unidos","12":"tag-featured-news","13":"tag-featurednews","14":"tag-headlines","15":"tag-internacional","16":"tag-international","17":"tag-international-news","18":"tag-internationalnews","19":"tag-latest-news","20":"tag-latestnews","21":"tag-news","22":"tag-nicolas-maduro","23":"tag-noticia","24":"tag-noticias","25":"tag-noticias-destacadas","26":"tag-noticiasdestacadas","27":"tag-petroleo","28":"tag-titulares","29":"tag-ultimas-noticias","30":"tag-ultimasnoticias","31":"tag-venezuela","32":"tag-world","33":"tag-world-news","34":"tag-worldnews"},"share_on_mastodon":{"url":"https:\/\/pubeurope.com\/@es\/115649509162142214","error":""},"_links":{"self":[{"href":"https:\/\/www.europesays.com\/es\/wp-json\/wp\/v2\/posts\/267047","targetHints":{"allow":["GET"]}}],"collection":[{"href":"https:\/\/www.europesays.com\/es\/wp-json\/wp\/v2\/posts"}],"about":[{"href":"https:\/\/www.europesays.com\/es\/wp-json\/wp\/v2\/types\/post"}],"author":[{"embeddable":true,"href":"https:\/\/www.europesays.com\/es\/wp-json\/wp\/v2\/users\/2"}],"replies":[{"embeddable":true,"href":"https:\/\/www.europesays.com\/es\/wp-json\/wp\/v2\/comments?post=267047"}],"version-history":[{"count":0,"href":"https:\/\/www.europesays.com\/es\/wp-json\/wp\/v2\/posts\/267047\/revisions"}],"wp:featuredmedia":[{"embeddable":true,"href":"https:\/\/www.europesays.com\/es\/wp-json\/wp\/v2\/media\/267048"}],"wp:attachment":[{"href":"https:\/\/www.europesays.com\/es\/wp-json\/wp\/v2\/media?parent=267047"}],"wp:term":[{"taxonomy":"category","embeddable":true,"href":"https:\/\/www.europesays.com\/es\/wp-json\/wp\/v2\/categories?post=267047"},{"taxonomy":"post_tag","embeddable":true,"href":"https:\/\/www.europesays.com\/es\/wp-json\/wp\/v2\/tags?post=267047"}],"curies":[{"name":"wp","href":"https:\/\/api.w.org\/{rel}","templated":true}]}}