{"id":267049,"date":"2025-12-02T10:30:16","date_gmt":"2025-12-02T10:30:16","guid":{"rendered":"https:\/\/www.europesays.com\/es\/267049\/"},"modified":"2025-12-02T10:30:16","modified_gmt":"2025-12-02T10:30:16","slug":"incendio-en-un-bloque-de-viviendas-de-toledo-donde-podria-haber-personas-atrapadas-ser-toledo","status":"publish","type":"post","link":"https:\/\/www.europesays.com\/es\/267049\/","title":{"rendered":"Incendio en un bloque de viviendas de Toledo, donde podr\u00eda haber personas atrapadas | SER Toledo"},"content":{"rendered":"<p>Un incendio declarado pasadas las 9:00 horas de esta ma\u00f1ana en un edificio de cinco plantas del barrio de Buenavista, en Toledo, mantiene desplegado un amplio operativo de emergencias ante la posibilidad de que a\u00fan haya personas atrapadas en las plantas superiores.<\/p>\n<p>El fuego se ha originado en la primera planta del inmueble y, pocos minutos despu\u00e9s, se ha producido una explosi\u00f3n por causas que a\u00fan se investigan. Las llamas siguen siendo visibles desde la ventana del piso afectado.<\/p>\n<p><img decoding=\"async\" src=\"https:\/\/www.europesays.com\/es\/wp-content\/uploads\/2025\/12\/IM6PLKJOVVCUTNNCWUYRYTKTZA.jpeg\" width=\"16\" height=\"9\"  loading=\"lazy\"\/><\/p>\n<p>Alejandro Mart\u00edn Carrillo<\/p>\n<p>Ampliar<img decoding=\"async\" src=\"https:\/\/www.europesays.com\/es\/wp-content\/uploads\/2025\/12\/1764671412_387_IM6PLKJOVVCUTNNCWUYRYTKTZA.jpeg\" width=\"16\" height=\"9\" loading=\"lazy\"\/><\/p>\n<p>Alejandro Mart\u00edn Carrillo<\/p>\n<p>Cerrar<\/p>\n<p>Al menos dos personas han sido atendidas por inhalaci\u00f3n de humo y una de ellas ha sido trasladada en una UVI m\u00f3vil al Hospital Universitario de Toledo. Por el momento, no han trascendido m\u00e1s datos sobre posibles heridos. <\/p>\n<p><img decoding=\"async\" src=\"https:\/\/www.europesays.com\/es\/wp-content\/uploads\/2025\/12\/DOBIAX4CIJA5PHZ6TOXLIBLOFU.jpeg\" width=\"16\" height=\"9\"  loading=\"lazy\"\/><\/p>\n<p>Alejandro Mart\u00edn Carrillo<\/p>\n<p>Ampliar<img decoding=\"async\" src=\"https:\/\/www.europesays.com\/es\/wp-content\/uploads\/2025\/12\/1764671416_432_DOBIAX4CIJA5PHZ6TOXLIBLOFU.jpeg\" width=\"16\" height=\"9\" loading=\"lazy\"\/><\/p>\n<p>Alejandro Mart\u00edn Carrillo<\/p>\n<p>Cerrar<\/p>\n<p>En la zona trabajan dos dotaciones de Bomberos del Parque de Toledo, que contin\u00faan con las labores de extinci\u00f3n y refresco para evitar la propagaci\u00f3n del incendio. Tambi\u00e9n se han movilizado cuatro ambulancias, una UVI m\u00f3vil, adem\u00e1s de efectivos de la Polic\u00eda Local y la Polic\u00eda Nacional.<\/p>\n<p>Los servicios de emergencia mantienen el dispositivo activo hasta descartar la presencia de personas atrapadas.<\/p>\n<p>Seguimos trabajando para ampliar esta informaci\u00f3n.<\/p>\n","protected":false},"excerpt":{"rendered":"Un incendio declarado pasadas las 9:00 horas de esta ma\u00f1ana en un edificio de cinco plantas del barrio&hellip;\n","protected":false},"author":2,"featured_media":267050,"comment_status":"","ping_status":"","sticky":false,"template":"","format":"standard","meta":{"footnotes":""},"categories":[8],"tags":[17,18,25,24,13,14,11,19,20,9,10,15,16,23,12,21,22],"class_list":{"0":"post-267049","1":"post","2":"type-post","3":"status-publish","4":"format-standard","5":"has-post-thumbnail","7":"category-espana","8":"tag-breaking-news","9":"tag-breakingnews","10":"tag-es","11":"tag-espana","12":"tag-featured-news","13":"tag-featurednews","14":"tag-headlines","15":"tag-latest-news","16":"tag-latestnews","17":"tag-news","18":"tag-noticias","19":"tag-noticias-destacadas","20":"tag-noticiasdestacadas","21":"tag-spain","22":"tag-titulares","23":"tag-ultimas-noticias","24":"tag-ultimasnoticias"},"share_on_mastodon":{"url":"https:\/\/pubeurope.com\/@es\/115649513722161995","error":""},"_links":{"self":[{"href":"https:\/\/www.europesays.com\/es\/wp-json\/wp\/v2\/posts\/267049","targetHints":{"allow":["GET"]}}],"collection":[{"href":"https:\/\/www.europesays.com\/es\/wp-json\/wp\/v2\/posts"}],"about":[{"href":"https:\/\/www.europesays.com\/es\/wp-json\/wp\/v2\/types\/post"}],"author":[{"embeddable":true,"href":"https:\/\/www.europesays.com\/es\/wp-json\/wp\/v2\/users\/2"}],"replies":[{"embeddable":true,"href":"https:\/\/www.europesays.com\/es\/wp-json\/wp\/v2\/comments?post=267049"}],"version-history":[{"count":0,"href":"https:\/\/www.europesays.com\/es\/wp-json\/wp\/v2\/posts\/267049\/revisions"}],"wp:featuredmedia":[{"embeddable":true,"href":"https:\/\/www.europesays.com\/es\/wp-json\/wp\/v2\/media\/267050"}],"wp:attachment":[{"href":"https:\/\/www.europesays.com\/es\/wp-json\/wp\/v2\/media?parent=267049"}],"wp:term":[{"taxonomy":"category","embeddable":true,"href":"https:\/\/www.europesays.com\/es\/wp-json\/wp\/v2\/categories?post=267049"},{"taxonomy":"post_tag","embeddable":true,"href":"https:\/\/www.europesays.com\/es\/wp-json\/wp\/v2\/tags?post=267049"}],"curies":[{"name":"wp","href":"https:\/\/api.w.org\/{rel}","templated":true}]}}