{"id":267051,"date":"2025-12-02T10:31:10","date_gmt":"2025-12-02T10:31:10","guid":{"rendered":"https:\/\/www.europesays.com\/es\/267051\/"},"modified":"2025-12-02T10:31:10","modified_gmt":"2025-12-02T10:31:10","slug":"la-ubu-presente-en-el-encuentro-internacional-erasmus-para-promover-los-valores-europeos-y-el-compromiso-civico","status":"publish","type":"post","link":"https:\/\/www.europesays.com\/es\/267051\/","title":{"rendered":"La UBU, presente en el encuentro internacional Erasmus+ para promover los valores europeos y el compromiso c\u00edvico"},"content":{"rendered":"\n<p>La UBU, presente en el encuentro internacional Erasmus+ para promover los valores europeos y el compromiso c\u00edvico<br \/>La Universidad de Burgos ha estado presente en la Training and Cooperation Activity (TCA) titulado <a href=\"https:\/\/eu.daad.de\/service\/veranstaltungen\/2025\/de\/88771-tca-encouraging-active-citizenship-and-commitment-through-students-promotion-of-european-values\/\" rel=\"nofollow noopener\" target=\"_blank\">\u201cEncouraging Active Citizenship and Commitment through Students\u2019 Promotion of European Values\u201d<\/a>, celebrado en <strong>Hamburgo <\/strong>del 27 al 29 de noviembre de 2025. Este encuentro, organizado por la <strong>Agencia Nacional Erasmus+ alemana <\/strong>(DAAD) con el apoyo de la Comisi\u00f3n Europea, reuni\u00f3 a representantes de instituciones de educaci\u00f3n superior, profesorado y estudiantes para reflexionar sobre c\u00f3mo promover los<strong> valores europeos<\/strong> y la participaci\u00f3n activa en la sociedad.\u00a0<\/p>\n<p><a href=\"https:\/\/www.europesays.com\/es\/wp-content\/uploads\/2025\/12\/2025-11-27 TCA RUNEU Sergio P\u00e9rez Casta\u00f1os 004.JPG\" class=\"colorbox\" data-colorbox-gallery=\"ckeditor-colorbox-inline\"><img decoding=\"async\" class=\"image-insert__auto align-left\" src=\"https:\/\/www.europesays.com\/es\/wp-content\/uploads\/2025\/12\/2025-11-27 TCA RUNEU Sergio P\u00e9rez Casta\u00f1os 004.JPG\" data-entity-uuid=\"insert-auto-aac0511b-6ebb-4c3e-a9c5-cabcfd429ad4\" data-entity-type=\"file\" alt=\"\" width=\"395\" height=\"296\" loading=\"lazy\"\/><\/a><\/p>\n<p>El profesor de Ciencia Pol\u00edtica <a href=\"https:\/\/investigacion.ubu.es\/investigadores\/35427\/detalle?lang=en\" rel=\"nofollow noopener\" target=\"_blank\">Sergio P\u00e9rez Casta\u00f1os<\/a>, de la Facultad de Derecho, particip\u00f3 en este foro internacional, tras haber sido <strong>seleccionado <\/strong>por el Servicio espa\u00f1ol para la internacionalizaci\u00f3n de la educaci\u00f3n (<strong>SEPIE<\/strong>) entre varios candidatos. El profesor Casta\u00f1os intervino como ponente en la mesa redonda \u201cSharing European values \u2013 how to get out of the Erasmus+ bubble?\u201d, donde abord\u00f3 la necesidad de ir <strong>m\u00e1s all\u00e1 de las movilidades tradicionales<\/strong> del programa Erasmus+, explorando estrategias para conectar la experiencia internacional con el compromiso c\u00edvico y la construcci\u00f3n de ciudadan\u00eda europea. Los participantes mostraron gran inter\u00e9s por las <strong>buenas pr\u00e1cticas de la Alianza RUN-EU<\/strong>, como la realizaci\u00f3n conjunta <strong>cursos <\/strong>cortos de aprendizaje que han impulsado los valores europeos (SAP Short Advanced programme) y realizado por m\u00e1s de <strong>400 estudiantes de las 10 universidades<\/strong> RUN-EU (<a href=\"https:\/\/run-eu.eu\/2024\/12\/19\/sap-navigating-eu-values-in-eu-institutions\/\" rel=\"nofollow noopener\" target=\"_blank\">Navigating EU Values in EU Institutions<\/a>, <a href=\"https:\/\/run.eu\/products\/sap-eurpower-02\" rel=\"nofollow noopener\" target=\"_blank\">Eurovalues nexus: Empowering European Citizens<\/a>, <a href=\"https:\/\/run-eu.eu\/2025\/02\/20\/sap-how-to-become-a-true-ambassador-for-run-eu-2nd-edition\/\" rel=\"nofollow noopener\" target=\"_blank\">SAP \u2018How to Become a True Ambassador for RUN-EU\u2019<\/a> , <a href=\"https:\/\/run.eu\/products\/sap-mootcort-01\" rel=\"nofollow noopener\" target=\"_blank\">Moot Court on European Values<\/a> \u00a0y otros cursos europeos de pr\u00f3xima realizaci\u00f3n como el que lidera el profesor P\u00e9rez Casta\u00f1os <a href=\"https:\/\/run.eu\/products\/sap-deciemch-01\" rel=\"nofollow noopener\" target=\"_blank\">\u201cDemocracy, Citizenship, and Emerging Challenges: European Values at risk?\u00bb<\/a>, que se desarrollar\u00e1 presencialmente en <strong>abril<\/strong> en Burgos.<\/p>\n<p>Las jornadas se inauguraron con la bienvenida institucional y la intervenci\u00f3n de la <strong>Comisi\u00f3n Europea<\/strong>, seguida de una reflexi\u00f3n sobre la perspectiva estudiantil en relaci\u00f3n con el compromiso c\u00edvico y el <strong>papel del programa Erasmus+<\/strong>. Tambi\u00e9n se present\u00f3 el proyecto LTA PEACE+, centrado en los valores europeos y la tarea de la ciudadan\u00eda activa. Esa misma jornada, tuvieron lugar varios <strong>talleres <\/strong>participativos en los que estudiantes, profesorado y personal universitario compartieron experiencias y retos comunes, identificando soluciones para promover los valores europeos en sus respectivas instituciones.<\/p>\n<p><a href=\"https:\/\/www.europesays.com\/es\/wp-content\/uploads\/2025\/12\/2025-11-27 TCA RUNEU Sergio P\u00e9rez Casta\u00f1os 003.JPG\" class=\"colorbox\" data-colorbox-gallery=\"ckeditor-colorbox-inline\"><img decoding=\"async\" class=\"image-insert__auto align-right\" src=\"https:\/\/www.europesays.com\/es\/wp-content\/uploads\/2025\/12\/2025-11-27 TCA RUNEU Sergio P\u00e9rez Casta\u00f1os 003.JPG\" data-entity-uuid=\"insert-auto-e4259f62-983c-4a84-b5c6-d3454a8d8492\" data-entity-type=\"file\" alt=\"\" width=\"399\" height=\"299\" loading=\"lazy\"\/><\/a><\/p>\n<p>La segunda jornada comenz\u00f3 con una conferencia que analiz\u00f3 los <strong>desaf\u00edos actuales para Europa<\/strong> en un contexto global cambiante. A continuaci\u00f3n, tuvo lugar la mesa redonda en la que particip\u00f3 el profesor P\u00e9rez Casta\u00f1os junto a expertos del European University Institute y representantes de redes estudiantiles, debatiendo c\u00f3mo salir de la \u201cburbuja Erasmus+\u201d y proyectar los valores europeos hacia la sociedad. \u00a0Ya por la tarde, se desarrollaron <strong>talleres creativos<\/strong> orientados a dise\u00f1ar proyectos concretos para difundir la idea de ciudadan\u00eda activa y reforzar la misi\u00f3n c\u00edvica de las universidades.\u00a0<\/p>\n<p>El \u00faltimo d\u00eda se centr\u00f3 en la <strong>mejora de las experiencias de movilidad<\/strong> mediante la implicaci\u00f3n con comunidades locales. Las sesiones finales permitieron recoger conclusiones y presentar los resultados de los talleres, con el objetivo de garantizar que las ideas trabajadas durante el encuentro generen impacto m\u00e1s all\u00e1 del evento. \u00a0<\/p>\n<p>La participaci\u00f3n de la Universidad de Burgos en esta TCA refuerza su <strong>compromiso con la internacionalizaci\u00f3n<\/strong> y con una educaci\u00f3n superior orientada a la democracia, la inclusi\u00f3n y la ciudadan\u00eda activa. Este tipo de iniciativas contribuyen a que estudiantes y profesorado se conviertan en agentes de cambio en la defensa de los valores europeos.<\/p>\n","protected":false},"excerpt":{"rendered":"La UBU, presente en el encuentro internacional Erasmus+ para promover los valores europeos y el compromiso c\u00edvicoLa Universidad&hellip;\n","protected":false},"author":2,"featured_media":267052,"comment_status":"","ping_status":"","sticky":false,"template":"","format":"standard","meta":{"footnotes":""},"categories":[5],"tags":[17,18,25,24,13,14,11,19,20,9,10,15,16,23,12,21,22],"class_list":{"0":"post-267051","1":"post","2":"type-post","3":"status-publish","4":"format-standard","5":"has-post-thumbnail","7":"category-titulares","8":"tag-breaking-news","9":"tag-breakingnews","10":"tag-es","11":"tag-espana","12":"tag-featured-news","13":"tag-featurednews","14":"tag-headlines","15":"tag-latest-news","16":"tag-latestnews","17":"tag-news","18":"tag-noticias","19":"tag-noticias-destacadas","20":"tag-noticiasdestacadas","21":"tag-spain","22":"tag-titulares","23":"tag-ultimas-noticias","24":"tag-ultimasnoticias"},"share_on_mastodon":{"url":"https:\/\/pubeurope.com\/@es\/115649516968583348","error":""},"_links":{"self":[{"href":"https:\/\/www.europesays.com\/es\/wp-json\/wp\/v2\/posts\/267051","targetHints":{"allow":["GET"]}}],"collection":[{"href":"https:\/\/www.europesays.com\/es\/wp-json\/wp\/v2\/posts"}],"about":[{"href":"https:\/\/www.europesays.com\/es\/wp-json\/wp\/v2\/types\/post"}],"author":[{"embeddable":true,"href":"https:\/\/www.europesays.com\/es\/wp-json\/wp\/v2\/users\/2"}],"replies":[{"embeddable":true,"href":"https:\/\/www.europesays.com\/es\/wp-json\/wp\/v2\/comments?post=267051"}],"version-history":[{"count":0,"href":"https:\/\/www.europesays.com\/es\/wp-json\/wp\/v2\/posts\/267051\/revisions"}],"wp:featuredmedia":[{"embeddable":true,"href":"https:\/\/www.europesays.com\/es\/wp-json\/wp\/v2\/media\/267052"}],"wp:attachment":[{"href":"https:\/\/www.europesays.com\/es\/wp-json\/wp\/v2\/media?parent=267051"}],"wp:term":[{"taxonomy":"category","embeddable":true,"href":"https:\/\/www.europesays.com\/es\/wp-json\/wp\/v2\/categories?post=267051"},{"taxonomy":"post_tag","embeddable":true,"href":"https:\/\/www.europesays.com\/es\/wp-json\/wp\/v2\/tags?post=267051"}],"curies":[{"name":"wp","href":"https:\/\/api.w.org\/{rel}","templated":true}]}}