{"id":267055,"date":"2025-12-02T10:39:11","date_gmt":"2025-12-02T10:39:11","guid":{"rendered":"https:\/\/www.europesays.com\/es\/267055\/"},"modified":"2025-12-02T10:39:11","modified_gmt":"2025-12-02T10:39:11","slug":"ignacio-rosa-fichaje-de-urgencia-del-hestia-menorca","status":"publish","type":"post","link":"https:\/\/www.europesays.com\/es\/267055\/","title":{"rendered":"Ignacio Rosa, fichaje de urgencia del Hestia Menorca"},"content":{"rendered":"<p>No hay manera de que el preparador del <a href=\"https:\/\/www.menorca.info\/etiqueta\/Hestia+Menorca.html?utm_source=Inline-tag&amp;utm_medium=internal\" rel=\"nofollow noopener\" target=\"_blank\">Hestia Menorca<\/a>, Javier Zamora, logre tener y mantener un \u2018r\u00f3ster\u2019 fijo y determinado con el que empezar a trabajar ya t\u00e1cticamente y en cuanto a roles de cara a comenzar a ver una identidad del cuadro insular. A las<strong> lesiones de sus bases Pol Figueras y Pol Molins<\/strong>\u2013 resueltas con las<strong> llegadas de los ACB Thad McFadden y Fer Zurbriggen<\/strong>\u2013 se le a\u00f1ade ahora otro movimiento; en este caso, en la pintura. El club se ha movido r\u00e1pido tras la<a title=\"El jugador del Hestia Menorca Fynn Schott se fractura un dedo con la selecci\u00f3n austriaca\" href=\"https:\/\/www.menorca.info\/deportes\/baloncesto\/2025\/11\/28\/2520953\/jugador-del-hestia-menorca-fynn-schott-fractura-dedo-seleccion-austriaca.html?utm_source=Related&amp;utm_medium=internal\" data-model=\"Noticia\" data-value=\"2520953\" rel=\"nofollow noopener\" target=\"_blank\"> lesi\u00f3n del p\u00edvot austr\u00edaco, Fynn Schott<\/a>\u2013 que estar\u00e1 unos dos meses de baja a causa de la fractura del dedo anular de la mano derecha\u2013 y este domingo <a title=\"Ignacio Rosa, el recambio de Fynn Schott para el Hestia\" href=\"https:\/\/www.menorca.info\/deportes\/baloncesto\/2025\/11\/30\/2522469\/cuatro-espanol-para-lesionado-fynn-schott.html?utm_source=Related&amp;utm_medium=internal\" data-model=\"Noticia\" data-value=\"2522469\" rel=\"nofollow noopener\" target=\"_blank\">anunci\u00f3 la llegada del \u2018cuatro\u2019 espa\u00f1ol y tambi\u00e9n con un dilatado pasado en la Liga Endesa, Ignacio Rosa<\/a>.<\/p>\n<p>El <strong>catal\u00e1n es un p\u00edvot vers\u00e1til, que destaca por su capacidad para jugar en distintas posiciones<\/strong>, tanto como \u2018cuatro\u2019 como en el \u2018cinco\u2019, con un buen tiro de tres y posibilidad de crear espacios de ayuda para el resto de compa\u00f1eros.<\/p>\n<p>Primeras impresiones<\/p>\n<p>Rosa, en sus primeras palabras como nuevo integrante para un par de meses del Hestia para las redes sociales del club, afirmaba anteayer que<strong>, \u00abtengo muchas ganas de empezar en este nuevo proyecto, de llegar y ayudar al equipo<\/strong>, conocer a mis compa\u00f1eros y, sobre todo, disfrutar de vosotros\u00bb, exclamaba este en\u00e9simo fichaje en Bintalfa, cuya llegada explicaba el mismo Zamora. \u00abLa baja de Fynn en un momento como \u00e9ste nos ha obligado a salir al mercado para intentar mantener una din\u00e1mica \u00f3ptima de entrenamientos y que nuestro nivel competitivo no se vea afectado\u00bb, detalla.<\/p>\n<p>En palabras del \u2018coach\u2019 madrile\u00f1o,<strong> \u00absurgi\u00f3 la oportunidad de fichar a Rosa, un jugador de mi confianza, que tiene experiencia en la liga y que estoy convencido que se adaptar\u00e1 inmediatamente<\/strong> a la din\u00e1mica de entretenimientos\u00bb, explicaba el entrenador del Hestia Menorca. Zamora valor\u00f3, asimismo, el hecho de que su nuevo \u2018cuatro\u2019 pueda ocupar dos posiciones y abrir el campo con mucha solvencia. \u00abA nivel personal, es un jugador que aportar\u00e1 muchos intangibles dentro del vestuario. Espero que pueda aportarnos experiencia y que incremente la competitividad de la plantilla en este periodo\u00bb, concluy\u00f3.<\/p>\n<p>        El apunte        <\/p>\n<p>                        Tras 49 d\u00edas, el b\u00e1squet vuelve al Pavell\u00f3 Menorca<\/p>\n","protected":false},"excerpt":{"rendered":"No hay manera de que el preparador del Hestia Menorca, Javier Zamora, logre tener y mantener un \u2018r\u00f3ster\u2019&hellip;\n","protected":false},"author":2,"featured_media":267056,"comment_status":"","ping_status":"","sticky":false,"template":"","format":"standard","meta":{"footnotes":""},"categories":[269],"tags":[299,298,168,25,24,4078,3917,23,167],"class_list":{"0":"post-267055","1":"post","2":"type-post","3":"status-publish","4":"format-standard","5":"has-post-thumbnail","7":"category-baloncesto","8":"tag-baloncesto","9":"tag-basketball","10":"tag-deportes","11":"tag-es","12":"tag-espana","13":"tag-hestia-menorca","14":"tag-primera-feb","15":"tag-spain","16":"tag-sports"},"share_on_mastodon":{"url":"https:\/\/pubeurope.com\/@es\/115649548488635810","error":""},"_links":{"self":[{"href":"https:\/\/www.europesays.com\/es\/wp-json\/wp\/v2\/posts\/267055","targetHints":{"allow":["GET"]}}],"collection":[{"href":"https:\/\/www.europesays.com\/es\/wp-json\/wp\/v2\/posts"}],"about":[{"href":"https:\/\/www.europesays.com\/es\/wp-json\/wp\/v2\/types\/post"}],"author":[{"embeddable":true,"href":"https:\/\/www.europesays.com\/es\/wp-json\/wp\/v2\/users\/2"}],"replies":[{"embeddable":true,"href":"https:\/\/www.europesays.com\/es\/wp-json\/wp\/v2\/comments?post=267055"}],"version-history":[{"count":0,"href":"https:\/\/www.europesays.com\/es\/wp-json\/wp\/v2\/posts\/267055\/revisions"}],"wp:featuredmedia":[{"embeddable":true,"href":"https:\/\/www.europesays.com\/es\/wp-json\/wp\/v2\/media\/267056"}],"wp:attachment":[{"href":"https:\/\/www.europesays.com\/es\/wp-json\/wp\/v2\/media?parent=267055"}],"wp:term":[{"taxonomy":"category","embeddable":true,"href":"https:\/\/www.europesays.com\/es\/wp-json\/wp\/v2\/categories?post=267055"},{"taxonomy":"post_tag","embeddable":true,"href":"https:\/\/www.europesays.com\/es\/wp-json\/wp\/v2\/tags?post=267055"}],"curies":[{"name":"wp","href":"https:\/\/api.w.org\/{rel}","templated":true}]}}