{"id":267057,"date":"2025-12-02T10:40:08","date_gmt":"2025-12-02T10:40:08","guid":{"rendered":"https:\/\/www.europesays.com\/es\/267057\/"},"modified":"2025-12-02T10:40:08","modified_gmt":"2025-12-02T10:40:08","slug":"el-derbi-sevillano-al-descubierto-vamos-a-colocar-a-la-policia-alli-con-los-maximos-refuerzos-posibles-marca","status":"publish","type":"post","link":"https:\/\/www.europesays.com\/es\/267057\/","title":{"rendered":"El derbi sevillano, al descubierto: &quot;Vamos a colocar a la Polic\u00eda all\u00ed con los m\u00e1ximos refuerzos posibles&#8230;&quot; &#8211; MARCA"},"content":{"rendered":"<ol>\n<li><a href=\"https:\/\/news.google.com\/rss\/articles\/CBMizAFBVV95cUxQME50SGZSam9kRlkyYl9qQWwtYTVNaU9nanpqYjA3VjlYN0t1Q0hWN3lmbUZ4SDBKRWJMSW1TOGgxOVhIVGVOaVZadzZ3RVA2ZGRfMVcwdHFEWV9EOWRyNVNwcGZPTlR1WGd1amlFTGQzY1YyeENzNVc3ekFPTjZzeUEzWjN6RWhCaEQxOEptSHJjcjQxR29LN29kcHoyRkJ1V0JTQVE3d0dCTjlEN2RIWGMwdGV5VWVITHpsMDI1ZmtkY3hETWkxYmdCWEPSAcwBQVVfeXFMUGFoMGZZN3lEWUQwNUNWdUVRMTVZVDk4Y0ZpTG5oRFZJQjVTZWZmdldVOVNRd0d4ejZEVlEtd3UwdWdQMEJfdE5jMDY1TmdhT3lhV3RlTGw1UENuVjdTd1R3TEg3SFZ2MS14dUNWUGJtc0lZWTlSWE02TkdjUlVPODVXRlJjTkdwVVRRSEhMbEtUTkdWLXFKdERnbGdqc0U3YkpMLXVBdnFNZE1zaGNoTkJ6MDc2MVhWalhId3Z0UVE2RUdPU0x2c0QwaG02?oc=5\" target=\"_blank\" rel=\"nofollow noopener\">El derbi sevillano, al descubierto: \u00abVamos a colocar a la Polic\u00eda all\u00ed con los m\u00e1ximos refuerzos posibles&#8230;\u00bb<\/a>&nbsp;&nbsp;MARCA<\/li>\n<li><a href=\"https:\/\/news.google.com\/rss\/articles\/CBMi-wFBVV95cUxPNWg5MTRVZmVISU91RTlWYm90X2xMLTVrUDVBbUlfLXRsel80dVBxd0hfR0haTU81di0wTzlHNFB3djVLZUctbHM1RlFSTWRydEtLdTMxWDljaDA2cVFocm1aOWRUdDd0dVlQSHhEOE52dy0ySWdDa0dDUHhYZDJpYWo2TnNJSTlFMUs0ZDFBUkxUVnNBZURTNWZ2eUpxMVBFVmhxNXNueWY0SjJJWHplWlZsMW5FeFlpZm5Jbm12a1ZkcndoMVVpQmZybzM0cHBsUnlOMkdEY3o1cWRZdzBCeGNKOW9hbTRZdmpseUZtdFJEOFJUQ285Y2o1SdIBjwJBVV95cUxORG9UNnEyMW8zSy0xbGNJdE1fTlpzU0h4LU5LVGRWUDNVU0RtR1R0NGVjajE5NnpvczRVQ2tHVFhXS29TN0RWS2Fpa0RCaVlJamRpYVhHNnIzeTVSSVpfTDVsX3h0TGZqY00zZEFmUkI5bEhBUGRfMFRtRVVXZndwTUFPb0RHbkFxSHlzMF82bTB0SWpJXzByTHBlaTNEcUZyOTN5elA2MDBNU1JFVlFYSEZTemptQUoxbF91dm5fS3JrXzlZTzE3UWxsUUZUVGlCSHN2ZXluUnBxNV81MlhWXzBMSHpNeEhwZl9WNEhhRnNmZjQteXFnNFpHdjU0SDBCZEMxTXdHMWdBcmJIZDhr?oc=5\" target=\"_blank\" rel=\"nofollow noopener\">Jes\u00fas Navas condena los actos violentos durante el derbi sevillano: \u00abNo es bueno para el f\u00fatbol. Ojal\u00e1 no ocurra m\u00e1s\u00bb<\/a>&nbsp;&nbsp;Cadena SER<\/li>\n<li><a href=\"https:\/\/news.google.com\/rss\/articles\/CBMinwFBVV95cUxPY3l2RUt4Y2hrOU9MOUl1dFEta0RVVFkzSGY0LXByYm9XWVdnSXF2bGZFX1RFRE8tbkdiTm9ueEQ2dnIxMjkwcXlicnFBRjJHTlVTS05WTzZrNllrTl85Ym92akJPdU1EYi1neUJCMDhyT1pDdHlrQzZCZXZXT2k2NjVEUzhDSlRsdHBkUDFuWUkzM0VZTnRoN3BPMEtOM3c?oc=5\" target=\"_blank\" rel=\"nofollow noopener\">Mediod\u00eda RNE Andaluc\u00eda &#8211; 01\/12\/2025<\/a>&nbsp;&nbsp;RTVE.es<\/li>\n<li><a href=\"https:\/\/news.google.com\/rss\/articles\/CBMizwFBVV95cUxPY0JoMExsS3hPeHkta1VRWlpCWEF6TUdJX2RIVjd1UU9HT1dKdm5YcXRiTS1EVWdJLVhyYklLUmIyd2laQWxSd1J4NWhNWUV2cEhfcEJJMy04Q0huTlpVeGJad2NUbDFxNGpHRmNrMUVuUF9SNjZaTU5fMDdvdU5HVWNHMWkwOE1NNjBEM2M3MHVKLTdiLUFidHc5eURiMmJYbnc0RjNiZnBlMVVzckt1VVlpUVllLTJKdmVoVFZGSmFxRmRmVDNMdjlOQUdDVkk?oc=5\" target=\"_blank\" rel=\"nofollow noopener\">El Sevilla FC se expone a un posible cierre parcial de su estadio<\/a>&nbsp;&nbsp;ABC<\/li>\n<li><a href=\"https:\/\/news.google.com\/rss\/articles\/CBMigwFBVV95cUxOTjFyaDVoRnBHeTJ4ZFlPbjh5cU5YM2hDTmYxYmVhYktTM3ZrS3NxNkRGOW9MNFpvSXBKOEF2ampqOG9kSFN3cWtrNFlfZXVIWVFTekFEWFZWRE5DSzFYVDJTVmdLVERwc2xhd3hwcWpTS3M2QmdYVm5FRFNEejhlSGMzcw?oc=5\" target=\"_blank\" rel=\"nofollow noopener\">CARMONA: \u00abNO HEMOS TENIDO LA CALMA NECESARIA PARA HACER DA\u00d1O\u00bb<\/a>&nbsp;&nbsp;Sevilla FC<\/li>\n<\/ol>\n","protected":false},"excerpt":{"rendered":"El derbi sevillano, al descubierto: \u00abVamos a colocar a la Polic\u00eda all\u00ed con los m\u00e1ximos refuerzos posibles&#8230;\u00bb&nbsp;&nbsp;MARCA Jes\u00fas&hellip;\n","protected":false},"author":2,"featured_media":267058,"comment_status":"","ping_status":"","sticky":false,"template":"","format":"standard","meta":{"footnotes":""},"categories":[268],"tags":[168,25,24,280,282,281,23,167],"class_list":{"0":"post-267057","1":"post","2":"type-post","3":"status-publish","4":"format-standard","5":"has-post-thumbnail","7":"category-futbol","8":"tag-deportes","9":"tag-es","10":"tag-espana","11":"tag-football","12":"tag-futbol","13":"tag-soccer","14":"tag-spain","15":"tag-sports"},"share_on_mastodon":{"url":"https:\/\/pubeurope.com\/@es\/115649552355470029","error":""},"_links":{"self":[{"href":"https:\/\/www.europesays.com\/es\/wp-json\/wp\/v2\/posts\/267057","targetHints":{"allow":["GET"]}}],"collection":[{"href":"https:\/\/www.europesays.com\/es\/wp-json\/wp\/v2\/posts"}],"about":[{"href":"https:\/\/www.europesays.com\/es\/wp-json\/wp\/v2\/types\/post"}],"author":[{"embeddable":true,"href":"https:\/\/www.europesays.com\/es\/wp-json\/wp\/v2\/users\/2"}],"replies":[{"embeddable":true,"href":"https:\/\/www.europesays.com\/es\/wp-json\/wp\/v2\/comments?post=267057"}],"version-history":[{"count":0,"href":"https:\/\/www.europesays.com\/es\/wp-json\/wp\/v2\/posts\/267057\/revisions"}],"wp:featuredmedia":[{"embeddable":true,"href":"https:\/\/www.europesays.com\/es\/wp-json\/wp\/v2\/media\/267058"}],"wp:attachment":[{"href":"https:\/\/www.europesays.com\/es\/wp-json\/wp\/v2\/media?parent=267057"}],"wp:term":[{"taxonomy":"category","embeddable":true,"href":"https:\/\/www.europesays.com\/es\/wp-json\/wp\/v2\/categories?post=267057"},{"taxonomy":"post_tag","embeddable":true,"href":"https:\/\/www.europesays.com\/es\/wp-json\/wp\/v2\/tags?post=267057"}],"curies":[{"name":"wp","href":"https:\/\/api.w.org\/{rel}","templated":true}]}}