{"id":267059,"date":"2025-12-02T10:41:08","date_gmt":"2025-12-02T10:41:08","guid":{"rendered":"https:\/\/www.europesays.com\/es\/267059\/"},"modified":"2025-12-02T10:41:08","modified_gmt":"2025-12-02T10:41:08","slug":"vuelan-los-zascas-contra-hacienda-despues-de-que-un-autonomo-gane-la-tarjeta-de-el-hormiguero","status":"publish","type":"post","link":"https:\/\/www.europesays.com\/es\/267059\/","title":{"rendered":"Vuelan los zascas contra Hacienda despu\u00e9s de que un aut\u00f3nomo gane la tarjeta de &#8216;El hormiguero&#8217;"},"content":{"rendered":"\n<p>  02\/12\/2025 &#8211; 06:30  Actualizado: 02\/12\/2025 &#8211; 10:50   <\/p>\n<p> Debido a que la semana pasada Pablo Motos y David Bisbal no pudieron entregar la tarjeta de <a href=\"https:\/\/www.elconfidencial.com\/tags\/temas\/el-hormiguero-21295\/\" target=\"_self\" rel=\"nofollow noopener\">El hormiguero<\/a>, anoche, <strong>el premio se duplic\u00f3 y ascendi\u00f3 a los 12.000 euros<\/strong>. El actor Guillermo Francella y el director Javier Veiga se divirtieron en el formato de Antena 3 y ayudaron al presentador a entregar este ansiado premio. <\/p>\n<p> Antes de comenzar, <a href=\"https:\/\/www.elconfidencial.com\/tags\/personajes\/pablo-motos-298\/\" target=\"_self\" rel=\"nofollow noopener\">Pablo Motos<\/a> explic\u00f3 las normas del juego y les dio algunas directrices a los invitados: \u00abEs muy importante que no hag\u00e1is bromas porque desconf\u00edan y cuelgan\u00bb, advirti\u00f3 el presentador. Tras dos primeras llamadas fallidas, El hormiguero consigui\u00f3 contactar con<strong> Jes\u00fas, un telespectador que destac\u00f3 por su tono de voz serio y calmado.<\/strong> <\/p>\n<p> Jes\u00fas confi\u00f3 en el programa de <a href=\"https:\/\/www.elconfidencial.com\/tags\/empresas\/antena-3-2796\/\" target=\"_self\" rel=\"nofollow noopener\">Antena 3<\/a>, respondi\u00f3 correctamente a la contrase\u00f1a de El hormiguero y gan\u00f3 as\u00ed 12.000 euros. A pesar de que en plat\u00f3 se cre\u00f3 un alboroto incre\u00edble, <strong>Jes\u00fas no celebr\u00f3 con entusiasmo este valioso premio<\/strong>. \u00abSe te ve ilusionado\u00bb, brome\u00f3 una de las hormigas con el telespectador, que fue escueto en palabras. <\/p>\n<p> Ante la pasividad del telespectador, Pablo Motos le lanz\u00f3 una pregunta:<strong> \u00ab\u00bfEst\u00e1s contento? Te lo digo porque no acabamos de notarlo\u00bb<\/strong>. Sin embargo, Jes\u00fas asegur\u00f3 que estaba feliz por recibir la tarjeta de El hormiguero, ya que es \u00abun pobre currela\u00bb. Tras esto,<strong> <\/strong>el televidente confes\u00f3 que es aut\u00f3nomo <strong>y todo el plat\u00f3 se levant\u00f3 en aplausos con una tremenda ovaci\u00f3n.<\/strong> <\/p>\n<p>               El presentador Pablo Motos &#8216;El hormiguero&#8217;. (Atresmedia)             <\/p>\n<p> Al conocer este dato, las hormigas justificaron la aparente apat\u00eda del telespectador con un zasca a la Agencia Tributaria: <strong>\u00abJes\u00fas est\u00e1 cansado porque est\u00e1 pensando en cu\u00e1nto le va a quitar Hacienda\u00bb<\/strong>, brome\u00f3 Trancas. Mientras que Pablo Motos no supo si felicitar o darle el p\u00e9same al televidente por su poco entusiasmo. <\/p>\n<p> Debido a que la semana pasada Pablo Motos y David Bisbal no pudieron entregar la tarjeta de <a href=\"https:\/\/www.elconfidencial.com\/tags\/temas\/el-hormiguero-21295\/\" target=\"_self\" rel=\"nofollow noopener\">El hormiguero<\/a>, anoche, <strong>el premio se duplic\u00f3 y ascendi\u00f3 a los 12.000 euros<\/strong>. El actor Guillermo Francella y el director Javier Veiga se divirtieron en el formato de Antena 3 y ayudaron al presentador a entregar este ansiado premio. <\/p>\n","protected":false},"excerpt":{"rendered":"02\/12\/2025 &#8211; 06:30 Actualizado: 02\/12\/2025 &#8211; 10:50 Debido a que la semana pasada Pablo Motos y David Bisbal&hellip;\n","protected":false},"author":2,"featured_media":267060,"comment_status":"","ping_status":"","sticky":false,"template":"","format":"standard","meta":{"footnotes":""},"categories":[174],"tags":[255,146,147,25,24,256,23],"class_list":{"0":"post-267059","1":"post","2":"type-post","3":"status-publish","4":"format-standard","5":"has-post-thumbnail","7":"category-famosos","8":"tag-celebrities","9":"tag-entertainment","10":"tag-entretenimiento","11":"tag-es","12":"tag-espana","13":"tag-famosos","14":"tag-spain"},"share_on_mastodon":{"url":"https:\/\/pubeurope.com\/@es\/115649556165000470","error":""},"_links":{"self":[{"href":"https:\/\/www.europesays.com\/es\/wp-json\/wp\/v2\/posts\/267059","targetHints":{"allow":["GET"]}}],"collection":[{"href":"https:\/\/www.europesays.com\/es\/wp-json\/wp\/v2\/posts"}],"about":[{"href":"https:\/\/www.europesays.com\/es\/wp-json\/wp\/v2\/types\/post"}],"author":[{"embeddable":true,"href":"https:\/\/www.europesays.com\/es\/wp-json\/wp\/v2\/users\/2"}],"replies":[{"embeddable":true,"href":"https:\/\/www.europesays.com\/es\/wp-json\/wp\/v2\/comments?post=267059"}],"version-history":[{"count":0,"href":"https:\/\/www.europesays.com\/es\/wp-json\/wp\/v2\/posts\/267059\/revisions"}],"wp:featuredmedia":[{"embeddable":true,"href":"https:\/\/www.europesays.com\/es\/wp-json\/wp\/v2\/media\/267060"}],"wp:attachment":[{"href":"https:\/\/www.europesays.com\/es\/wp-json\/wp\/v2\/media?parent=267059"}],"wp:term":[{"taxonomy":"category","embeddable":true,"href":"https:\/\/www.europesays.com\/es\/wp-json\/wp\/v2\/categories?post=267059"},{"taxonomy":"post_tag","embeddable":true,"href":"https:\/\/www.europesays.com\/es\/wp-json\/wp\/v2\/tags?post=267059"}],"curies":[{"name":"wp","href":"https:\/\/api.w.org\/{rel}","templated":true}]}}