{"id":267062,"date":"2025-12-02T10:46:11","date_gmt":"2025-12-02T10:46:11","guid":{"rendered":"https:\/\/www.europesays.com\/es\/267062\/"},"modified":"2025-12-02T10:46:11","modified_gmt":"2025-12-02T10:46:11","slug":"como-fue-la-premiere-mundial-a-todo-lujo-en-hollywood-con-james-cameron-miley-cyrus-y-billie-eilish","status":"publish","type":"post","link":"https:\/\/www.europesays.com\/es\/267062\/","title":{"rendered":"c\u00f3mo fue la premiere mundial a todo lujo en Hollywood, con James Cameron, Miley Cyrus y Billie Eilish"},"content":{"rendered":"<p>Es uno de los acontecimientos de fin de a\u00f1o, en materia cinematogr\u00e1fica aqu\u00ed en Hollywood, y tendr\u00e1 repercusiones inmediatas en el resto del mundo del espect\u00e1culo. Y fue a todo lujo. Anoche fue la premiere internacional de <strong>Avatar: Fuego y cenizas<\/strong>, de <strong><a href=\"https:\/\/www.clarin.com\/espectaculos\/solas-james-cameron-avatar-trata-personas-azules-planeta-trata-_0_0VLWJBGUdc.html\" target=\"_blank\" title=\"James Cameron\" alt=\"James Cameron\" rel=\"nofollow noopener\">James Cameron<\/a><\/strong>, y no falt\u00f3 nadie, entre famosos del elenco del filme y ajenos a la producci\u00f3n de Disney, ni tampoco las ovaciones de pie al comenzar y al terminar la primera proyecci\u00f3n p\u00fablica, a la que fue invitado <strong>Clar\u00edn<\/strong>.<\/p>\n<p>Fue en el Dolby Theatre, en pleno coraz\u00f3n de Hollywood, donde a\u00f1o tras a\u00f1o se entregan los premios Oscar a los que, muy probablemente, el filme con Sam Worthington, <strong>Zoe Salda\u00f1a<\/strong> y <strong><a href=\"https:\/\/www.clarin.com\/tema\/sigourney-weaver.html\" target=\"_blank\" title=\"Sigourney Weaver \" alt=\"Sigourney Weaver \" rel=\"nofollow noopener\">Sigourney Weaver <\/a><\/strong>tenga varias candidaturas el a\u00f1o que viene.<\/p>\n<p><img fetchpriority=\"high\" alt=\"James Cameron y su quinta esposa, Suzie Amis, junto a Billie Eilish en la premiere de &quot;Avatar: Fuego y cenizas&quot;. Foto AP\" loading=\"eager\" width=\"720\" height=\"480\" decoding=\"async\" data-nimg=\"1\" style=\"color:transparent\" src=\"https:\/\/www.europesays.com\/es\/wp-content\/uploads\/2025\/12\/q5fkUOBUC_720x0__1.jpg\"\/>James Cameron y su quinta esposa, Suzie Amis, junto a Billie Eilish en la premiere de \u00abAvatar: Fuego y cenizas\u00bb. Foto AP<\/p>\n<p>James Cameron, con Clar\u00edn<\/p>\n<p>En di\u00e1logo con el enviado de <strong>Clar\u00edn<\/strong>, James Cameron se refiri\u00f3 a la necesidad imperiosa de que Avatar: Fuego y cenizas tenga un \u00e9xito similar a las dos pel\u00edculas anteriores que transcurren tambi\u00e9n en Pandora, y que se ubican primera y tercera en recaudaci\u00f3n mundial en la historia: <strong>Avatar<\/strong>, con US$ 2.923.710.708 y <strong><a href=\"https:\/\/www.clarin.com\/espectaculos\/cine\/avatar-camino-agua-experiencia-impactante-disfrutable_0_M9ZQkpjXSo.html\" target=\"_blank\" title=\"Avatar: El camino del agua\" alt=\"Avatar: El camino del agua\" rel=\"nofollow noopener\">Avatar: El camino del agua<\/a><\/strong>, con US$ 2.343.096.253, respectivamente.<\/p>\n<p>\u201cSi no logramos una gran recaudaci\u00f3n, ser\u00e1 muy dif\u00edcil que realicemos Avatar 4 y Avatar 5, como tenemos previsto. La inversi\u00f3n es enorme. Esto es a todo o nada. No quiero hacer una versi\u00f3n light de la saga de Avatar\u201d fue su respuesta contundente a la pregunta de <strong>Clar\u00edn<\/strong>.<\/p>\n<p><img alt=\"Miley Cyrus coescribi\u00f3 el tema central del filme y lo canta, en la premiere. Foto Reuters\" loading=\"eager\" width=\"720\" height=\"480\" decoding=\"async\" data-nimg=\"1\" style=\"color:transparent\" src=\"https:\/\/www.europesays.com\/es\/wp-content\/uploads\/2025\/12\/QDzqPG3v__720x0__1.jpg\"\/>Miley Cyrus coescribi\u00f3 el tema central del filme y lo canta, en la premiere. Foto Reuters<\/p>\n<p>No fue una alfombra azul, como la de Londres de Avatar: El camino del agua, sino roja. Desde temprano el Hollywood Boulevard estuvo cortado desde su cruce con Highland Avenue para el evento.<\/p>\n<p>Una enorme A de <strong>Avatar<\/strong> estaba prendida fuego eternamente, recibiendo a los invitados, en medio de la alfombra roja y casi frente al cine El Capit\u00e1n, propiedad de Disney, que distribuye Avatar: Fuego y cenizas. y en diagonal al famoso Teatro Chino.<\/p>\n<p>P\u00fablico, influencers y famosos en la red carpet<\/p>\n<p>El p\u00fablico en general, los fan\u00e1ticos que esperaban desde hac\u00eda horas, estaba tras las vallas a la izquierda. Y a la derecha de la red carpet hab\u00eda un corralito donde influencers, ataviados como Na\u2019vis, personajes de la saga, pugnaban porque las estrellas se acercaran a ellos para conseguir fotos o declaraciones.<\/p>\n<p><img alt=\"Sigourney Weaver, amiga de Cameron desde que rodaron &quot;Aliens&quot;, interpreta a Kiri, una adolescente de 15 a\u00f1os en el filme. Foto Reuters\" loading=\"eager\" width=\"720\" height=\"480\" decoding=\"async\" data-nimg=\"1\" style=\"color:transparent\" src=\"https:\/\/www.europesays.com\/es\/wp-content\/uploads\/2025\/12\/KS7OkAihw_720x0__1.jpg\"\/>Sigourney Weaver, amiga de Cameron desde que rodaron \u00abAliens\u00bb, interpreta a Kiri, una adolescente de 15 a\u00f1os en el filme. Foto Reuters<\/p>\n<p>James Cameron, acompa\u00f1ado de su quinta esposa, Suzy Amis, fue de los primeros en arribar a la premiere, una hora antes. Luego fue Miley Cyrus, quien coescribi\u00f3 y canta el tema principal de <strong>Avatar: Fuego y cenizas<\/strong>, titulado Dream As One -que ya suena para el Oscar-, quien se abraz\u00f3 al director antes de ingresar al Dolby Theatre.<\/p>\n<p>Y casi de inmediato llegar\u00edan Sam Worthington (Jake Sully, el protagonista), Sigourney Weaver (amiga de Cameron desde que filmaron Aliens, y que ahora interpreta mediante captura de movimientos a Kiri, una adolescente de 15 a\u00f1os), Zoe Salda\u00f1a (Naytiri, la coprotagonista) y Oona Chaplin, nieta de Charles y que encarna a Varang, la nueva malvada que se suma al bando de los malos junto al avatar del coronel Miles Quaritch (Stephen Lang).<\/p>\n<p>Llega Billie Eilish<\/p>\n<p>Pero no solo asistieron miembros del elenco. <strong>Clar\u00edn<\/strong> tambi\u00e9n vio a Billie Eilish y su hermano Finneas O\u2019Connell, a Dolph Lundgren (Ivan Drago en Rocky IV), que lleg\u00f3 junto a su hija, m\u00e1s Maria Shriver y Christopher Schwarzenegger, exesposa e hijo de Arnold.<\/p>\n<p><img alt=\"Zoe Salda\u00f1a, espl\u00e9ndida. Foto AP\" loading=\"eager\" width=\"720\" height=\"480\" decoding=\"async\" data-nimg=\"1\" style=\"color:transparent\" src=\"https:\/\/www.europesays.com\/es\/wp-content\/uploads\/2025\/12\/OIzPwqWw4_720x0__1.jpg\"\/>Zoe Salda\u00f1a, espl\u00e9ndida. Foto AP<\/p>\n<p>Fue una avant premiere bien pochoclera: hab\u00eda latas de Coca Cola, Sprite, agua mineral y s\u00ed, un baldecito de pochoclo.<\/p>\n<p>Tambi\u00e9n pantallas frente a las que uno pod\u00eda pararse, y en segundos se convert\u00eda en un Na\u2019vi. O sacarse una foto volando por los aires de Pandora.<\/p>\n<p>La m\u00fasica de Avatar estaba hasta en los toiletes del Dolby Theatre. Ya en la sala, que tiene capacidad para 3.300 espectadores, un DJ amenizaba la espera pasando m\u00fasica desde uno de los palcos bajos, hasta que present\u00f3 a James Cameron, ovacionado como era de esperar.<\/p>\n<p>Video<\/p>\n<p>Avatar: Fuego y cenizas<\/p>\n<p>Sin Kate Winslet, pero con todo el elenco<\/p>\n<p>Ya en el escenario, Cameron present\u00f3, uno por uno, a los int\u00e9rpretes que lo acompa\u00f1aron en la premiere mundial, un equipo de 11 actores -no estaba Kate Winslet, que es Ronal-, dejando para el final, en este orden, a la neoyorquina Sigourney Weaver, al australiano Sam Worthington, a Zoe Salda\u00f1a, de ascendencia dominicana y&#8230; a Miley Cyrus.<\/p>\n<p>A ninguno Cameron le dio el micr\u00f3fono, y s\u00ed record\u00f3 a su productor y amigo, Jon Landau, que supo ser manager de Bruce Springsteen, fallecido el a\u00f1o pasado.<\/p>\n<p>Sin m\u00e1s presentaciones, todos bajaron del escenario, se sentaron en sus butacas asignadas y, 30 minutos despu\u00e9s de lo previsto, comenz\u00f3 la proyecci\u00f3n de la pel\u00edcula.<\/p>\n<p><img alt=\"Stephen Lang, el malvado marine que se convirti\u00f3 en un Avatar, al llegar al Dolby Theatre. Foto AP\" loading=\"eager\" width=\"720\" height=\"480\" decoding=\"async\" data-nimg=\"1\" style=\"color:transparent\" src=\"https:\/\/www.europesays.com\/es\/wp-content\/uploads\/2025\/12\/WW3B6QcY7_720x0__1.jpg\"\/>Stephen Lang, el malvado marine que se convirti\u00f3 en un Avatar, al llegar al Dolby Theatre. Foto AP<\/p>\n<p>Los aplausos en la premiere<\/p>\n<p>El p\u00fablico la sigui\u00f3 como en misa, pero estall\u00f3 en aplausos en determinados momentos de la trama, que no estamos autorizados a relatar, pero bueno, que tienen que ver con actitudes y frases de ciertos personajes que encaminan todo hacia la acci\u00f3n desmedida.<\/p>\n<p>Terminada la pel\u00edcula, en los cr\u00e9ditos finales las ovaciones fueron subiendo el volumen a medida que aparec\u00edan los nombres de Cameron, Salda\u00f1a y Weaver, y en especial, Jon Landau, a quien se dedica el filme.<\/p>\n<p>Despu\u00e9s, arranc\u00f3 la fiesta en los amplios pasillos del Dolby Theatre, con comida caliente y dulces, bebidas alcoh\u00f3licas y largas filas para servirse, ya que no hab\u00eda mesas con sillas.<\/p>\n<p><img alt=\"Sam Worthington, a quien sacarle una sonrisa es una misi\u00f3n imposible, y su esposa, Lara. Foto Reuters\" loading=\"eager\" width=\"720\" height=\"480\" decoding=\"async\" data-nimg=\"1\" style=\"color:transparent\" src=\"https:\/\/www.europesays.com\/es\/wp-content\/uploads\/2025\/12\/Q4gK3PVob_720x0__1.jpg\"\/>Sam Worthington, a quien sacarle una sonrisa es una misi\u00f3n imposible, y su esposa, Lara. Foto Reuters<\/p>\n<p>Una exhibici\u00f3n inmersiva<\/p>\n<p>Previo a la premiere, Disney invit\u00f3 a la prensa que viaj\u00f3 especialmente a cubrir el evento a adentrarse en el mundo de Pandora en una exhibici\u00f3n inmersiva inspirada en las pel\u00edculas <strong>Avatar<\/strong>, de Cameron.<\/p>\n<p>Fue en el Stage 1 del Walt Disney Studios, o sea que Disney cerr\u00f3 especialmente ese set de rodaje para realizar esta exhibici\u00f3n. Y as\u00ed recorrimos selvas bioluminiscentes e imponentes formaciones rocosas que intentan capturar la magia y el esp\u00edritu de Pandora. Hab\u00eda vestuarios y accesorios que utilizan los personajes, creados por la ganadora del Oscar, Deborah L. Scott, una selecci\u00f3n de utiler\u00eda original de la nueva pel\u00edcula, maquetas, videos que explican c\u00f3mo se realiza la actuaci\u00f3n con captaci\u00f3n de movimiento y m\u00e1s.<\/p>\n<p>Video<\/p>\n<p>Primer Tr\u00e1iler de \u00abAvatar: Fuego y cenizas\u00bb<\/p>\n<p>Y por all\u00ed pasaron James Cameron y todo el elenco y las cabezas de equipo de la pel\u00edcula d\u00edas antes que la prensa. Y, seguramente, terminaron todos juntos este mini tour igual que nosotros, dirigi\u00e9ndose a unos cien metros de all\u00ed, al Main Theatre o el Cine principal de los Estudios Disney, donde este fin de semana se proyect\u00f3 la pel\u00edcula en exclusiva a la prensa especializada.<\/p>\n<p>Y no, no podemos adelantar nada, porque el embargo para la cr\u00edtica rige firme hasta dentro de dos semanas, el martes 16 de diciembre, dos d\u00edas antes del estreno en la Argentina, el jueves 18, que ser\u00e1 un d\u00eda antes que aqu\u00ed, en los mism\u00edsimos Estados Unidos.<\/p>\n","protected":false},"excerpt":{"rendered":"Es uno de los acontecimientos de fin de a\u00f1o, en materia cinematogr\u00e1fica aqu\u00ed en Hollywood, y tendr\u00e1 repercusiones&hellip;\n","protected":false},"author":2,"featured_media":267063,"comment_status":"","ping_status":"","sticky":false,"template":"","format":"standard","meta":{"footnotes":""},"categories":[169],"tags":[177,146,147,25,24,176,175,23],"class_list":{"0":"post-267062","1":"post","2":"type-post","3":"status-publish","4":"format-standard","5":"has-post-thumbnail","7":"category-cine","8":"tag-cine","9":"tag-entertainment","10":"tag-entretenimiento","11":"tag-es","12":"tag-espana","13":"tag-film","14":"tag-movies","15":"tag-spain"},"share_on_mastodon":{"url":"https:\/\/pubeurope.com\/@es\/115649576760410890","error":""},"_links":{"self":[{"href":"https:\/\/www.europesays.com\/es\/wp-json\/wp\/v2\/posts\/267062","targetHints":{"allow":["GET"]}}],"collection":[{"href":"https:\/\/www.europesays.com\/es\/wp-json\/wp\/v2\/posts"}],"about":[{"href":"https:\/\/www.europesays.com\/es\/wp-json\/wp\/v2\/types\/post"}],"author":[{"embeddable":true,"href":"https:\/\/www.europesays.com\/es\/wp-json\/wp\/v2\/users\/2"}],"replies":[{"embeddable":true,"href":"https:\/\/www.europesays.com\/es\/wp-json\/wp\/v2\/comments?post=267062"}],"version-history":[{"count":0,"href":"https:\/\/www.europesays.com\/es\/wp-json\/wp\/v2\/posts\/267062\/revisions"}],"wp:featuredmedia":[{"embeddable":true,"href":"https:\/\/www.europesays.com\/es\/wp-json\/wp\/v2\/media\/267063"}],"wp:attachment":[{"href":"https:\/\/www.europesays.com\/es\/wp-json\/wp\/v2\/media?parent=267062"}],"wp:term":[{"taxonomy":"category","embeddable":true,"href":"https:\/\/www.europesays.com\/es\/wp-json\/wp\/v2\/categories?post=267062"},{"taxonomy":"post_tag","embeddable":true,"href":"https:\/\/www.europesays.com\/es\/wp-json\/wp\/v2\/tags?post=267062"}],"curies":[{"name":"wp","href":"https:\/\/api.w.org\/{rel}","templated":true}]}}