{"id":267066,"date":"2025-12-02T10:49:11","date_gmt":"2025-12-02T10:49:11","guid":{"rendered":"https:\/\/www.europesays.com\/es\/267066\/"},"modified":"2025-12-02T10:49:11","modified_gmt":"2025-12-02T10:49:11","slug":"a-galicia-es-dificil-sacarla-del-corazon-2","status":"publish","type":"post","link":"https:\/\/www.europesays.com\/es\/267066\/","title":{"rendered":"\u00abA Galicia es dif\u00edcil sacarla del coraz\u00f3n\u00bb"},"content":{"rendered":"<p>\t\t\t\t\t\tEl actor gallego se encuentra promocionando su \u00faltima pel\u00edcula \u00abGolpes\u00bb y respondi\u00f3 en el programa a las cl\u00e1sicas preguntas de David Broncano, que trat\u00f3 de hablar en gallego<br \/>\n\t\t\t\t\t\t\t\t\t\t\t\t<strong>02 dic 2025<\/strong> . Actualizado a las 11:25 h.\t\t\t\t\t\t<\/p>\n<p class=\"first-paragraph txt\">\u00ab<strong>A Galicia es dif\u00edcil sacarla del coraz\u00f3n<\/strong>\u00bb. As\u00ed se refiri\u00f3 el actor <strong>Luis Tosar<\/strong> a su tierra en su visita a La revuelta, presentada por <strong>David Broncano<\/strong>. El presentador, nacido en Santiago pero criado en Ja\u00e9n,<strong> trat\u00f3 de hablar gallego sin mucho \u00e9xito<\/strong> mientras se encontraba en el plat\u00f3 Luis Tosar, que el pr\u00f3ximo 5 de diciembre presenta su nueva pel\u00edcula, Golpes, producida por Vaca Films.\u00a0<\/p>\n<p class=\"txt\">El int\u00e9rprete nacido en Lugo lleg\u00f3 a La revuelta con un regalo para David Broncano. Se trataba de unos calzoncillos, verdes, con una parte fucsia en los laterales. \u00abEsto aparece en la pel\u00edcula, si en alg\u00fan momento la ves lo entender\u00e1s\u00bb, le explic\u00f3 Tosar. El presentador se prob\u00f3 r\u00e1pidamente el regalo por encima de sus pantalones. \u00abEsto siempre me queda muy bien a m\u00ed\u00bb, asegur\u00f3.\u00a0<\/p>\n<blockquote class=\"instagram-media\" data-instgrm-captioned=\"\" data-instgrm-permalink=\"https:\/\/www.instagram.com\/reel\/DRvGcy7jcDw\/?utm_source=ig_embed&amp;utm_campaign=loading\" data-instgrm-version=\"14\" style=\" background:#FFF; border:0; border-radius:3px; box-shadow:0 0 1px 0 rgba(0,0,0,0.5),0 1px 10px 0 rgba(0,0,0,0.15); margin: 1px; max-width:658px; min-width:326px; padding:0; width:99.375%; width:-webkit-calc(100% - 2px); width:calc(100% - 2px);\"\/>\n<p class=\"txt\">\u00a0\u00abQuieres comentar algo antes de que pongamos el tr\u00e1iler?\u00bb, le preguntaba Broncano a Tosar, que tras protagonizar el <a class=\"link-txt\" href=\"https:\/\/www.lavozdegalicia.es\/noticia\/sociedad\/2025\/11\/14\/luis-tosar-pone-valor-esencia-unica-gallegos-nuevo-anuncio-gadisspan-langglninguen-leva-contraria-coma-nosspan\/00031763135454698429702.htm\" rel=\"nofollow noopener\" target=\"_blank\">anuncio de Gadis de estas Navidades<\/a>, presentar\u00e1 en los pr\u00f3ximos meses la gala de los<a class=\"link-txt\" href=\"https:\/\/www.lavozdegalicia.es\/noticia\/cultura\/2025\/10\/28\/luis-tosar-rigoberta-bandini-presentaran-premios-goya\/00031761642935727355124.htm\" rel=\"nofollow noopener\" target=\"_blank\"> premios Goya junto a Rigoberta Bandini en Barcelona<\/a>.\u00a0<\/p>\n<p class=\"txt\">\u00abNos llovi\u00f3 durante toda la pel\u00edcula en Sevilla\u00bb, explic\u00f3 el actor. \u00abNo s\u00e9 si es que saben que somos gallegos y quer\u00edan que nos sinti\u00e9ramos en casa\u00bb, a\u00f1adi\u00f3.\u00a0<\/p>\n<blockquote class=\"instagram-media\" data-instgrm-captioned=\"\" data-instgrm-permalink=\"https:\/\/www.instagram.com\/reel\/DRvI8IKDspD\/?utm_source=ig_embed&amp;utm_campaign=loading\" data-instgrm-version=\"14\" style=\" background:#FFF; border:0; border-radius:3px; box-shadow:0 0 1px 0 rgba(0,0,0,0.5),0 1px 10px 0 rgba(0,0,0,0.15); margin: 1px; max-width:658px; min-width:326px; padding:0; width:99.375%; width:-webkit-calc(100% - 2px); width:calc(100% - 2px);\"\/>\n<p class=\"txt\">Luis Tosar no pudo evitar someterse a las t\u00edpicas preguntas del programa. \u00abMis padres dicen que hablar de dinerito es de mala educaci\u00f3n\u00bb, respondi\u00f3 a la cuesti\u00f3n del dinero. Y en cuanto a las relaciones sexuales, Luis Tosar explic\u00f3 que las cosas eran muy distintas a su \u00faltima visita al programa junto a su mujer Luisa Mayol. \u00abHemos roto la media\u00bb, dec\u00eda. Tosar explic\u00f3 que en aquel momento se encontraba en plena promoci\u00f3n, de hoteles y sin ni\u00f1os&#8230; y que ahora \u00e9l est\u00e1 rodando en Panam\u00e1.\u00a0<\/p>\n<p class=\"txt\">\n<p>\t\t\t\t\t\t\t\t\t\t\t\t&#13;<br \/>\n\t\t\t\t\t\t\t\t&#13;<br \/>\n&#13;<br \/>\n&#13;<\/p>\n<p>\t\t\t&#13;<br \/>\n\t&#13;<\/p>\n<p>\t\t\t<a href=\"https:\/\/www.lavozdegalicia.es\/noticia\/yes\/2025\/11\/29\/robe-banco-iglesia-zahera-pillaron-\/0003_202511SY29P2991.htm\" data-analytics=\"link-embed\" rel=\"nofollow noopener\" target=\"_blank\">Luis Tosar: \u00abRob\u00e9 el banco de una iglesia con Zahera, pero lo pillaron a \u00e9l\u00bb<\/a><\/p>\n<p class=\"a-min-author\">\n<p>\t\t\t\t\t\t\t\t\t\t\t<a href=\"https:\/\/www.lavozdegalicia.es\/firmas\/maria-vidal-miguez\" rel=\"nofollow noopener\" target=\"_blank\"> \tMAR\u00cdA VIDAL<\/a><\/p>\n<p>\t&#13;<br \/>\n\t&#13;<br \/>\n&#13;<\/p>\n<p class=\"ladillo\">As\u00ed es \u00abGolpes\u00bb<\/p>\n<p class=\"txt\">La pel\u00edcula <strong>Golpes <\/strong>es un thriller que actualiza el<strong> g\u00e9nero quinqui con Luis Tosar y Jes\u00fas Carroza<\/strong> en el papel de dos hermanos que \u00abdescriben de una manera muy metaf\u00f3rica este pa\u00eds, casi permanentemente enfrentado, fratricida y sin un consenso claro para tapar las heridas\u00bb, ha dicho a Efe el actor gallego.<\/p>\n<p class=\"txt\">El filme, que se estrena este viernes, es la primera pel\u00edcula que dirige Rafael Cobos, que como guionista ha firmado junto a Alberto Rodr\u00edguez obras tan reconocidas como La isla m\u00ednima, 7 v\u00edrgenes o Anatom\u00eda de un instante, y que tambi\u00e9n hab\u00eda dirigido la serie El hijo zurdo.<\/p>\n<p class=\"txt\">El argumento lleva a Sevilla en el a\u00f1o 1982, al momento en que Migueli (Jes\u00fas Carroza, el Ni\u00f1o) sale de la c\u00e1rcel y planea una serie de golpes para reunir el dinero necesario para saldar cuentas con el pasado. Enfrente tiene a su hermano Sabino (Tosar), un polic\u00eda que deber\u00e1 decidir si ayudar a su hermano delincuente a curar heridas familiares.<\/p>\n<p class=\"txt\">La pel\u00edcula entronca tanto con la memoria hist\u00f3rica por el pasado com\u00fan de ambos hermanos como hijos de un perdedor de la guerra civil como con el cine quinqui de los a\u00f1os 80, con historias de violentos pero heroicos j\u00f3venes marginales en barrios degradados.<\/p>\n<p>&#13;<br \/>\n\tArchivado en:&#13;<br \/>\n\t\t\t\t\t<a href=\"https:\/\/www.lavozdegalicia.es\/temas\/luis-tosar\/\" target=\"_blank\" class=\"mg-l\" rel=\"nofollow noopener\">Luis Tosar<\/a>&#13;<br \/>\n\t&#13;<\/p>\n<p>\t\t\t\t<script async src=\"\/\/www.instagram.com\/embed.js\"><\/script><\/p>\n","protected":false},"excerpt":{"rendered":"El actor gallego se encuentra promocionando su \u00faltima pel\u00edcula \u00abGolpes\u00bb y respondi\u00f3 en el programa a las cl\u00e1sicas&hellip;\n","protected":false},"author":2,"featured_media":267067,"comment_status":"","ping_status":"","sticky":false,"template":"","format":"standard","meta":{"footnotes":""},"categories":[91],"tags":[146,147,25,24,15752,23],"class_list":{"0":"post-267066","1":"post","2":"type-post","3":"status-publish","4":"format-standard","5":"has-post-thumbnail","7":"category-entretenimiento","8":"tag-entertainment","9":"tag-entretenimiento","10":"tag-es","11":"tag-espana","12":"tag-luis-tosar","13":"tag-spain"},"share_on_mastodon":{"url":"https:\/\/pubeurope.com\/@es\/115649587815931509","error":""},"_links":{"self":[{"href":"https:\/\/www.europesays.com\/es\/wp-json\/wp\/v2\/posts\/267066","targetHints":{"allow":["GET"]}}],"collection":[{"href":"https:\/\/www.europesays.com\/es\/wp-json\/wp\/v2\/posts"}],"about":[{"href":"https:\/\/www.europesays.com\/es\/wp-json\/wp\/v2\/types\/post"}],"author":[{"embeddable":true,"href":"https:\/\/www.europesays.com\/es\/wp-json\/wp\/v2\/users\/2"}],"replies":[{"embeddable":true,"href":"https:\/\/www.europesays.com\/es\/wp-json\/wp\/v2\/comments?post=267066"}],"version-history":[{"count":0,"href":"https:\/\/www.europesays.com\/es\/wp-json\/wp\/v2\/posts\/267066\/revisions"}],"wp:featuredmedia":[{"embeddable":true,"href":"https:\/\/www.europesays.com\/es\/wp-json\/wp\/v2\/media\/267067"}],"wp:attachment":[{"href":"https:\/\/www.europesays.com\/es\/wp-json\/wp\/v2\/media?parent=267066"}],"wp:term":[{"taxonomy":"category","embeddable":true,"href":"https:\/\/www.europesays.com\/es\/wp-json\/wp\/v2\/categories?post=267066"},{"taxonomy":"post_tag","embeddable":true,"href":"https:\/\/www.europesays.com\/es\/wp-json\/wp\/v2\/tags?post=267066"}],"curies":[{"name":"wp","href":"https:\/\/api.w.org\/{rel}","templated":true}]}}