{"id":267068,"date":"2025-12-02T10:50:10","date_gmt":"2025-12-02T10:50:10","guid":{"rendered":"https:\/\/www.europesays.com\/es\/267068\/"},"modified":"2025-12-02T10:50:10","modified_gmt":"2025-12-02T10:50:10","slug":"las-moleculas-clave-pudieron-caer-directamente-del-cielo","status":"publish","type":"post","link":"https:\/\/www.europesays.com\/es\/267068\/","title":{"rendered":"las mol\u00e9culas clave pudieron caer&#8230; directamente del cielo"},"content":{"rendered":"<p class=\"c-paragraph\">La ciencia se enfrenta a un reto tit\u00e1nico cuando investiga los <b><a href=\"https:\/\/www.20minutos.es\/animaleros\/perros\/vienen-perros-paises-dieron-origen-razas-caninas_6238091_0.html\" title=\"De d\u00f3nde vienen los perros: los pa\u00edses que dieron origen a m\u00e1s razas caninas\" rel=\"nofollow noopener\" target=\"_blank\">or\u00edgenes de la vida<\/a><\/b>: el pasado no puede observarse, y apenas puede deducirse. Por eso, las teor\u00edas en torno a c\u00f3mo surgieron las primeras mol\u00e9culas biol\u00f3gicas se construyen como hip\u00f3tesis probables, quedando sujetas a revisi\u00f3n constante. Una investigaci\u00f3n reciente de la Universidad de Colorado Boulder aporta una pieza nueva al rompecabezas: <b>ciertas mol\u00e9culas esenciales<\/b> para la vida podr\u00edan haberse originado en la atm\u00f3sfera terrestre primitiva para despu\u00e9s haber \u00ab<b>llovido del cielo\u00bb<\/b>.<\/p>\n<p class=\"c-paragraph\">El estudio se ha publicado en la prestigiosa revista PNAS y revisa un contexto cient\u00edfico que durante a\u00f1os hab\u00eda parecido s\u00f3lido: la idea de que muchos compuestos org\u00e1nicos del azufre, como pudieran ser los amino\u00e1cidos como la ciste\u00edna, solo pod\u00edan ser producto directo de procesos biol\u00f3gicos. O, dicho de otra manera, que primero vino la vida y despu\u00e9s estas mol\u00e9culas. Sin embargo, los autores del estudio plantean el escenario inverso al afirmar que\u00a0<b>estas mol\u00e9culas pudieron preceder a la vida y ayudar a desarrollarla<\/b>.<\/p>\n<p class=\"c-paragraph\">Para ello, el equipo de la Universidad de Colorado <b>simul\u00f3 en laboratorio una atm\u00f3sfera temprana de la Tierra<\/b> mezclando metano, di\u00f3xido de carbono, sulfuro de hidr\u00f3geno y nitr\u00f3geno, y someti\u00e9ndola a fuentes de luz que imitaban la radiaci\u00f3n solar. La doctora Ellie Browne, una de las autoras del estudio, explica las dificultades t\u00e9cnicas de trabajar con el azufre: \u00abTienes que tener equipos que puedan medir cantidades incre\u00edblemente peque\u00f1as de los productos\u00bb. Aun as\u00ed, el experimento revel\u00f3 algo sorprendente: <b>en aquella atm\u00f3sfera artificial se generaron mol\u00e9culas org\u00e1nicas de azufre<\/b>, incluidas ciste\u00edna, taurina y coenzima M.<\/p>\n<p class=\"c-paragraph\">Este hallazgo no solo <b>reinterpreta el posible origen terrestre de la vida<\/b>, sino que tambi\u00e9n obliga a reevaluar se\u00f1ales de vida en otros mundos. Durante a\u00f1os, la detecci\u00f3n de compuestos org\u00e1nicos de azufre en atm\u00f3sferas de exoplanetas se interpret\u00f3 como posible firma de la vida. Pero el autor principal del art\u00edculo, Nate Reed, advierte que estos compuestos podr\u00edan generarse de manera abi\u00f3tica. \u00abEso <b>podr\u00eda haber sido suficiente para un incipiente ecosistema global<\/b>, donde la vida apenas est\u00e1 comenzando\u00bb, afirma.<\/p>\n<p class=\"c-paragraph\">Las estimaciones del estudio impactan por su escala: la atm\u00f3sfera terrestre primitiva podr\u00eda haber producido suficiente ciste\u00edna para abastecer a \u00ab<b>un octill\u00f3n \u2014un 1 seguido de 27 ceros\u2014 de c\u00e9lulas<\/b>\u00ab, seg\u00fan los autores. En comparaci\u00f3n, nuestra atm\u00f3sfera actual puede sustentar aproximadamente un nonill\u00f3n \u2014un 1 seguido de 30 ceros\u2014. Puede parecer una ligera diferencia, pero representar\u00eda mil veces menos c\u00e9lulas en la Tierra, una variaci\u00f3n abismal en t\u00e9rminos biol\u00f3gicos y qu\u00edmicos.<\/p>\n<p class=\"c-paragraph\">Browne propone una visi\u00f3n nueva del origen de la vida que ya no la concibe como un proceso desde cero, sino como la apropiaci\u00f3n de mol\u00e9culas previamente disponibles. \u00ab<b>Sol\u00edamos pensar que la vida ten\u00eda que empezar completamente desde cero<\/b>, pero nuestros resultados sugieren que algunas de estas mol\u00e9culas m\u00e1s complejas ya estaban muy extendidas bajo condiciones no especializadas, lo que podr\u00eda haber facilitado un poco que la vida despegara\u00bb, concluye Browne. En otras palabras: no todo el comienzo de la vida ocurri\u00f3 en charcas volc\u00e1nicas o hidrotermales; <b>quiz\u00e1s ya llov\u00edan ingredientes biol\u00f3gicos desde el cielo.<\/b><\/p>\n","protected":false},"excerpt":{"rendered":"La ciencia se enfrenta a un reto tit\u00e1nico cuando investiga los or\u00edgenes de la vida: el pasado no&hellip;\n","protected":false},"author":2,"featured_media":267069,"comment_status":"","ping_status":"","sticky":false,"template":"","format":"standard","meta":{"footnotes":""},"categories":[81],"tags":[119,123,124,12554,25,24,51540,3338,2078,117,121,122,23,118,120,11304],"class_list":{"0":"post-267068","1":"post","2":"type-post","3":"status-publish","4":"format-standard","5":"has-post-thumbnail","7":"category-ciencia-y-tecnologia","8":"tag-ciencia","9":"tag-ciencia-y-tecnologia","10":"tag-cienciaytecnologia","11":"tag-clave","12":"tag-es","13":"tag-espana","14":"tag-moleculas","15":"tag-origen","16":"tag-para","17":"tag-science","18":"tag-science-and-technology","19":"tag-scienceandtechnology","20":"tag-spain","21":"tag-technology","22":"tag-tecnologia","23":"tag-varias"},"share_on_mastodon":{"url":"https:\/\/pubeurope.com\/@es\/115649591799417338","error":""},"_links":{"self":[{"href":"https:\/\/www.europesays.com\/es\/wp-json\/wp\/v2\/posts\/267068","targetHints":{"allow":["GET"]}}],"collection":[{"href":"https:\/\/www.europesays.com\/es\/wp-json\/wp\/v2\/posts"}],"about":[{"href":"https:\/\/www.europesays.com\/es\/wp-json\/wp\/v2\/types\/post"}],"author":[{"embeddable":true,"href":"https:\/\/www.europesays.com\/es\/wp-json\/wp\/v2\/users\/2"}],"replies":[{"embeddable":true,"href":"https:\/\/www.europesays.com\/es\/wp-json\/wp\/v2\/comments?post=267068"}],"version-history":[{"count":0,"href":"https:\/\/www.europesays.com\/es\/wp-json\/wp\/v2\/posts\/267068\/revisions"}],"wp:featuredmedia":[{"embeddable":true,"href":"https:\/\/www.europesays.com\/es\/wp-json\/wp\/v2\/media\/267069"}],"wp:attachment":[{"href":"https:\/\/www.europesays.com\/es\/wp-json\/wp\/v2\/media?parent=267068"}],"wp:term":[{"taxonomy":"category","embeddable":true,"href":"https:\/\/www.europesays.com\/es\/wp-json\/wp\/v2\/categories?post=267068"},{"taxonomy":"post_tag","embeddable":true,"href":"https:\/\/www.europesays.com\/es\/wp-json\/wp\/v2\/tags?post=267068"}],"curies":[{"name":"wp","href":"https:\/\/api.w.org\/{rel}","templated":true}]}}