{"id":267072,"date":"2025-12-02T10:52:14","date_gmt":"2025-12-02T10:52:14","guid":{"rendered":"https:\/\/www.europesays.com\/es\/267072\/"},"modified":"2025-12-02T10:52:14","modified_gmt":"2025-12-02T10:52:14","slug":"el-joven-que-entro-en-la-jaula-de-una-leona-en-brasil-tenia-esquizofrenia-y-el-sueno-de-ser-domador","status":"publish","type":"post","link":"https:\/\/www.europesays.com\/es\/267072\/","title":{"rendered":"El joven que entr\u00f3 en la jaula de una leona en Brasil ten\u00eda esquizofrenia y el sue\u00f1o de ser domador"},"content":{"rendered":"<p class=\"\">Gerson de Melo Machado era un chaval de 19 a\u00f1os con <a href=\"https:\/\/elpais.com\/sociedad\/2025-06-01\/las-madres-que-tienen-que-cuidar-a-sus-hijos-24-horas-al-dia-el-resto-de-sus-vidas-vivimos-en-una-carcel-de-la-que-no-podemos-salir.html\" target=\"_self\" rel=\"nofollow noopener\" title=\"https:\/\/elpais.com\/sociedad\/2025-06-01\/las-madres-que-tienen-que-cuidar-a-sus-hijos-24-horas-al-dia-el-resto-de-sus-vidas-vivimos-en-una-carcel-de-la-que-no-podemos-salir.html\">un diagn\u00f3stico de esquizofrenia, <\/a>como su madre, y el sue\u00f1o de viajar a \u00c1frica para domar leones. Muri\u00f3 brutalmente este domingo tras <a href=\"https:\/\/elpais.com\/america\/2025-11-30\/un-hombre-muere-atacado-por-un-leon-en-un-zoo-de-brasil-tras-colarse-en-su-jaula.html?autoplay=1\" target=\"_self\" rel=\"nofollow noopener\" title=\"https:\/\/elpais.com\/america\/2025-11-30\/un-hombre-muere-atacado-por-un-leon-en-un-zoo-de-brasil-tras-colarse-en-su-jaula.html?autoplay=1\">invadir la jaula de una leona<\/a>, en el parque zoobot\u00e1nico de Jo\u00e3o Pessoa (Brasil), y ser atacado por el felino. Eran cerca de las diez de la ma\u00f1ana cuando Machado escal\u00f3 con gran agilidad un muro de seis metros, super\u00f3 los paneles protectores de la jaula, se abraz\u00f3 a una palmera y descendi\u00f3 tranquilo por ella hasta el interior, donde el animal llamado Leona estaba tumbado al sol, seg\u00fan los v\u00eddeos grabados por otros visitantes. En segundos, Leona se levanta y le ataca. Conocido como Vaqueirinho, Machado se crio en la red p\u00fablica de acogida, que tuvo que abandonar al cumplir los 18 a\u00f1os. <a href=\"https:\/\/elpais.com\/salud-y-bienestar\/2022-09-03\/salud-mental-en-prision-alguien-con-un-trastorno-psiquiatrico-no-encaja-y-se-atasca-el-problema.html\" target=\"_self\" rel=\"nofollow noopener\" title=\"https:\/\/elpais.com\/salud-y-bienestar\/2022-09-03\/salud-mental-en-prision-alguien-con-un-trastorno-psiquiatrico-no-encaja-y-se-atasca-el-problema.html\">Acab\u00f3 en prisi\u00f3n. <\/a>Varios profesionales que lo trataron han denunciado p\u00fablicamente, este lunes, su desamparo. \u201cEra una tragedia anunciada\u201d, seg\u00fan un funcionario penitenciario. \u201cGerson ten\u00eda que estar en tratamiento psiqui\u00e1trico, no entre rejas\u201d, ha dicho una consejera tutelar.<\/p>\n<p class=\"\">La consejera tutelar Ver\u00f3nica Oliveira ha contado, en redes sociales y en entrevistas con la prensa brasile\u00f1a, detalles de la vida de este chaval, al que conoci\u00f3 con 10 a\u00f1os cuando la polic\u00eda lo encontr\u00f3 vagando por una autopista. Su madre <a href=\"https:\/\/elpais.com\/espana\/madrid\/2025-07-11\/la-lucha-de-una-madre-adolescente-y-tutelada-por-ver-al-hijo-que-bienestar-social-de-toledo-le-retiro-hace-seis-anos.html\" target=\"_self\" rel=\"nofollow noopener\" title=\"https:\/\/elpais.com\/espana\/madrid\/2025-07-11\/la-lucha-de-una-madre-adolescente-y-tutelada-por-ver-al-hijo-que-bienestar-social-de-toledo-le-retiro-hace-seis-anos.html\">hab\u00eda perdido la custodia<\/a> de los cinco hijos porque padec\u00eda una grave esquizofrenia y sus dos abuelas tambi\u00e9n sufr\u00edan la misma enfermedad. Mientras los otros cuatro hermanos eran adoptados, Machado no consigui\u00f3 una nueva familia porque ya mostraba indicios de padecer esquizofrenia, dec\u00eda que o\u00eda voces, seg\u00fan Oliveira. Como tampoco ten\u00eda parientes que pudieran cuidarlo, creci\u00f3 en centros de acogida.<\/p>\n<p class=\"\">La consejera tutelar ha contado que el diagn\u00f3stico se demor\u00f3, pese a los indicios. La actitud y los incidentes que protagonizaba Vaqueirinho de ni\u00f1o y adolescente eran atribuidos por los psiquiatras a problemas de comportamiento, no mentales. <\/p>\n<p class=\"\">La profesional ha recordado que Machado no ten\u00eda ninguna noci\u00f3n de riesgo. Una vez, la llamaron desde el aeropuerto para alertarle de que lo hab\u00edan localizado <a href=\"https:\/\/elpais.com\/internacional\/2019\/07\/02\/mundo_global\/1562064127_108757.html\" target=\"_self\" rel=\"nofollow noopener\" title=\"https:\/\/elpais.com\/internacional\/2019\/07\/02\/mundo_global\/1562064127_108757.html\">encaramado en el tren de un avi\u00f3n<\/a>, listo para viajar como poliz\u00f3n. \u201cYa de peque\u00f1o dec\u00eda que iba a ir a \u00c1frica de safari para domar leones\u201d, seg\u00fan Oliveira.<\/p>\n<p class=\"\">La consejera tutelar ha denunciado que, al cumplir la mayor\u00eda de edad, las autoridades lo dejaron desamparado. Porque su ciudad, Jo\u00e3o Pessoa, carece de \u201cun albergue donde se trabaje la autonom\u00eda y la acogida, donde hacer un seguimiento. Al cumplir los 18, lo dejaron a su suerte. Sali\u00f3 de la acogida institucional y entr\u00f3 en el sistema penitenciario\u201d, informa G1. Comet\u00eda peque\u00f1os delitos que le llevaban a la c\u00e1rcel, donde recib\u00eda tratamiento, y luego lo soltaban. Entr\u00f3 y sali\u00f3 varias veces.<\/p>\n<p class=\"\">Uno de los funcionarios carcelarios que lo trat\u00f3, Ivison Lira, ha recalcado que el joven Machado se comportaba como un ni\u00f1o de cinco a\u00f1os y necesitaba m\u00e1s ayuda de la que pod\u00edan brindarle en prisi\u00f3n. Machado incluso acudi\u00f3 a los servicios sociales en busca de tratamientos psiqui\u00e1tricos que no lograba seguir. \u201cEra una tragedia anunciada. Vaqueirinho, sin el tratamiento necesario, sin seguimiento, en la calle. Ah\u00ed est\u00e1 el resultado\u201d, ha lamentado Lira, informa O Globo.<\/p>\n<p class=\"\">Hace unos d\u00edas ese funcionario, jefe de disciplina de la penitenciar\u00eda, difundi\u00f3 un v\u00eddeo donde denunci\u00f3 el desamparo de Machado, que cometi\u00f3 dos delitos en un solo d\u00eda en un intento desesperado por ser internado de nuevo. El caso ha generado un debate sobre la atenci\u00f3n a los enfermos mentales en situaciones de extrema vulnerabilidad, como la de Machado.<\/p>\n<p class=\"\">La impotencia de quienes siguieron de cerca la trayectoria vital de Machado desde ni\u00f1o y se toparon con constantes dificultades para que fuera tratado adecuadamente contrasta con <a href=\"https:\/\/elpais.com\/america\/2025-04-21\/pupy-la-ultima-elefanta-cautiva-de-buenos-aires-llega-a-brasil-para-vivir-en-libertad.html\" target=\"_self\" rel=\"nofollow noopener\" title=\"https:\/\/elpais.com\/america\/2025-04-21\/pupy-la-ultima-elefanta-cautiva-de-buenos-aires-llega-a-brasil-para-vivir-en-libertad.html\">los esmerados cuidados<\/a> que recibe Leona.<\/p>\n<p class=\"\">El parque zoobot\u00e1nico da Bica, en Jo\u00e3o Pessoa, cerr\u00f3 sus puertas inmediatamente despu\u00e9s del ataque mortal que sigui\u00f3 a la invasi\u00f3n de la jaula. Sus responsables explicaron en un v\u00eddeo en el perfil de Instagram del zoo que cumplen todas las medidas de seguridad requeridas. \u201cAlgunas cosas no podemos preverlas porque se salen de la normalidad\u201d, explic\u00f3 todav\u00eda nervioso el veterinario Thiago Nery.<\/p>\n<p class=\"\">Gracias a entrenamientos peri\u00f3dicos, lograron confinar a Leona sin necesidad de dardos tranquilizantes. Nery cont\u00f3 que el felino \u201cestaba estresado, en un estado de shock que fue bajando gradualmente. Est\u00e1 asustada, como todo el equipo [del zoo] y la poblaci\u00f3n\u201d. A\u00f1adi\u00f3 que el animal es \u201catendido por un equipo de bi\u00f3logos, t\u00e9cnicos y veterinarios que har\u00e1n un seguimiento de semanas, como dictan los protocolos, cuando un animal salvaje tiene contacto con un ser humano\u201d. <\/p>\n","protected":false},"excerpt":{"rendered":"Gerson de Melo Machado era un chaval de 19 a\u00f1os con un diagn\u00f3stico de esquizofrenia, como su madre,&hellip;\n","protected":false},"author":2,"featured_media":267073,"comment_status":"","ping_status":"","sticky":false,"template":"","format":"standard","meta":{"footnotes":""},"categories":[42],"tags":[3806,889,3685,65997,45236,3216,17,18,13,14,11,61,62,63,64,65998,19,20,1804,9,10,15,16,14909,12,21,22,65,66,67,8123],"class_list":{"0":"post-267072","1":"post","2":"type-post","3":"status-publish","4":"format-standard","5":"has-post-thumbnail","7":"category-internacional","8":"tag-acogida-ninos","9":"tag-america","10":"tag-animales","11":"tag-animales-cautividad","12":"tag-animales-peligrosos","13":"tag-brasil","14":"tag-breaking-news","15":"tag-breakingnews","16":"tag-featured-news","17":"tag-featurednews","18":"tag-headlines","19":"tag-internacional","20":"tag-international","21":"tag-international-news","22":"tag-internationalnews","23":"tag-joao-pessoa","24":"tag-latest-news","25":"tag-latestnews","26":"tag-latinoamerica","27":"tag-news","28":"tag-noticias","29":"tag-noticias-destacadas","30":"tag-noticiasdestacadas","31":"tag-sucesos-insolitos","32":"tag-titulares","33":"tag-ultimas-noticias","34":"tag-ultimasnoticias","35":"tag-world","36":"tag-world-news","37":"tag-worldnews","38":"tag-zoo"},"share_on_mastodon":{"url":"","error":"Validation failed: Text character limit of 500 exceeded"},"_links":{"self":[{"href":"https:\/\/www.europesays.com\/es\/wp-json\/wp\/v2\/posts\/267072","targetHints":{"allow":["GET"]}}],"collection":[{"href":"https:\/\/www.europesays.com\/es\/wp-json\/wp\/v2\/posts"}],"about":[{"href":"https:\/\/www.europesays.com\/es\/wp-json\/wp\/v2\/types\/post"}],"author":[{"embeddable":true,"href":"https:\/\/www.europesays.com\/es\/wp-json\/wp\/v2\/users\/2"}],"replies":[{"embeddable":true,"href":"https:\/\/www.europesays.com\/es\/wp-json\/wp\/v2\/comments?post=267072"}],"version-history":[{"count":0,"href":"https:\/\/www.europesays.com\/es\/wp-json\/wp\/v2\/posts\/267072\/revisions"}],"wp:featuredmedia":[{"embeddable":true,"href":"https:\/\/www.europesays.com\/es\/wp-json\/wp\/v2\/media\/267073"}],"wp:attachment":[{"href":"https:\/\/www.europesays.com\/es\/wp-json\/wp\/v2\/media?parent=267072"}],"wp:term":[{"taxonomy":"category","embeddable":true,"href":"https:\/\/www.europesays.com\/es\/wp-json\/wp\/v2\/categories?post=267072"},{"taxonomy":"post_tag","embeddable":true,"href":"https:\/\/www.europesays.com\/es\/wp-json\/wp\/v2\/tags?post=267072"}],"curies":[{"name":"wp","href":"https:\/\/api.w.org\/{rel}","templated":true}]}}