{"id":267074,"date":"2025-12-02T10:53:10","date_gmt":"2025-12-02T10:53:10","guid":{"rendered":"https:\/\/www.europesays.com\/es\/267074\/"},"modified":"2025-12-02T10:53:10","modified_gmt":"2025-12-02T10:53:10","slug":"es-el-virus-que-mas-dano-podia-hacer-a-espana","status":"publish","type":"post","link":"https:\/\/www.europesays.com\/es\/267074\/","title":{"rendered":"\u00abEs el virus que m\u00e1s da\u00f1o pod\u00eda hacer a Espa\u00f1a\u00bb"},"content":{"rendered":"<p style=\"\">La reaparici\u00f3n de la <a href=\"https:\/\/www.abc.es\/espana\/cataluna\/peste-porcina-africana-20251201120847-nt.html\" target=\"_self\" data-voc-vtm-id=\"in-text-traffic\" title=\"peste porcina africana\" rel=\"nofollow noopener\">peste porcina africana<\/a> en Espa\u00f1a<a href=\"https:\/\/www.abc.es\/sociedad\/expertos-ue-viajan-manana-cataluna-dar-apoyo-20251201135250-nt.html\" target=\"_self\" data-voc-vtm-id=\"in-text-traffic\" title=\" era un riesgo\" rel=\"nofollow noopener\"> era un riesgo<\/a> que llevaba tiempo sobrevolando ante el aumento de casos en el este de Europa y la sobrepoblaci\u00f3n de jabal\u00edes silvestres. Estas son algunas de sus claves. <\/p>\n<p style=\"\">No, la enfermedad no se  &#8230; contagia ni por contacto con animales infectados ni por el consumo de carne contaminada. Es decir, la enfermedad no reviste de<strong> ning\u00fan peligro<\/strong> para los humanos.<\/p>\n<p>\n\u00bfA qui\u00e9n afecta?\n<\/p>\n<p class=\"voc-p\" style=\"\"> A los cerdos dom\u00e9sticos y a los jabal\u00edes. Sin embargo, es una enfermedad con un<strong> fuerte impacto econ\u00f3mico. <\/strong>\u00abEs el virus que <strong>m\u00e1s da\u00f1o nos pod\u00eda hacer<\/strong> a Espa\u00f1a por el sector porcino. Espa\u00f1a es el tercer productor mundial, \u00bfcu\u00e1ndo Espa\u00f1a es tercera en algo?\u00bb, resume Jos\u00e9 \u00c1ngel Barasona, investigador posdoctoral del programa Ram\u00f3n y Cajal en el Centro de Vigilancia Sanitaria Veterinaria (Visavet). \u00abTen\u00edamos muy cerca la peste porcina africana y llev\u00e1bamos muchos a\u00f1os avisando de que hay que estar alerta, que puede llegar el lobo. Pues el lobo lleg\u00f3 el viernes pasado a trav\u00e9s de esa notificaci\u00f3n oficial del Ministerio\u00bb. <\/p>\n<p class=\"voc-p\" style=\"\">Hay en juego casi <strong>9.000 millones de euros,<\/strong> que es lo que generan las exportaciones de carne de cerdo espa\u00f1ol. De ellas, 3.000 millones se generan en Catalu\u00f1a. Espa\u00f1a exporta a 104 pa\u00edses, de los cuales 24 han aceptado poner trabas solo a los productos porcinos de la zona,  mientras que todav\u00eda hay 20 que rechazan esta medida y han puesto coto a los productos nacionales.<\/p>\n<p>\n\u00bfC\u00f3mo se contagia?\n<\/p>\n<p class=\"voc-p\" style=\"\">La peste porcina africana se contagia principalmente por <strong>contacto<\/strong> entre ejemplares infectados (2-4 d\u00edas despu\u00e9s de la infecci\u00f3n el suido infectado puede transmitir la enfermedad a otro) as\u00ed como por la ingesti\u00f3n de alimentos o cualquier producto que est\u00e9 contaminado con el virus, lo que incluye cad\u00e1veres de ejemplares infectados. Tambi\u00e9n las garrapatas pueden ser hospedadoras del virus y transmitirlo por su picadura. <\/p>\n<p>\n\u00bfCu\u00e1nto tiempo tard\u00f3 Espa\u00f1a en erradicar el virus en el pasado?\n<\/p>\n<p class=\"voc-p\" style=\"\">M\u00e1s de treinta a\u00f1os tard\u00f3 Espa\u00f1a en estar libre de la enfermedad. La peste porcina africana lleg\u00f3 a Portugal en 1957 y desde ah\u00ed se introdujo en Espa\u00f1a, que declar\u00f3 su primer caso en 1960. Fue en 1994 cuando el pa\u00eds volvi\u00f3 a ser declarado oficialmente libre de la enfermedad. <\/p>\n<p>\n\u00bfQu\u00e9 pa\u00edses tienen peste porcina africana?\n<\/p>\n<p class=\"voc-p\" style=\"\">El virus est\u00e1 extendido en \u00c1frica subsahariana, donde no hay visos de su erradicaci\u00f3n. Adem\u00e1s, en los \u00faltimos a\u00f1os tambi\u00e9n se est\u00e1n declarando focos en Europa del este que se est\u00e1n expandiendo hacia el oeste. En concreto, se encuentra activo en 13 pa\u00edses de la Uni\u00f3n Europea: Italia, Alemania, Polonia, Estonia, Letonia, Lituania, Eslovaquia, Rep\u00fablica Checa, Hungr\u00eda, Grecia, Ruman\u00eda, Bulgaria y Croacia. <\/p>\n<p>\n\u00bfC\u00f3mo llega el virus a pa\u00edses que no lo tienen?\n<\/p>\n<p class=\"voc-p\" style=\"\">Seg\u00fan explica la Fundaci\u00f3n Artemisan, el virus \u00abpuede viajar\u00bb a trav\u00e9s de los veh\u00edculos, ropa, calzado y casi cualquier material que pueda impregnarse. En la carne contaminada, el virus es extremadamente resistente: sobre 110 d\u00edas en carne fresca, 1.000 d\u00edas en carne congelada, 18 meses en sangre a 4 \u00baC y varios meses en productos c\u00e1rnicos ahumados o curados. En jabal\u00edes muertos el virus puede sobrevivir varios meses si el cad\u00e1ver est\u00e1 en un lugar fr\u00edo. En todo caso, la v\u00eda de entrada m\u00e1s frecuente de enfermedad es a trav\u00e9s de productos contaminados con el virus que sirven de alimento a cerdos o jabal\u00edes, lo que sumado a las otras v\u00edas de transmisi\u00f3n que hemos mencionado, hacen que la PPA se acabe transmitiendo con mucha facilidad<\/p>\n<p>\n\u00bfC\u00f3mo afecta la superpoblacici\u00f3n de jabal\u00edes?\n<\/p>\n<p class=\"voc-p\" style=\"\">Espa\u00f1a ha duplicado el n\u00famero de ejemplares en una d\u00e9cada, y las estimaciones apuntan a que podr\u00eda albergar ya unos dos millones de jabal\u00edes silvestres. Esta sobreabundancia supone un riesgo ecol\u00f3gico y tambi\u00e9n sanitario, ya que son <strong>hospedadores de m\u00faltiples enfermedades<\/strong>. <\/p>\n<p class=\"voc-p\" style=\"\">\u00abUno de los motivos por los que hablamos siempre del peligro que tenemos con la sobreabundancia de jabal\u00edes era nos pudiese llegar la peste porcina africana\u00bb, explica Barasona. Se trata de una enfermedad &#8216;densodependiente&#8217;, a mayor densidad mayor riesgo de transmisi\u00f3n. \u00ab\u00bfPor qu\u00e9? Porque aumentan los contactos entre entre estos animales y hay mucho riesgo de que una de esos animales o de esas carcasas de jabal\u00ed o cad\u00e1ver sea consumido por otros animales\u00bb. <\/p>\n<p class=\"voc-p\" style=\"\">Pero el aumento del riesgo que supone la sobrepoblaci\u00f3n no es \u00fanicamente frente a la peste porcina africana. \u00abPodemos hablar de tuberculosis, enfermedad de Aujeszky (conocida como la seudorrabia), Crimea-Congo&#8230; constantemente van apareciendo infecciones en las que este animal, otros ungulados silvestres tambi\u00e9n, pero principalmente el jabal\u00ed, que por el tipo de comportamiento que tiene es mucho m\u00e1s f\u00e1cil que que mantenga altas prevalencias de de diferentes pat\u00f3genos\u00bb, dice Barasona.<\/p>\n<p>\n\u00bfCu\u00e1nto se tardar\u00e1 en volver a la normalidad?\n<\/p>\n<p class=\"voc-p\" style=\"\">La Fundaci\u00f3n Artemisan explica que, seg\u00fan el Manual pr\u00e1ctico elaborado por el Ministerio de Agricultura, Pesca, Alimentaci\u00f3n y Medio Ambiente, la vigilancia tras un brote de peste porcina africana en jabal\u00edes debe<strong> revisarse a los 6 y 12 meses<\/strong> tras su declaraci\u00f3n, por lo que podr\u00eda tardarse bastante tiempo para volver a la normalidad. En el caso de un brote en una granja, una vez que se han sacrificado los animales y realizado las tareas de desinfecci\u00f3n, se pueden traer cerdos de nuevo a los 40-45 d\u00edas, si bien hay que realizar an\u00e1lisis de forma continua para certificar que los animales est\u00e1n libres de la enfermedad. <\/p>\n","protected":false},"excerpt":{"rendered":"La reaparici\u00f3n de la peste porcina africana en Espa\u00f1a era un riesgo que llevaba tiempo sobrevolando ante el&hellip;\n","protected":false},"author":2,"featured_media":267075,"comment_status":"","ping_status":"","sticky":false,"template":"","format":"standard","meta":{"footnotes":""},"categories":[8],"tags":[65759,17,18,6365,5957,25,24,13,14,11,19,20,9,10,15,16,54096,54097,23,12,21,22,2275],"class_list":{"0":"post-267074","1":"post","2":"type-post","3":"status-publish","4":"format-standard","5":"has-post-thumbnail","7":"category-espana","8":"tag-africana","9":"tag-breaking-news","10":"tag-breakingnews","11":"tag-claves","12":"tag-dano","13":"tag-es","14":"tag-espana","15":"tag-featured-news","16":"tag-featurednews","17":"tag-headlines","18":"tag-latest-news","19":"tag-latestnews","20":"tag-news","21":"tag-noticias","22":"tag-noticias-destacadas","23":"tag-noticiasdestacadas","24":"tag-peste","25":"tag-porcina","26":"tag-spain","27":"tag-titulares","28":"tag-ultimas-noticias","29":"tag-ultimasnoticias","30":"tag-virus"},"share_on_mastodon":{"url":"https:\/\/pubeurope.com\/@es\/115649603626870994","error":""},"_links":{"self":[{"href":"https:\/\/www.europesays.com\/es\/wp-json\/wp\/v2\/posts\/267074","targetHints":{"allow":["GET"]}}],"collection":[{"href":"https:\/\/www.europesays.com\/es\/wp-json\/wp\/v2\/posts"}],"about":[{"href":"https:\/\/www.europesays.com\/es\/wp-json\/wp\/v2\/types\/post"}],"author":[{"embeddable":true,"href":"https:\/\/www.europesays.com\/es\/wp-json\/wp\/v2\/users\/2"}],"replies":[{"embeddable":true,"href":"https:\/\/www.europesays.com\/es\/wp-json\/wp\/v2\/comments?post=267074"}],"version-history":[{"count":0,"href":"https:\/\/www.europesays.com\/es\/wp-json\/wp\/v2\/posts\/267074\/revisions"}],"wp:featuredmedia":[{"embeddable":true,"href":"https:\/\/www.europesays.com\/es\/wp-json\/wp\/v2\/media\/267075"}],"wp:attachment":[{"href":"https:\/\/www.europesays.com\/es\/wp-json\/wp\/v2\/media?parent=267074"}],"wp:term":[{"taxonomy":"category","embeddable":true,"href":"https:\/\/www.europesays.com\/es\/wp-json\/wp\/v2\/categories?post=267074"},{"taxonomy":"post_tag","embeddable":true,"href":"https:\/\/www.europesays.com\/es\/wp-json\/wp\/v2\/tags?post=267074"}],"curies":[{"name":"wp","href":"https:\/\/api.w.org\/{rel}","templated":true}]}}