{"id":267076,"date":"2025-12-02T10:54:16","date_gmt":"2025-12-02T10:54:16","guid":{"rendered":"https:\/\/www.europesays.com\/es\/267076\/"},"modified":"2025-12-02T10:54:16","modified_gmt":"2025-12-02T10:54:16","slug":"mieres-enciende-el-alumbrado-navideno-este-viernes-con-musica-nieve-pintacaras-y-visitas-magicas","status":"publish","type":"post","link":"https:\/\/www.europesays.com\/es\/267076\/","title":{"rendered":"Mieres enciende el alumbrado navide\u00f1o este viernes con m\u00fasica, nieve, pintacaras y visitas m\u00e1gicas"},"content":{"rendered":"<p>Mieres inaugura este viernes 5 de diciembre la Navidad con el encendido del alumbrado navide\u00f1o desde la Plaza del Ayuntamiento. Ser\u00e1 a las 18 horas, pero antes, a partir de las 16.30 horas, habr\u00e1 actividades para que toda la familia, sobre todo los y las m\u00e1s peques, disfruten de una tarde m\u00e1gica y especial llena de diversi\u00f3n e ilusi\u00f3n. No faltar\u00e1n en esta tarde los ca\u00f1ones de nieve, elfos pintacaras y visitas como la de Pap\u00e1 Noel o Mickey y Minnie Mouse. Adem\u00e1s, actuar\u00e1 el Coro Minero de Tur\u00f3n para que todos y todas disfrutemos de una tarde especial.<\/p>\n<p>Desde la concejal\u00eda de Comercio, Hosteler\u00eda y Ferias que dirige Beatriz Fl\u00f3rez se ha organizado una tarde cargada de actividad que culminar\u00e1 con el encendido del alumbrado navide\u00f1o del concejo que dar\u00e1 color y ambiente festivo a las distintas calles, con lugares para photocall navide\u00f1o y con el tradicional \u00e1rbol de la calle La Vega \u2013detr\u00e1s del Ayuntamiento\u2014que ilumina la Asociaci\u00f3n Cultural y Minera Santa B\u00e1rbara como algunas de las im\u00e1genes navide\u00f1as m\u00e1s caracter\u00edsticas del concejo.<\/p>\n<p>La Navidad llega a Mieres este viernes y durante todo el mes no faltar\u00e1 una amplia programaci\u00f3n con eventos destacados como la Feria Navidad, Artesan\u00eda y Comercio del Parque Xovellanos, la visita del Anguleru o la Nochevieja Infantil. La primera cita de la Navidad en Mieres llega este viernes, no faltes.<\/p>\n","protected":false},"excerpt":{"rendered":"Mieres inaugura este viernes 5 de diciembre la Navidad con el encendido del alumbrado navide\u00f1o desde la Plaza&hellip;\n","protected":false},"author":2,"featured_media":267077,"comment_status":"","ping_status":"","sticky":false,"template":"","format":"standard","meta":{"footnotes":""},"categories":[5],"tags":[17,18,25,24,13,14,11,19,20,9,10,15,16,23,12,21,22],"class_list":{"0":"post-267076","1":"post","2":"type-post","3":"status-publish","4":"format-standard","5":"has-post-thumbnail","7":"category-titulares","8":"tag-breaking-news","9":"tag-breakingnews","10":"tag-es","11":"tag-espana","12":"tag-featured-news","13":"tag-featurednews","14":"tag-headlines","15":"tag-latest-news","16":"tag-latestnews","17":"tag-news","18":"tag-noticias","19":"tag-noticias-destacadas","20":"tag-noticiasdestacadas","21":"tag-spain","22":"tag-titulares","23":"tag-ultimas-noticias","24":"tag-ultimasnoticias"},"share_on_mastodon":{"url":"https:\/\/pubeurope.com\/@es\/115649607309275423","error":""},"_links":{"self":[{"href":"https:\/\/www.europesays.com\/es\/wp-json\/wp\/v2\/posts\/267076","targetHints":{"allow":["GET"]}}],"collection":[{"href":"https:\/\/www.europesays.com\/es\/wp-json\/wp\/v2\/posts"}],"about":[{"href":"https:\/\/www.europesays.com\/es\/wp-json\/wp\/v2\/types\/post"}],"author":[{"embeddable":true,"href":"https:\/\/www.europesays.com\/es\/wp-json\/wp\/v2\/users\/2"}],"replies":[{"embeddable":true,"href":"https:\/\/www.europesays.com\/es\/wp-json\/wp\/v2\/comments?post=267076"}],"version-history":[{"count":0,"href":"https:\/\/www.europesays.com\/es\/wp-json\/wp\/v2\/posts\/267076\/revisions"}],"wp:featuredmedia":[{"embeddable":true,"href":"https:\/\/www.europesays.com\/es\/wp-json\/wp\/v2\/media\/267077"}],"wp:attachment":[{"href":"https:\/\/www.europesays.com\/es\/wp-json\/wp\/v2\/media?parent=267076"}],"wp:term":[{"taxonomy":"category","embeddable":true,"href":"https:\/\/www.europesays.com\/es\/wp-json\/wp\/v2\/categories?post=267076"},{"taxonomy":"post_tag","embeddable":true,"href":"https:\/\/www.europesays.com\/es\/wp-json\/wp\/v2\/tags?post=267076"}],"curies":[{"name":"wp","href":"https:\/\/api.w.org\/{rel}","templated":true}]}}