{"id":267082,"date":"2025-12-02T11:03:08","date_gmt":"2025-12-02T11:03:08","guid":{"rendered":"https:\/\/www.europesays.com\/es\/267082\/"},"modified":"2025-12-02T11:03:08","modified_gmt":"2025-12-02T11:03:08","slug":"haro-catalan-y-los-dirigentes-celebraron-la-victoria-en-el-derbi-con-los-jugadores-en-el-vestuario","status":"publish","type":"post","link":"https:\/\/www.europesays.com\/es\/267082\/","title":{"rendered":"Haro, Catal\u00e1n y los dirigentes celebraron la victoria en el derbi con los jugadores en el vestuario"},"content":{"rendered":"<p style=\"\">Poco a poco van saliendo a la luz im\u00e1genes del interior del S\u00e1nchez-Pizju\u00e1n tras la victoria del Real Betis ante el Sevilla FC en El Gran Derbi de la 14\u00aa jornada de LaLiga 25-26. El club verdiblanco, a trav\u00e9s de su departamento de  &#8230; comunicaci\u00f3n y redes sociales, public\u00f3 en la tarde de ayer un v\u00eddeo en el que se puede comprobar lo que es actualmente la entidad: una pi\u00f1a, una familia, en la que todos van a una.<\/p>\n<p class=\"voc-p\" style=\"\">Y es que, a modo de resumen y comenzando por unas palabras de Antony sobre el c\u00e9sped del campo de Nervi\u00f3n en las que aseguraba el brasile\u00f1o tener plena confianza en el equipo, en los compa\u00f1eros que jugaban el derbi, pese a las importantes bajas con las que contaba Pellegrini, y tambi\u00e9n aparecen las declaraciones del t\u00e9cnico chileno tras el Betis &#8211; Utrecht en las que el santiaguino da el parte de bajas (Isco, Antony, Pau L\u00f3pez, Beller\u00edn, Lo Celso y Amrabat) sin ning\u00fan tipo de lamentaciones, el final del v\u00eddeo es destacado.<\/p>\n<p class=\"voc-p\" style=\"\">Porque se ve al presidente \u00c1ngel Haro, al vicepresidente Jos\u00e9 Miguel L\u00f3pez Catal\u00e1n y a consejeros b\u00e9ticos, como Jos\u00e9 Mar\u00eda Pagola o Carlos Gonz\u00e1lez de Castro, en la puerta del vestuario visitante del S\u00e1nchez-Pizju\u00e1n felicitando uno a uno a Manuel Pellegrini por la victoria y tambi\u00e9n c\u00f3mo se unen a la fiesta que hab\u00edan empezado los jugadores, t\u00e9cnicos y utilleros, junto a Joaqu\u00edn o Manu Fajardo en ese vestidor.<\/p>\n<p class=\"voc-p\" style=\"\">Un merecido triunfo de club, de entrenador, de plantilla y para toda una afici\u00f3n que por fin pudo celebrar y disfrutar volver a ganar en el estadio del eterno rival gracias a los tantos de Fornals y Altimira.<\/p>\n","protected":false},"excerpt":{"rendered":"Poco a poco van saliendo a la luz im\u00e1genes del interior del S\u00e1nchez-Pizju\u00e1n tras la victoria del Real&hellip;\n","protected":false},"author":2,"featured_media":267083,"comment_status":"","ping_status":"","sticky":false,"template":"","format":"standard","meta":{"footnotes":""},"categories":[268],"tags":[291,6061,39495,168,18298,9061,25,24,280,282,16494,1157,2713,54928,281,23,167,28690,1261],"class_list":{"0":"post-267082","1":"post","2":"type-post","3":"status-publish","4":"format-standard","5":"has-post-thumbnail","7":"category-futbol","8":"tag-betis","9":"tag-catalan","10":"tag-celebraron","11":"tag-deportes","12":"tag-derbi","13":"tag-dirigentes","14":"tag-es","15":"tag-espana","16":"tag-football","17":"tag-futbol","18":"tag-haro","19":"tag-imagen","20":"tag-jugadores","21":"tag-pina","22":"tag-soccer","23":"tag-spain","24":"tag-sports","25":"tag-vestuario","26":"tag-victoria"},"share_on_mastodon":{"url":"https:\/\/pubeurope.com\/@es\/115649642741005026","error":""},"_links":{"self":[{"href":"https:\/\/www.europesays.com\/es\/wp-json\/wp\/v2\/posts\/267082","targetHints":{"allow":["GET"]}}],"collection":[{"href":"https:\/\/www.europesays.com\/es\/wp-json\/wp\/v2\/posts"}],"about":[{"href":"https:\/\/www.europesays.com\/es\/wp-json\/wp\/v2\/types\/post"}],"author":[{"embeddable":true,"href":"https:\/\/www.europesays.com\/es\/wp-json\/wp\/v2\/users\/2"}],"replies":[{"embeddable":true,"href":"https:\/\/www.europesays.com\/es\/wp-json\/wp\/v2\/comments?post=267082"}],"version-history":[{"count":0,"href":"https:\/\/www.europesays.com\/es\/wp-json\/wp\/v2\/posts\/267082\/revisions"}],"wp:featuredmedia":[{"embeddable":true,"href":"https:\/\/www.europesays.com\/es\/wp-json\/wp\/v2\/media\/267083"}],"wp:attachment":[{"href":"https:\/\/www.europesays.com\/es\/wp-json\/wp\/v2\/media?parent=267082"}],"wp:term":[{"taxonomy":"category","embeddable":true,"href":"https:\/\/www.europesays.com\/es\/wp-json\/wp\/v2\/categories?post=267082"},{"taxonomy":"post_tag","embeddable":true,"href":"https:\/\/www.europesays.com\/es\/wp-json\/wp\/v2\/tags?post=267082"}],"curies":[{"name":"wp","href":"https:\/\/api.w.org\/{rel}","templated":true}]}}