{"id":267093,"date":"2025-12-02T11:12:10","date_gmt":"2025-12-02T11:12:10","guid":{"rendered":"https:\/\/www.europesays.com\/es\/267093\/"},"modified":"2025-12-02T11:12:10","modified_gmt":"2025-12-02T11:12:10","slug":"joaquin-sabina-y-su-adios-a-los-escenarios-asi-es-carmela-su-hija-mayor-productora-de-cine-ganadora-de-goya-con-veronica-echegui-y-gran-amiga-de-alfonso-bassave","status":"publish","type":"post","link":"https:\/\/www.europesays.com\/es\/267093\/","title":{"rendered":"Joaqu\u00edn Sabina y su adi\u00f3s a los escenarios: as\u00ed es Carmela, su hija mayor, productora de cine, ganadora de Goya con Ver\u00f3nica Echegui y gran amiga de Alfonso Bassave"},"content":{"rendered":"<p>\u201cEn los \u00faltimos a\u00f1os me he hecho muy amigo de su hija <a data-offer-url=\"https:\/\/www.instagram.com\/carmela_martinezoliart\/\" class=\"external-link\" data-event-click=\"{&quot;element&quot;:&quot;ExternalLink&quot;,&quot;outgoingURL&quot;:&quot;https:\/\/www.instagram.com\/carmela_martinezoliart\/&quot;}\" href=\"https:\/\/www.instagram.com\/carmela_martinezoliart\/\" rel=\"nofollow noopener\" target=\"_blank\">@carmela_martinezoliart<\/a> y eso me ha permitido, adem\u00e1s obviamente de conocer a <strong>una mujer maravillosa, lista y graciosa<\/strong> (de tal palo tal astilla) seguir conociendo al maestro desde otra perspectiva. Gracias amiga por invitarme a acompa\u00f1arte en esta despedida que es tan tuya pero tambi\u00e9n tan de todos, de este pa\u00eds y de los muchos que tu viejo ha inspirado durante m\u00e1s de 19 y quinientas noches. Hasta siempre Sabina \ud83c\udfa9\u201d, escrib\u00eda el actor de Respira junto a varias fotos y v\u00eddeos del concierto que tuvo lugar en el Movistar Arena de Madrid.<\/p>\n<p>Carmela Mart\u00ednez Oliart es la hija mayor que <a href=\"https:\/\/www.revistavanityfair.es\/articulos\/vanesa-martin-entrevista-disco-sabina\" rel=\"nofollow noopener\" target=\"_blank\">Joaqu\u00edn Sabina<\/a> tuvo con <strong>Isabel Oliart, hija del que fuera ministro de Industria de Adolfo Su\u00e1rez, Alberto Oliart.<\/strong> Seg\u00fan el libro Pongamos que hablo de Joaqu\u00edn. Una mirada personal a Joaqu\u00edn Sabina, escrito por el poeta y cantautor Joaqu\u00edn Carbonell, hay dos versiones sobre c\u00f3mo se conocieron el cantante e Isabel. En una se dice que empezaron a hablar sin que ninguno supiera nada del otro; en la otra versi\u00f3n, acreditada por el periodista Javier Men\u00e9ndez Flores, autor de Sabina: No amanece jam\u00e1s, se cuenta que Isabel apareci\u00f3 en el bar El\u00edgeme de Madrid y Joaqu\u00edn e Isabel acabaron la noche juntos. Al parecer, cuando el cantante se enter\u00f3 de que era hija de un ministro no le pareci\u00f3 mal. Estuvieron juntos desde 1986 hasta 1998 aunque nunca llegaron a casarse.<\/p>\n<p><strong>\u00abDigamos que yo no empec\u00e9 a hablar con mis hijas hasta que tuvieron edad de hablar conmigo.<\/strong> Tambi\u00e9n es verdad que aquella \u00e9poca yo daba 120 conciertos al a\u00f1o y ellas cuando ve\u00edan un avi\u00f3n dec\u00edan: \u201cAdi\u00f3s, Papa\u201d, explicaba <a href=\"https:\/\/www.revistavanityfair.es\/articulos\/pancho-varona-sabina-hija-familia-trayectoria\" rel=\"nofollow noopener\" target=\"_blank\">el cantante<\/a> sobre c\u00f3mo vivi\u00f3 la infancia de sus dos hijas. Esa relaci\u00f3n se fue fortaleciendo con el paso de los a\u00f1os y el cantante siempre se ha mostrado muy orgulloso de sus dos hijas. \u201dLa verdad es que he tenido suerte, est\u00e1n estupendas, son las dos muy diferentes, van a la Universidad, hacen teatro, leen, se divierten.\u00a0<strong>No van diciendo por ah\u00ed que son mis hijas, ni mucho menos<\/strong>. Sus amigos \u00edntimos lo saben, pero el resto de la gente no\u00bb, contaba Joaqu\u00edn Sabina en una entrevista. \u00c9l las ha dedicado varias canciones, como Ay, Carmela y Ay, Roc\u00edo, \u00abpara que no tuvieran envidia\u00bb, dijo con su habitual sorna.<\/p>\n<p><img decoding=\"async\" alt=\"Carmela junto a su madre Isabel Oliart.\" loading=\"lazy\" class=\"ResponsiveImageContainer-eNxvmU cfBbTk responsive-image__image\"   src=\"https:\/\/www.europesays.com\/es\/wp-content\/uploads\/2025\/12\/DL_u450299_006.jpg\"\/><\/p>\n<p>Carmela junto a su madre Isabel Oliart.<\/p>\n<p>Victor J Blanco<script async src=\"\/\/www.instagram.com\/embed.js\"><\/script><\/p>\n","protected":false},"excerpt":{"rendered":"\u201cEn los \u00faltimos a\u00f1os me he hecho muy amigo de su hija @carmela_martinezoliart y eso me ha permitido,&hellip;\n","protected":false},"author":2,"featured_media":267094,"comment_status":"","ping_status":"","sticky":false,"template":"","format":"standard","meta":{"footnotes":""},"categories":[91],"tags":[146,147,25,24,31320,185,23],"class_list":{"0":"post-267093","1":"post","2":"type-post","3":"status-publish","4":"format-standard","5":"has-post-thumbnail","7":"category-entretenimiento","8":"tag-entertainment","9":"tag-entretenimiento","10":"tag-es","11":"tag-espana","12":"tag-joaquin-sabina","13":"tag-musica","14":"tag-spain"},"share_on_mastodon":{"url":"https:\/\/pubeurope.com\/@es\/115649678402002764","error":""},"_links":{"self":[{"href":"https:\/\/www.europesays.com\/es\/wp-json\/wp\/v2\/posts\/267093","targetHints":{"allow":["GET"]}}],"collection":[{"href":"https:\/\/www.europesays.com\/es\/wp-json\/wp\/v2\/posts"}],"about":[{"href":"https:\/\/www.europesays.com\/es\/wp-json\/wp\/v2\/types\/post"}],"author":[{"embeddable":true,"href":"https:\/\/www.europesays.com\/es\/wp-json\/wp\/v2\/users\/2"}],"replies":[{"embeddable":true,"href":"https:\/\/www.europesays.com\/es\/wp-json\/wp\/v2\/comments?post=267093"}],"version-history":[{"count":0,"href":"https:\/\/www.europesays.com\/es\/wp-json\/wp\/v2\/posts\/267093\/revisions"}],"wp:featuredmedia":[{"embeddable":true,"href":"https:\/\/www.europesays.com\/es\/wp-json\/wp\/v2\/media\/267094"}],"wp:attachment":[{"href":"https:\/\/www.europesays.com\/es\/wp-json\/wp\/v2\/media?parent=267093"}],"wp:term":[{"taxonomy":"category","embeddable":true,"href":"https:\/\/www.europesays.com\/es\/wp-json\/wp\/v2\/categories?post=267093"},{"taxonomy":"post_tag","embeddable":true,"href":"https:\/\/www.europesays.com\/es\/wp-json\/wp\/v2\/tags?post=267093"}],"curies":[{"name":"wp","href":"https:\/\/api.w.org\/{rel}","templated":true}]}}