{"id":267099,"date":"2025-12-02T11:15:12","date_gmt":"2025-12-02T11:15:12","guid":{"rendered":"https:\/\/www.europesays.com\/es\/267099\/"},"modified":"2025-12-02T11:15:12","modified_gmt":"2025-12-02T11:15:12","slug":"el-papa-reza-en-el-epicentro-de-la-explosion-de-beirut-para-pedir-cuentas-a-los-responsables","status":"publish","type":"post","link":"https:\/\/www.europesays.com\/es\/267099\/","title":{"rendered":"El Papa reza en el epicentro de la explosi\u00f3n de Beirut para pedir cuentas a los responsables"},"content":{"rendered":"<p style=\"\">El silencio impotente de las familias de las v\u00edctimas y el del Papa Le\u00f3n junto al \u00abAlmac\u00e9n n\u00famero 12\u00bb del puerto de Beirut ha resonado en todo el L\u00edbano este martes como un <strong>grito de denuncia contra la clase pol\u00edtica que impide que se aclare <\/strong> &#8230; <strong>lo ocurrido<\/strong>. Han pasado cinco a\u00f1os desde <a href=\"https:\/\/www.abc.es\/sociedad\/cura-heroe-paro-pies-hizbola-impidio-israel-20251201135810-nt.html\" target=\"_self\" data-voc-vtm-id=\"in-text-traffic\" title=\"la explosi\u00f3n\" data-mrf-link=\"www.abc.es\" rel=\"nofollow noopener\">la explosi\u00f3n<\/a>, pero no se ha ido de la memoria de estas gentes el olor a quemado en este lugar, en el que quienes recuerdan a sus difuntos han pedido entre l\u00e1grimas al Pont\u00edfice que les ayude a que se conozca la verdad de lo ocurrido y a que los culpables asuman sus responsabilidades.<\/p>\n<p class=\"voc-p\" style=\"\">En el puerto parece que se ha detenido el tiempo desde el 4 de agosto de 2020 a las 18:07, cuando <strong>estallaron 2.750 toneladas de nitrato de amonio<\/strong> que se almacenaban desde hac\u00eda seis a\u00f1os en unos silos sin medidas de seguridad. El accidente se cobr\u00f3 al menos <strong>218 vidas y provoc\u00f3 6.500 heridos<\/strong> e ingentes da\u00f1os materiales en esta ciudad &#8211;<a href=\"https:\/\/www.abc.es\/sociedad\/papa-viaja-libano-tras-visita-historica-turquia-20251129175644-nt.html\" target=\"_self\" data-voc-vtm-id=\"in-text-traffic\" title=\"300.000 personas se quedaron sin casa\" data-mrf-link=\"www.abc.es\" rel=\"nofollow noopener\">300.000 personas se quedaron sin casa<\/a>. Alrededor del silo se ven detritos amasados, cables, hierros y veh\u00edculos completamente destrozados. S\u00f3lo se ha a\u00f1adido un olivo y una placa de m\u00e1rmol con los nombres de las v\u00edctimas.<\/p>\n<p class=\"voc-p\" style=\"\">Ha sido el momento culminante del viaje del Papa al L\u00edbano, pues en ese lugar le esperaban unas 60 personas, de todas las edades, incluso un beb\u00e9 de pocos meses. Algunos mostraban <a href=\"https:\/\/www.abc.es\/sociedad\/papa-despide-turquia-visita-vaticano-ortodoxos-tiende-20251130130603-nt.html\" target=\"_self\" data-voc-vtm-id=\"in-text-traffic\" title=\"heridas en los ojos y en los brazos\" data-mrf-link=\"www.abc.es\" rel=\"nofollow noopener\">heridas en los ojos y en los brazos<\/a>. Otros, las fotos de padres, hermanos, hijos e hijas que les arranc\u00f3 la explosi\u00f3n. \u00abUno de mis hijos muri\u00f3 aqu\u00ed, y otro perdi\u00f3 sus pies\u00bb, explica una elegante se\u00f1ora, Danam Basif Bata, que ha venido en silla de ruedas. \u00ab<strong>Ojal\u00e1 el Papa nos ayude a saber qu\u00e9 pas\u00f3<\/strong>, por qu\u00e9 tanta gente muri\u00f3, es lo \u00fanico que necesitamos\u00bb, dice antes de que se le rompa la voz. Luego, solicita que se escriba el nombre de su hijo, Abdul Bata.<\/p>\n<p class=\"voc-p\" style=\"\">Tatiana Hasrowty lleva una foto de su padre Hassan. \u00ab\u00c9l trabajaba aqu\u00ed y su edificio se derrumb\u00f3 y perdi\u00f3 la vida\u00bb. Dice que este gesto silencioso de Le\u00f3n les \u00abayudar\u00e1 a soportar el dolor. Tambi\u00e9n el Papa Francisco nos dio la esperanza porque <strong>nos hizo saber que conoce nuestro dolor<\/strong>\u00bb. \u00abLo sucedido nos une a cristianos y musulmanes, estamos unidos en oraci\u00f3n y en la esperanza de que se revele la verdad\u00bb, se despide. Nohad Abdo sostiene una foto plastificada de su sobrino Jack Baramakian, que con el pelo rubio despeinado mira a la c\u00e1mara con una mirada llena de vida. \u00abJack era el hijo de mi hermana, viv\u00eda en aquel edificio blanco\u00bb, dice mientras se\u00f1ala unas ruinas. \u00abEstaba en su casa, y all\u00ed falleci\u00f3 por la explosi\u00f3n. Tambi\u00e9n falleci\u00f3 su compa\u00f1era. Nos enteramos por las fotos. Fue terrible, muy duro\u00bb. \u00ab<strong>Queremos la verdad<\/strong>, saber qui\u00e9n es el responsable. Ojal\u00e1 hoy sea el d\u00eda\u00bb, implora.<\/p>\n<p class=\"voc-p\" style=\"\">Junto al memorial, esperaba al Papa el primer ministro Nawaf Salam, que lo ha recibido y lo ha acompa\u00f1ado desde una distancia prudente. Le\u00f3n ha mirado conmovido la desolaci\u00f3n de este lugar, y <strong>ha rezado en silencio varios minutos<\/strong> que se han hecho interminables. Luego, se ha acercado a la placa con los nombres de los fallecidos, donde hab\u00edan depositado de su parte una corona de flores rojas, y ha abierto los brazos y <a href=\"https:\/\/www.abc.es\/sociedad\/componente-avion-papal-cambiado-leon-xiv-pueda-20251129135130-nt.html\" target=\"_self\" data-voc-vtm-id=\"in-text-traffic\" title=\"musitado una oraci\u00f3n\" data-mrf-link=\"www.abc.es\" rel=\"nofollow noopener\">musitado una oraci\u00f3n<\/a>, quiz\u00e1 un padrenuestro. Despu\u00e9s se ha acercado a los familiares de las v\u00edctimas y a los heridos, para secar las l\u00e1grimas. No ha dicho nada, no hac\u00edan falta palabras.<\/p>\n<p class=\"voc-p\" style=\"\">El accidente fue el episodio culminante de una serie de crisis provocadas por corruptelas que dieron lugar primero a una inflaci\u00f3n desbocada, despu\u00e9s al colapso de la econom\u00eda libanesa, y que hicieron en mil pedazos su sue\u00f1o de ser como Suiza pero en Medio Oriente. Ya unos d\u00edas despu\u00e9s de la explosi\u00f3n el entonces presidente Michel Aoun <a href=\"https:\/\/www.abc.es\/sociedad\/papa-apoya-minoria-catolicos-turcos-vuestra-fuerza-20251128092829-nt.html\" target=\"_self\" data-voc-vtm-id=\"in-text-traffic\" title=\"descart\u00f3 que hiciera falta una investigaci\u00f3n internacional\" data-mrf-link=\"www.abc.es\" rel=\"nofollow noopener\">descart\u00f3 que hiciera falta una investigaci\u00f3n internacional<\/a> para buscar responsables. Tampoco lo vio necesario el l\u00edder de Hezbol\u00e1, Has\u00e1n Nasrala, asesinado el a\u00f1o pasado por Israel. Pero <strong>es una herida que no cura a tiempo<\/strong>. Han pasado cinco a\u00f1os y no ha cicatrizado.<\/p>\n","protected":false},"excerpt":{"rendered":"El silencio impotente de las familias de las v\u00edctimas y el del Papa Le\u00f3n junto al \u00abAlmac\u00e9n n\u00famero&hellip;\n","protected":false},"author":2,"featured_media":267100,"comment_status":"","ping_status":"","sticky":false,"template":"","format":"standard","meta":{"footnotes":""},"categories":[42],"tags":[63692,17,18,10305,18561,46,13,14,11,61,62,63,64,19,20,9,10,15,16,12629,10803,32232,35004,12,21,22,65,66,67],"class_list":{"0":"post-267099","1":"post","2":"type-post","3":"status-publish","4":"format-standard","5":"has-post-thumbnail","7":"category-internacional","8":"tag-beirut","9":"tag-breaking-news","10":"tag-breakingnews","11":"tag-cuentas","12":"tag-epicentro","13":"tag-explosion","14":"tag-featured-news","15":"tag-featurednews","16":"tag-headlines","17":"tag-internacional","18":"tag-international","19":"tag-international-news","20":"tag-internationalnews","21":"tag-latest-news","22":"tag-latestnews","23":"tag-news","24":"tag-noticias","25":"tag-noticias-destacadas","26":"tag-noticiasdestacadas","27":"tag-papa","28":"tag-pedir","29":"tag-responsables","30":"tag-reza","31":"tag-titulares","32":"tag-ultimas-noticias","33":"tag-ultimasnoticias","34":"tag-world","35":"tag-world-news","36":"tag-worldnews"},"share_on_mastodon":{"url":"https:\/\/pubeurope.com\/@es\/115649689999614066","error":""},"_links":{"self":[{"href":"https:\/\/www.europesays.com\/es\/wp-json\/wp\/v2\/posts\/267099","targetHints":{"allow":["GET"]}}],"collection":[{"href":"https:\/\/www.europesays.com\/es\/wp-json\/wp\/v2\/posts"}],"about":[{"href":"https:\/\/www.europesays.com\/es\/wp-json\/wp\/v2\/types\/post"}],"author":[{"embeddable":true,"href":"https:\/\/www.europesays.com\/es\/wp-json\/wp\/v2\/users\/2"}],"replies":[{"embeddable":true,"href":"https:\/\/www.europesays.com\/es\/wp-json\/wp\/v2\/comments?post=267099"}],"version-history":[{"count":0,"href":"https:\/\/www.europesays.com\/es\/wp-json\/wp\/v2\/posts\/267099\/revisions"}],"wp:featuredmedia":[{"embeddable":true,"href":"https:\/\/www.europesays.com\/es\/wp-json\/wp\/v2\/media\/267100"}],"wp:attachment":[{"href":"https:\/\/www.europesays.com\/es\/wp-json\/wp\/v2\/media?parent=267099"}],"wp:term":[{"taxonomy":"category","embeddable":true,"href":"https:\/\/www.europesays.com\/es\/wp-json\/wp\/v2\/categories?post=267099"},{"taxonomy":"post_tag","embeddable":true,"href":"https:\/\/www.europesays.com\/es\/wp-json\/wp\/v2\/tags?post=267099"}],"curies":[{"name":"wp","href":"https:\/\/api.w.org\/{rel}","templated":true}]}}