{"id":267123,"date":"2025-12-02T11:35:10","date_gmt":"2025-12-02T11:35:10","guid":{"rendered":"https:\/\/www.europesays.com\/es\/267123\/"},"modified":"2025-12-02T11:35:10","modified_gmt":"2025-12-02T11:35:10","slug":"vamos-a-ser-padres-embarazo-sorpresa-en-la-isla-de-las-tentaciones-9-y-enfado-de-sandra-barneda-television","status":"publish","type":"post","link":"https:\/\/www.europesays.com\/es\/267123\/","title":{"rendered":"\u201cVamos a ser padres\u201d: embarazo sorpresa en \u2018La isla de las tentaciones 9\u2019 y enfado de Sandra Barneda | Televisi\u00f3n"},"content":{"rendered":"<p class=\"\"><a href=\"https:\/\/elpais.com\/television\/2025-11-04\/la-isla-de-las-tentaciones-la-version-emocional-de-la-casa-de-la-guasa.html\" target=\"_self\" rel=\"nofollow noopener\" title=\"https:\/\/elpais.com\/television\/2025-11-04\/la-isla-de-las-tentaciones-la-version-emocional-de-la-casa-de-la-guasa.html\">La isla de las tentaciones nunca deja de sorprender<\/a>. El concurso de parejas presentado por Sandra Barneda vivi\u00f3 este lunes uno de los momentos m\u00e1s inesperados de la novena edici\u00f3n cuando \u00c1lvaro y Mayeli contaron que iban a ser padres. En este \u00faltimo cap\u00edtulo, los concursantes, que ya hab\u00edan participado en la anterior edici\u00f3n del programa (ella como tentadora), se enfrentaron a \u201cuna hoguera de las consecuencias\u201d en la que terminaron revelando que ella estaba embarazada. La presentadora reaccion\u00f3 sorprendida: \u201c\u00bfPerdona?\u201c.<\/p>\n<p>M\u00e1s informaci\u00f3n<\/p>\n<p class=\"\">Barneda pregunt\u00f3 a Mayeli si estaba embarazada justo despu\u00e9s de que su pareja, \u00c1lvaro, soltase la bomba: \u201cVamos a ser padres\u201d. El concursante explic\u00f3 que este era el motivo por el cual no hab\u00eda podido disfrutar de la experiencia. \u201cEso es algo que me corresponde decir a m\u00ed, es mi cuerpo y si quiero lo digo y si no, no, no te corresponde a ti\u201d, contest\u00f3 ella mirando a su pareja, que se fue llorando hacia el mar. \u201c\u00bfPor qu\u00e9 ocultar algo que para nosotros es maravilloso\u00bb, insisti\u00f3 \u00e9l. \u201cPorque no quiero estar contigo\u201d, remat\u00f3 ella, para terminar asintiendo: \u201c\u00bfSandra t\u00eda qu\u00e9 hago? Estoy embarazada\u201d.<\/p>\n<p class=\"\">\u201cNo entiendo nada de verdad, hab\u00e9is ocultado un embarazo \u00bfqu\u00e9 locura es esta? \u00bfy si te hubiese ocurrido algo? \u00bfentiendes los riesgos? \u00bfentiendes en la posici\u00f3n en la que nos has colocado a nosotros\u201d, reaccion\u00f3 Barneda, que no dej\u00f3 de expresar lo grave que le parec\u00eda la situaci\u00f3n de viajar hasta Republica Dominicana sin supuestamente contar la noticia. \u201cMe he equivocado viniendo aqu\u00ed sin decir nada al equipo. No ten\u00eda que haber venido aqu\u00ed a ver si me quer\u00eda o no me quer\u00eda\u201d, insisti\u00f3 Mayeli, que dej\u00f3 claro que hab\u00eda sido ella la que pidi\u00f3 a \u00c1lvaro que lo ocultase. <\/p>\n<p>M\u00e1s informaci\u00f3n<\/p>\n<p class=\"\">Mayeli, tentadora de la pasada edici\u00f3n, entr\u00f3 m\u00e1s tarde a esta nueva temporada y lo hizo con su pareja \u00c1lvaro, que tambi\u00e9n hab\u00eda participado en la octava entrega. Ella ya hab\u00eda sido expulsada por el programa antes de enfrentarse a la hoguera de las consecuencias por haber lanzado un vaso a uno de los tentadores de su villa. Tras la emisi\u00f3n de este lunes en la que ambos decidieron abandonar el concurso solos, ella emiti\u00f3 un comunicado en Instagram en el que explicaba su situaci\u00f3n: \u201cHe estado desaparecida un tiempo y va a seguir siendo as\u00ed durante un tiempo. Necesito apartarme de las redes sociales por mi propio bienestar\u201d. En su mensaje ha insistido en que no estaba viendo La isla de las tentaciones \u201cpor salud mental\u201d y tambi\u00e9n lo mucho que le afectaban los comentarios y \u201cel hate\u201d (odio) recibido. Tambi\u00e9n ha agradecido los mensajes de apoyo. La participante ha querido dejar claro que no ha comentado nada del programa ni ha acudido a los debates: \u201cMuy pronto pod\u00e9is escuchar la verdad directamente de mi boca\u201d.<\/p>\n<p class=\"\">La presentadora Sandra Barneda est\u00e1 al frente de este formato producido por Mediaset en colaboraci\u00f3n con Cuarzo Producciones (Banijay Iberia). En esta ocasi\u00f3n, la cadena ha planificado una triple entrega semanal que arranca a las 21.45 los lunes con un programa con su duraci\u00f3n habitual, y los martes y mi\u00e9rcoles con entregas reducidas en el access prime time (justo despu\u00e9s del informativo). Adem\u00e1s, los domingos se emite en Telecinco el debate del que est\u00e1 siendo <a href=\"https:\/\/elpais.com\/television\/2025-12-01\/antena-3-vuelve-a-ser-lider-en-noviembre-pero-la-1-se-le-acerca-con-su-mejor-dato-en-14-anos.html\" target=\"_self\" rel=\"nofollow noopener\" title=\"https:\/\/elpais.com\/television\/2025-12-01\/antena-3-vuelve-a-ser-lider-en-noviembre-pero-la-1-se-le-acerca-con-su-mejor-dato-en-14-anos.html\">uno de los pocos salvavidas en audiencias de una Telecinco hundida<\/a>. Este lunes, el programa fue l\u00edder con un 16,1% de cuota de pantalla y 1.351.000 espectadores de media, y la d\u00e9cima edici\u00f3n comenzar\u00e1 a rodarse este mismo enero.<\/p>\n","protected":false},"excerpt":{"rendered":"La isla de las tentaciones nunca deja de sorprender. El concurso de parejas presentado por Sandra Barneda vivi\u00f3&hellip;\n","protected":false},"author":2,"featured_media":267124,"comment_status":"","ping_status":"","sticky":false,"template":"","format":"standard","meta":{"footnotes":""},"categories":[91],"tags":[146,147,25,24,256,14194,955,35749,18070,4253,23,692,807],"class_list":{"0":"post-267123","1":"post","2":"type-post","3":"status-publish","4":"format-standard","5":"has-post-thumbnail","7":"category-entretenimiento","8":"tag-entertainment","9":"tag-entretenimiento","10":"tag-es","11":"tag-espana","12":"tag-famosos","13":"tag-la-isla-de-las-tentaciones","14":"tag-mediaset","15":"tag-programa-television","16":"tag-reality-show","17":"tag-sandra-barneda","18":"tag-spain","19":"tag-telecinco","20":"tag-television"},"share_on_mastodon":{"url":"https:\/\/pubeurope.com\/@es\/115649768697518936","error":""},"_links":{"self":[{"href":"https:\/\/www.europesays.com\/es\/wp-json\/wp\/v2\/posts\/267123","targetHints":{"allow":["GET"]}}],"collection":[{"href":"https:\/\/www.europesays.com\/es\/wp-json\/wp\/v2\/posts"}],"about":[{"href":"https:\/\/www.europesays.com\/es\/wp-json\/wp\/v2\/types\/post"}],"author":[{"embeddable":true,"href":"https:\/\/www.europesays.com\/es\/wp-json\/wp\/v2\/users\/2"}],"replies":[{"embeddable":true,"href":"https:\/\/www.europesays.com\/es\/wp-json\/wp\/v2\/comments?post=267123"}],"version-history":[{"count":0,"href":"https:\/\/www.europesays.com\/es\/wp-json\/wp\/v2\/posts\/267123\/revisions"}],"wp:featuredmedia":[{"embeddable":true,"href":"https:\/\/www.europesays.com\/es\/wp-json\/wp\/v2\/media\/267124"}],"wp:attachment":[{"href":"https:\/\/www.europesays.com\/es\/wp-json\/wp\/v2\/media?parent=267123"}],"wp:term":[{"taxonomy":"category","embeddable":true,"href":"https:\/\/www.europesays.com\/es\/wp-json\/wp\/v2\/categories?post=267123"},{"taxonomy":"post_tag","embeddable":true,"href":"https:\/\/www.europesays.com\/es\/wp-json\/wp\/v2\/tags?post=267123"}],"curies":[{"name":"wp","href":"https:\/\/api.w.org\/{rel}","templated":true}]}}