{"id":267135,"date":"2025-12-02T11:45:11","date_gmt":"2025-12-02T11:45:11","guid":{"rendered":"https:\/\/www.europesays.com\/es\/267135\/"},"modified":"2025-12-02T11:45:11","modified_gmt":"2025-12-02T11:45:11","slug":"rafa-nadal-se-pronuncia-sobre-su-posible-presidencia-del-real-madrid","status":"publish","type":"post","link":"https:\/\/www.europesays.com\/es\/267135\/","title":{"rendered":"Rafa Nadal se pronuncia sobre su posible presidencia del Real Madrid"},"content":{"rendered":"<p class=\"ft-text\"><a class=\"ft-link ft-link--decoration\" href=\"https:\/\/www.sport.es\/es\/noticias\/tenis\/nadal-mensaje-vinicius-entender-autoridad-124081897\" rel=\"nofollow noopener\" target=\"_blank\">El nombre de Rafa Nadal se est\u00e1 vinculando en los \u00faltimos tiempos como una de las opciones para suceder a Florentino P\u00e9rez<\/a> en la presidencia del Real Madrid.<strong> El de Manacor se pronunci\u00f3 en una entrevista al programa &#8216;El Larguero&#8217; de la Cadena SER <\/strong>y no hizo ni mucho menos ascos a la opci\u00f3n de optar alg\u00fan d\u00eda a este cargo.<\/p>\n<p class=\"ft-text\">Nadal, declarado seguidor merengue, afirm\u00f3 que \u201c<strong>no estoy cansado que me pregunten si quiero ser presidente del Real Madrid<\/strong>, pero entre lo que digo y lo que se dice&#8230; no s\u00e9 si me explico mal\u00bb.<\/p>\n<p class=\"ft-text\">El ex tenista volvi\u00f3 a exponer su tesis para no dejar dudas: \u00ab<strong>Hay unos estatutos que dicen que necesitas ser muchos a\u00f1os socios&#8230;<\/strong> pero m\u00e1s all\u00e1 de esto, entiendo este tema como un concepto&#8230; es posible que s\u00ed, <strong>aunque de aqu\u00ed a que sea una posibilidad real, me queda muy lejos<\/strong>\u00ab.<\/p>\n<p class=\"ft-text\"><strong>Nadal recalc\u00f3 que \u00abesta es la realidad que opino del tema\u00bb<\/strong> y que llegado el caso \u00ab<strong>me deber\u00eda pensar muchas cosas parea hacer alg\u00fan d\u00eda plantearme en este sentido<\/strong>\u00ab.<\/p>\n<p class=\"ft-text\">Rafa Nadal colg\u00f3 la raqueta hace un a\u00f1o y<strong> ahora vive muy centrado en su academia ten\u00edstica <\/strong>y otros proyectos, entre los que, a corto plazo, no figura el f\u00fatbol, pese a ser un gran seguidor.<\/p>\n","protected":false},"excerpt":{"rendered":"El nombre de Rafa Nadal se est\u00e1 vinculando en los \u00faltimos tiempos como una de las opciones para&hellip;\n","protected":false},"author":2,"featured_media":267136,"comment_status":"","ping_status":"","sticky":false,"template":"","format":"standard","meta":{"footnotes":""},"categories":[274],"tags":[168,25,24,205,6894,23,167,327,326],"class_list":{"0":"post-267135","1":"post","2":"type-post","3":"status-publish","4":"format-standard","5":"has-post-thumbnail","7":"category-tenis","8":"tag-deportes","9":"tag-es","10":"tag-espana","11":"tag-madrid","12":"tag-rafa-nadal","13":"tag-spain","14":"tag-sports","15":"tag-tenis","16":"tag-tennis"},"share_on_mastodon":{"url":"https:\/\/pubeurope.com\/@es\/115649807816863900","error":""},"_links":{"self":[{"href":"https:\/\/www.europesays.com\/es\/wp-json\/wp\/v2\/posts\/267135","targetHints":{"allow":["GET"]}}],"collection":[{"href":"https:\/\/www.europesays.com\/es\/wp-json\/wp\/v2\/posts"}],"about":[{"href":"https:\/\/www.europesays.com\/es\/wp-json\/wp\/v2\/types\/post"}],"author":[{"embeddable":true,"href":"https:\/\/www.europesays.com\/es\/wp-json\/wp\/v2\/users\/2"}],"replies":[{"embeddable":true,"href":"https:\/\/www.europesays.com\/es\/wp-json\/wp\/v2\/comments?post=267135"}],"version-history":[{"count":0,"href":"https:\/\/www.europesays.com\/es\/wp-json\/wp\/v2\/posts\/267135\/revisions"}],"wp:featuredmedia":[{"embeddable":true,"href":"https:\/\/www.europesays.com\/es\/wp-json\/wp\/v2\/media\/267136"}],"wp:attachment":[{"href":"https:\/\/www.europesays.com\/es\/wp-json\/wp\/v2\/media?parent=267135"}],"wp:term":[{"taxonomy":"category","embeddable":true,"href":"https:\/\/www.europesays.com\/es\/wp-json\/wp\/v2\/categories?post=267135"},{"taxonomy":"post_tag","embeddable":true,"href":"https:\/\/www.europesays.com\/es\/wp-json\/wp\/v2\/tags?post=267135"}],"curies":[{"name":"wp","href":"https:\/\/api.w.org\/{rel}","templated":true}]}}