{"id":267139,"date":"2025-12-02T11:49:08","date_gmt":"2025-12-02T11:49:08","guid":{"rendered":"https:\/\/www.europesays.com\/es\/267139\/"},"modified":"2025-12-02T11:49:08","modified_gmt":"2025-12-02T11:49:08","slug":"madrid-espera-a-su-reina","status":"publish","type":"post","link":"https:\/\/www.europesays.com\/es\/267139\/","title":{"rendered":"Madrid espera a su reina"},"content":{"rendered":"<p class=\"\">El 9 de mayo de 1990 lleg\u00f3 al mundo en Madrid una de las referente del f\u00fatbol espa\u00f1ol: <b>Jenni Hermoso<\/b>. Ella fue una de las primeras. Una de esas ni\u00f1as que crey\u00f3 en su pasi\u00f3n cuando parec\u00eda prohibido. Se meti\u00f3 en los partidos del patio del colegio. Creci\u00f3 pegada a un bal\u00f3n en las pachangas de su barrio madrile\u00f1o de <b>Carabanchel<\/b>. <\/p>\n<p class=\"\">Esa ni\u00f1a alta y espigada despuntaba con los de su edad. Se regateaba a los mayores. Hacia viguer\u00edas con sus pies. Tanto es as\u00ed que pronto la vinieron a buscar. Fue el equipo que en aquel momento llevaba la voz cantante en el f\u00fatbol femenino en Espa\u00f1a: el <b>Rayo Vallecano<\/b>. Se curti\u00f3 con las mejores, y pronto se le qued\u00f3 peque\u00f1o. Dio el salto a la liga sueca, al <b>Tyres\u00f6<\/b>. Emigrar para cumplir su gran sue\u00f1o. <\/p>\n<blockquote class=\"a_q\">\n<p>\u201cLa Jenni Hermoso como persona tambi\u00e9n agradece todo lo que lo que le ha pasado y lo que ha ido superando\u201d<\/p>\n<p>Jenni<\/p><\/blockquote>\n<p class=\"\">\u201cLa Jenni Hermoso como persona tambi\u00e9n agradece todo lo que lo que le ha pasado y lo que ha ido superando. A d\u00eda de hoy poder cerrar con repetir esta historia es algo que enmarcar\u00eda en mi vida para siempre. Al 2026 le pido lo mismo que desde hace unos a\u00f1os: tranquilidad y mantenerme siempre fiel a la esencia que tengo siempre dentro y poder disfrutar del f\u00fatbol todav\u00eda\u201d, admiti\u00f3. <\/p>\n<p class=\"\">El <b>Barcelona <\/b>le dio una gran oportunidad de regresar a <b>Espa\u00f1a<\/b>, con un impass en el <b>PSG<\/b>. Se dio cuenta de que como en \u2018casa\u2019, en ning\u00fan lado. Una temporada en el <b>Atl\u00e9tico de Madrid<\/b> y vuelta al Bar\u00e7a para vivir los mejores a\u00f1os de su vida profesional. Cuando el f\u00fatbol femenino daba un salto, Jenni, de nuevo, tuvo que emigrar.<\/p>\n<p>Noticias relacionadas<\/p>\n<p class=\"\">Esta vez a <b>M\u00e9xico<\/b>. Desde la otra parte del mundo a\u00f1ora su tierra, especialmente su Madrid. \u201cGracias a ellos soy lo que soy hoy. Cuando cruce ese t\u00fanel y vea el estadio lleno y sepa que est\u00e1 ah\u00ed mi familia va a ser muy emocionante y muy bonito porque quiero que est\u00e9n en todo y en cosas tan bonitas como ese d\u00eda y esa final ya a partido \u00fanico lo vamos a disfrutar mucho todos\u201c, admiti\u00f3 emocionada ante este partido hist\u00f3rico. No hay mejor embajadora que Jenni, all\u00e1 donde este. Nunca es tarde para cumplir sue\u00f1os. A sus 35 a\u00f1os, Jenni lo har\u00e1 ma\u00f1ana: jugar por un t\u00edtulo en el <b>Metropolitano<\/b>, ante su gente, en su Madrid. Nunca es tarde para so\u00f1ar. <\/p>\n<p class=\"\"><b>\u00a1Tus opiniones importan!<\/b> Comenta en los art\u00edculos y suscr\u00edbete gratis a nuestra <a href=\"https:\/\/asfan.as.com\/newsletters\/\" target=\"_blank\" rel=\"nofollow noopener\" title=\"https:\/\/asfan.as.com\/newsletters\/\">newsletter<\/a> y a las alertas informativas en la <a href=\"https:\/\/as.com\/aplicacion-de-as-n\/\" target=\"_blank\" rel=\"nofollow noopener\" title=\"https:\/\/as.com\/aplicacion-de-as-n\/\">App<\/a> o el canal de <a href=\"https:\/\/www.whatsapp.com\/channel\/0029VaAasdA7j6g745nz9M10\" target=\"_blank\" rel=\"nofollow noopener\" title=\"https:\/\/www.whatsapp.com\/channel\/0029VaAasdA7j6g745nz9M10\">WhatsApp<\/a>. \u00bfBuscas licenciar contenido? Haz clic <a href=\"https:\/\/profesional.elpais.com\/soluciones-sindicacion?utm_medium=interno&amp;utm_source=crosslinking&amp;utm_campaign=sindicacion_as_pie_articulos\" target=\"_blank\" rel=\"nofollow noopener\" title=\"https:\/\/profesional.elpais.com\/soluciones-sindicacion?utm_medium=interno&amp;utm_source=crosslinking&amp;utm_campaign=sindicacion_as_pie_articulos\">aqu\u00ed<\/a><\/p>\n","protected":false},"excerpt":{"rendered":"El 9 de mayo de 1990 lleg\u00f3 al mundo en Madrid una de las referente del f\u00fatbol espa\u00f1ol:&hellip;\n","protected":false},"author":2,"featured_media":267140,"comment_status":"","ping_status":"","sticky":false,"template":"","format":"standard","meta":{"footnotes":""},"categories":[268],"tags":[168,25,24,280,282,281,23,167],"class_list":{"0":"post-267139","1":"post","2":"type-post","3":"status-publish","4":"format-standard","5":"has-post-thumbnail","7":"category-futbol","8":"tag-deportes","9":"tag-es","10":"tag-espana","11":"tag-football","12":"tag-futbol","13":"tag-soccer","14":"tag-spain","15":"tag-sports"},"share_on_mastodon":{"url":"https:\/\/pubeurope.com\/@es\/115649823862475273","error":""},"_links":{"self":[{"href":"https:\/\/www.europesays.com\/es\/wp-json\/wp\/v2\/posts\/267139","targetHints":{"allow":["GET"]}}],"collection":[{"href":"https:\/\/www.europesays.com\/es\/wp-json\/wp\/v2\/posts"}],"about":[{"href":"https:\/\/www.europesays.com\/es\/wp-json\/wp\/v2\/types\/post"}],"author":[{"embeddable":true,"href":"https:\/\/www.europesays.com\/es\/wp-json\/wp\/v2\/users\/2"}],"replies":[{"embeddable":true,"href":"https:\/\/www.europesays.com\/es\/wp-json\/wp\/v2\/comments?post=267139"}],"version-history":[{"count":0,"href":"https:\/\/www.europesays.com\/es\/wp-json\/wp\/v2\/posts\/267139\/revisions"}],"wp:featuredmedia":[{"embeddable":true,"href":"https:\/\/www.europesays.com\/es\/wp-json\/wp\/v2\/media\/267140"}],"wp:attachment":[{"href":"https:\/\/www.europesays.com\/es\/wp-json\/wp\/v2\/media?parent=267139"}],"wp:term":[{"taxonomy":"category","embeddable":true,"href":"https:\/\/www.europesays.com\/es\/wp-json\/wp\/v2\/categories?post=267139"},{"taxonomy":"post_tag","embeddable":true,"href":"https:\/\/www.europesays.com\/es\/wp-json\/wp\/v2\/tags?post=267139"}],"curies":[{"name":"wp","href":"https:\/\/api.w.org\/{rel}","templated":true}]}}