{"id":267143,"date":"2025-12-02T11:53:19","date_gmt":"2025-12-02T11:53:19","guid":{"rendered":"https:\/\/www.europesays.com\/es\/267143\/"},"modified":"2025-12-02T11:53:19","modified_gmt":"2025-12-02T11:53:19","slug":"vintv-anuncia-sus-estrenos-de-enero-con-dos-series-nostalgicas-y-cine-de-los-80","status":"publish","type":"post","link":"https:\/\/www.europesays.com\/es\/267143\/","title":{"rendered":"VinTV anuncia sus estrenos de enero con dos series nost\u00e1lgicas y cine de los 80"},"content":{"rendered":"<p>El canal de televisi\u00f3n de la nostalgia, VinTV, ha anunciado los <strong>estrenos que tendr\u00e1 en el mes de enero<\/strong> de 2026. AMC comenzar\u00e1 el a\u00f1o d\u00e1ndole a este canal un impulso con dos series de estreno y un repertorio de pel\u00edculas de los 80 que incluye algunos de los mayores cl\u00e1sicos de la d\u00e9cada.<\/p>\n<p><strong>En AMC siempre van por delante<\/strong> y, una vez m\u00e1s, se adelantan a las fechas para que podamos conocer cu\u00e1les ser\u00e1n los estrenos de VinTV en el pr\u00f3ximo mes. En enero de 2026, este canal disponible en operadoras como Vodafone y Orange, ofrecer\u00e1 mucha m\u00e1s nostalgia.<\/p>\n<p>Series de VinTV en enero de 2026<\/p>\n<p><strong>Este mes habr\u00e1 dos series de estreno<\/strong> y un evento especial, adem\u00e1s de cine nost\u00e1lgico en el espacio Cine Vin que ya ha amasado una gran popularidad.<\/p>\n<p>Buffy Cazavampiros<\/p>\n<p>El 19 de noviembre te avanzamos que Buffy Cazavampiros ser\u00eda <a href=\"https:\/\/www.adslzone.net\/noticias\/streaming-tv\/canal-vintv-anuncia-proximo-estreno-planes-diciembre\/\" target=\"_blank\" rel=\"noopener noreferrer nofollow\">el pr\u00f3ximo gran estreno de VinTV<\/a>. Ahora la productora AMC lo confirma. La serie har\u00e1 su debut en el canal de televisi\u00f3n <strong>el d\u00eda 2 de enero de 2026 a las 21:30 horas<\/strong>, convirti\u00e9ndose en el nuevo plato fuerte del prime time de la nostalgia.<\/p>\n<p><img decoding=\"async\" loading=\"lazy\" width=\"1280\" height=\"720\" src=\"https:\/\/www.europesays.com\/es\/wp-content\/uploads\/2025\/12\/Buffy-Cazavampiros-estreno-canal-VinTV.png\" alt=\"Buffy Cazavampiros en VinTV\"\/><\/p>\n<p>La serie Buffy Cazavampiros se emitir\u00e1 en VinTV desde enero de 2026. \/ Foto: AMC Networks International<\/p>\n<p>A partir de ese momento, la serie se emitir\u00e1 <strong>todos los viernes a la misma hora<\/strong> hasta que se complete la primera temporada de 12 episodios. Como de costumbre, luego es de imaginar que VinTV continuar\u00e1 con m\u00e1s temporadas. Al fin y al cabo, el canal se ha comprometido a emitir todas las series al completo. Adem\u00e1s, la serie tambi\u00e9n estar\u00e1 disponible en VOD.<\/p>\n<p>En Buffy Cazavampiros, Sarah Michelle Gellar se convierte en una cazavampiros que tiene que <strong>luchar contra seres de la oscuridad<\/strong>. La serie fue un gran \u00e9xito en todo el mundo.<\/p>\n<p>Norte y Sur Temporada 2<\/p>\n<p>El lunes 5 de enero a las 21:30 horas, se producir\u00e1 el estreno de la <strong>segunda temporada de Norte y Sur<\/strong>. Se emitir\u00e1 los lunes a las 21:30 horas para emitir sus seis episodios de 90 minutos cada uno.<\/p>\n<p><img decoding=\"async\" loading=\"lazy\" width=\"1280\" height=\"720\" src=\"https:\/\/www.europesays.com\/es\/wp-content\/uploads\/2025\/12\/Norte-Sur-Temporada-2-canal-VinTV.png\" alt=\"La segunda temporada de Norte y Sur en VinTV\"\/><\/p>\n<p>VinTV estrena en enero la segunda temporada de Norte y Sur. \/ Foto: AMC Networks International<\/p>\n<p>La serie da un giro dram\u00e1tico cuando <strong>comienza la Guerra Civil de Estados Unidos<\/strong> y los protagonistas se encuentran en distintos bandos. Fue una ficci\u00f3n adelantada a su \u00e9poca y que retrata sentimientos de amistad, valor y honor de una manera impactante.<\/p>\n<p>Adem\u00e1s de la emisi\u00f3n y su disponibilidad en VOD, VinTV menciona que el d\u00eda 1 de enero desde las 12:00 horas se emitir\u00e1 <strong>una marat\u00f3n de A\u00f1o Nuevo<\/strong>.<\/p>\n<p>Twin Peaks<\/p>\n<p>Aunque Twin Peaks ya estuvo en el estreno de VinTV, la serie regresa para que <strong>los domingos por la tarde de enero<\/strong> sean m\u00e1s emocionantes.<\/p>\n<p><img decoding=\"async\" loading=\"lazy\" width=\"1280\" height=\"720\" src=\"https:\/\/www.europesays.com\/es\/wp-content\/uploads\/2025\/12\/Twin-Peaks-reestreno-VinTV-enero-2026.png\" alt=\"Reestreno de Twin Peaks en VinTV\"\/><\/p>\n<p>VinTV volver\u00e1 a emitir Twin Peaks en enero de 2026. \/ Foto: AMC Networks International<\/p>\n<p><strong>VinTV quiere recordar a David Lynch<\/strong> en el aniversario de su fallecimiento realizando la emisi\u00f3n de la serie los domingos por la tarde. La serie tambi\u00e9n est\u00e1 disponible en VOD y se trata de una de las m\u00e1s grandes producciones que se hayan visto en la televisi\u00f3n. Se emitir\u00e1n la primera y segunda temporada en orden hasta completarlas.<\/p>\n<p>Cine Vin de enero<\/p>\n<p>El equipo de VinTV sabe que su franja de cine re\u00fane a todos <strong>los amantes de las pel\u00edculas de los 80 y 90<\/strong>, as\u00ed que est\u00e1n seleccionando t\u00edtulos de la mayor calidad.<\/p>\n<p>Todas estas <strong>pel\u00edculas se emitir\u00e1n en horario de 16:00 horas<\/strong> los s\u00e1bados y domingos a raz\u00f3n de la lista que compartimos contigo a continuaci\u00f3n.<\/p>\n<p><strong>Programaci\u00f3n Cine Vin<\/strong><\/p>\n<ul>\n<li>Superman IV: En busca de la paz \u2013 S\u00e1bado 3 de enero<\/li>\n<li>Eduardo Manostijeras \u2013 Domingo 4 de enero<\/li>\n<li><strong>Jungla de cristal<\/strong> \u2013 S\u00e1bado 10 de enero<\/li>\n<li>Comando \u2013 Domingo 11 de enero<\/li>\n<li>No puedes comprar mi amor \u2013 S\u00e1bado 17 de enero<\/li>\n<li>Oficial y caballero \u2013 Domingo 18 de enero<\/li>\n<li>Abyss \u2013 S\u00e1bado 24 de enero<\/li>\n<li>Risky Business \u2013 Domingo 25 de enero<\/li>\n<li><strong>Golpe en la peque\u00f1a China<\/strong> \u2013 S\u00e1bado 31 de enero<\/li>\n<\/ul>\n<p><img decoding=\"async\" loading=\"lazy\" width=\"1280\" height=\"720\" src=\"https:\/\/www.europesays.com\/es\/wp-content\/uploads\/2025\/12\/Cine-Vin-VinTV-enero-2026.png\" alt=\"El espacio de cine de VinTV tendr\u00e1 m\u00e1s cl\u00e1sicos\"\/><\/p>\n<p>VinTV emitir\u00e1 m\u00e1s pel\u00edculas muy conocidas en enero de 2026. \/ Imagen: AMC Networks International<\/p>\n<p>Como puedes ver, Cine Vin va a tener pel\u00edculas muy conocidas y queridas entre los <strong>seguidores del cine nost\u00e1lgico<\/strong>. Lo mejor es que el canal est\u00e1 haciendo una gran combinaci\u00f3n de g\u00e9neros, incluyendo tanto acci\u00f3n desenfrenada con Jungla de Cristal como comedia o historias inquietantes con varios de sus estrenos del mes.<\/p>\n<p>        Preguntas frecuentes sobre los estrenos de VinTV en enero de 2026<\/p>\n<p>                        \u00bfCu\u00e1l ser\u00e1 el estreno m\u00e1s importante del mes?<\/p>\n<p>\n                        Se tratar\u00e1 de la llegada de Buffy Cazavampiros al canal.\n                    <\/p>\n<p>                        \u00bfQu\u00e9 otras novedades habr\u00e1?<\/p>\n<p>\n                        La segunda temporada de Norte y Sur, la vuelta de Twin Peaks y pel\u00edculas de los 80.\n                    <\/p>\n<p>                        \u00bfC\u00f3mo ver VinTV?<\/p>\n<p>\n                        VinTV est\u00e1 disponible con la televisi\u00f3n de operadoras como Vodafone y Orange, as\u00ed como en servicios premium del tipo de Tivify.\n                    <\/p>\n","protected":false},"excerpt":{"rendered":"El canal de televisi\u00f3n de la nostalgia, VinTV, ha anunciado los estrenos que tendr\u00e1 en el mes de&hellip;\n","protected":false},"author":2,"featured_media":267144,"comment_status":"","ping_status":"","sticky":false,"template":"","format":"standard","meta":{"footnotes":""},"categories":[171],"tags":[146,147,25,24,23,214],"class_list":{"0":"post-267143","1":"post","2":"type-post","3":"status-publish","4":"format-standard","5":"has-post-thumbnail","7":"category-tv","8":"tag-entertainment","9":"tag-entretenimiento","10":"tag-es","11":"tag-espana","12":"tag-spain","13":"tag-tv"},"share_on_mastodon":{"url":"https:\/\/pubeurope.com\/@es\/115649839795791383","error":""},"_links":{"self":[{"href":"https:\/\/www.europesays.com\/es\/wp-json\/wp\/v2\/posts\/267143","targetHints":{"allow":["GET"]}}],"collection":[{"href":"https:\/\/www.europesays.com\/es\/wp-json\/wp\/v2\/posts"}],"about":[{"href":"https:\/\/www.europesays.com\/es\/wp-json\/wp\/v2\/types\/post"}],"author":[{"embeddable":true,"href":"https:\/\/www.europesays.com\/es\/wp-json\/wp\/v2\/users\/2"}],"replies":[{"embeddable":true,"href":"https:\/\/www.europesays.com\/es\/wp-json\/wp\/v2\/comments?post=267143"}],"version-history":[{"count":0,"href":"https:\/\/www.europesays.com\/es\/wp-json\/wp\/v2\/posts\/267143\/revisions"}],"wp:featuredmedia":[{"embeddable":true,"href":"https:\/\/www.europesays.com\/es\/wp-json\/wp\/v2\/media\/267144"}],"wp:attachment":[{"href":"https:\/\/www.europesays.com\/es\/wp-json\/wp\/v2\/media?parent=267143"}],"wp:term":[{"taxonomy":"category","embeddable":true,"href":"https:\/\/www.europesays.com\/es\/wp-json\/wp\/v2\/categories?post=267143"},{"taxonomy":"post_tag","embeddable":true,"href":"https:\/\/www.europesays.com\/es\/wp-json\/wp\/v2\/tags?post=267143"}],"curies":[{"name":"wp","href":"https:\/\/api.w.org\/{rel}","templated":true}]}}