{"id":267179,"date":"2025-12-02T12:20:11","date_gmt":"2025-12-02T12:20:11","guid":{"rendered":"https:\/\/www.europesays.com\/es\/267179\/"},"modified":"2025-12-02T12:20:11","modified_gmt":"2025-12-02T12:20:11","slug":"la-gripe-dobla-su-incidencia-en-una-semana-y-ya-supera-el-nivel-moderado-de-transmision","status":"publish","type":"post","link":"https:\/\/www.europesays.com\/es\/267179\/","title":{"rendered":"La gripe dobla su incidencia en una semana y ya supera el nivel moderado de transmisi\u00f3n"},"content":{"rendered":"<p>                                    <img decoding=\"async\" loading=\"lazy\" src=\"https:\/\/www.europesays.com\/es\/wp-content\/uploads\/2025\/09\/67bee546d3754.jpeg\" alt=\"Llu\u00eds Serrano\" width=\"40\" height=\"40\" data-full-src=\"https:\/\/www.europesays.com\/es\/wp-content\/uploads\/2025\/09\/67bee546d3754.jpeg\"\/><\/p>\n<p class=\"paragraph\">La incidencia\u00a0estimada de la gripe en Catalunya <b>contin\u00faa en ascenso durante la \u00faltima semana analizada<\/b> y ya dobla las cifras registradas la semana anterior, superando el nivel moderado de transmisi\u00f3n, seg\u00fan revela el \u00faltimo informe del Sistema de Informaci\u00f3n para la Vigilancia de Infecciones en Catalunya (SIVIC). Los datos correspondientes al periodo del 24 al 30 de noviembre muestran que <b>la tasa ha alcanzado los 164 casos<\/b> por cada 100.000 habitantes, mientras que la semana previa era de 82.<\/p>\n<p class=\"paragraph\">El aumento de casos se inici\u00f3 hace cinco semanas, una evoluci\u00f3n que los expertos consideran prematura con respecto al patr\u00f3n habitual de la temporada gripal. En la actualidad, <b>un 21% de las muestras analizadas<\/b> han dado positivo, con predominio del subtipo A (H3N2) variando. Durante la semana analizada se diagnosticaron 11.122 casos de gripe en la atenci\u00f3n primaria, casi el doble de los 6.006 detectados la semana anterior.<\/p>\n<p class=\"paragraph\">Por grupos de edad, la distribuci\u00f3n de los diagn\u00f3sticos muestra que 769 corresponden a ni\u00f1os de entre 0 y 4 a\u00f1os; 2.692 a ni\u00f1os de entre 5 y 14 a\u00f1os; 4.462 a personas de entre 15 y 44 a\u00f1os; 1.885 en el grupo de entre 45 y 59 a\u00f1os; 623 a personas de entre 60 y 69 a\u00f1os; 414 en el grupo de 70 a 79 a\u00f1os; y 277 a mayores de 80 a\u00f1os.<\/p>\n<p>Protecci\u00f3n vacunal ante las variantes circulantes<\/p>\n<p class=\"paragraph\">El Departamento de Salud ha querido tranquilizar a la poblaci\u00f3n confirmando que <b>los dos subtipos de gripe que circulan<\/b> actualmente en Catalunya est\u00e1n incluidos en las vacunas administradas durante la campa\u00f1a 2024-2025. La variante K, que se ha detectado en todos los continentes, no ha mostrado signos de provocar una gravedad inusualmente elevada en los pa\u00edses del hemisferio sur, donde ya han superado el pico epid\u00e9mico y se encuentran en fase de descenso.<\/p>\n<p class=\"paragraph\">Aunque esta variante presenta cierta divergencia con respecto a algunas vacunas de referencia, los expertos prev\u00e9n que <b>la inmunizaci\u00f3n seguir\u00e1 ofreciendo una protecci\u00f3n eficaz<\/b> contra las formas m\u00e1s graves de la enfermedad, sin que se haya observado un incremento en la gravedad de los casos en ning\u00fan pa\u00eds.<\/p>\n<p>Panorama general de las infecciones respiratorias<\/p>\n<p class=\"paragraph\">El conjunto de infecciones respiratorias agudas mantiene una incidencia de 777 afectados por 100.000 habitantes, equivalente a 63.053 casos, situ\u00e1ndose en un nivel basal de transmisi\u00f3n. El rinovirus lidera con <b>un 39,3% de positividad en las muestras<\/b>, seguido de la gripe (21,1%) y del VRS (6,9%). En poblaci\u00f3n pedi\u00e1trica, sin embargo, la gripe A convierte el virus predominante, presente en el 50% de las muestras analizadas.<\/p>\n<p class=\"paragraph\">El Virus Respiratorio Sincicial (VRS), causante principal de la bronquiolitis, contin\u00faa su tendencia ascendente iniciada hace cuatro semanas, <b>superando ya el nivel basal con 53<\/b> casos\u00a0estimados por cada 100.000 habitantes. Mientras tanto, la covid-19 se mantiene estable con una baja transmisi\u00f3n, registrando una incidencia estimada de 19 casos por 100.000 habitantes.<\/p>\n<p>Impacto hospitalario y coberturas vacunales<\/p>\n<p class=\"paragraph\">Con respecto al impacto hospitalario, todas las hospitalizaciones por covid-19 y la mayor\u00eda de las causadas por gripe durante la semana analizada corresponden a personas mayores de 60 a\u00f1os (20 de 35 ingresados). Actualmente, <b>hay cinco personas en las UCI<\/b> catalanas. En cuanto al VRS, el 82% de los ingresados son menores de 4 a\u00f1os.<\/p>\n<p class=\"paragraph\">Los datos de cobertura vacunal contra la gripe muestran porcentajes del 64% en mayores de 80 a\u00f1os y del 50% en personas de entre 70 y 79 a\u00f1os. Con respecto a la covid-19, <b>la cobertura actual alcanza el 53% en mayores de 80 a\u00f1os<\/b> y el 37% en el grupo de 70 a 79 a\u00f1os.<\/p>\n<p class=\"paragraph\">En ni\u00f1os de entre 6 y 59 meses, la cobertura vacunal contra la gripe se sit\u00faa en el 36%. Para el VRS, la cobertura acumulada llega al 93,5% en beb\u00e9s nacidos entre abril y septiembre, y al 71,7% en los nacidos entre octubre y mayo de 2024, <b>representando una cobertura total del 89,2% en<\/b> esta poblaci\u00f3n vulnerable.<\/p>\n","protected":false},"excerpt":{"rendered":"La incidencia\u00a0estimada de la gripe en Catalunya contin\u00faa en ascenso durante la \u00faltima semana analizada y ya dobla&hellip;\n","protected":false},"author":2,"featured_media":267180,"comment_status":"","ping_status":"","sticky":false,"template":"","format":"standard","meta":{"footnotes":""},"categories":[92],"tags":[25,24,165,166,23],"class_list":{"0":"post-267179","1":"post","2":"type-post","3":"status-publish","4":"format-standard","5":"has-post-thumbnail","7":"category-salud","8":"tag-es","9":"tag-espana","10":"tag-health","11":"tag-salud","12":"tag-spain"},"share_on_mastodon":{"url":"https:\/\/pubeurope.com\/@es\/115649945817466111","error":""},"_links":{"self":[{"href":"https:\/\/www.europesays.com\/es\/wp-json\/wp\/v2\/posts\/267179","targetHints":{"allow":["GET"]}}],"collection":[{"href":"https:\/\/www.europesays.com\/es\/wp-json\/wp\/v2\/posts"}],"about":[{"href":"https:\/\/www.europesays.com\/es\/wp-json\/wp\/v2\/types\/post"}],"author":[{"embeddable":true,"href":"https:\/\/www.europesays.com\/es\/wp-json\/wp\/v2\/users\/2"}],"replies":[{"embeddable":true,"href":"https:\/\/www.europesays.com\/es\/wp-json\/wp\/v2\/comments?post=267179"}],"version-history":[{"count":0,"href":"https:\/\/www.europesays.com\/es\/wp-json\/wp\/v2\/posts\/267179\/revisions"}],"wp:featuredmedia":[{"embeddable":true,"href":"https:\/\/www.europesays.com\/es\/wp-json\/wp\/v2\/media\/267180"}],"wp:attachment":[{"href":"https:\/\/www.europesays.com\/es\/wp-json\/wp\/v2\/media?parent=267179"}],"wp:term":[{"taxonomy":"category","embeddable":true,"href":"https:\/\/www.europesays.com\/es\/wp-json\/wp\/v2\/categories?post=267179"},{"taxonomy":"post_tag","embeddable":true,"href":"https:\/\/www.europesays.com\/es\/wp-json\/wp\/v2\/tags?post=267179"}],"curies":[{"name":"wp","href":"https:\/\/api.w.org\/{rel}","templated":true}]}}