{"id":267210,"date":"2025-12-02T12:44:08","date_gmt":"2025-12-02T12:44:08","guid":{"rendered":"https:\/\/www.europesays.com\/es\/267210\/"},"modified":"2025-12-02T12:44:08","modified_gmt":"2025-12-02T12:44:08","slug":"logran-curar-el-vih-a-un-paciente-aleman-con-un-trasplante-de-celulas-madre-ciencia-y-tecnologia","status":"publish","type":"post","link":"https:\/\/www.europesays.com\/es\/267210\/","title":{"rendered":"Logran curar el VIH a un paciente alem\u00e1n con un trasplante de c\u00e9lulas madre | Ciencia y tecnolog\u00eda"},"content":{"rendered":"<p class=\"loc\">Madrid<\/p>\n<p>\u00abLa infecci\u00f3n por VIH era considerada incurable. Pod\u00edamos tratarla, pero hasta que apareci\u00f3 el paciente de Berl\u00edn, no pod\u00edamos curarla\u00bb, declara a la SER Javier Mart\u00ednez-Picado, profesor de investigaci\u00f3n ICREA en el Instituto de Investigaci\u00f3n del SIDA IrsiCaixa.<\/p>\n<p>Aquel caso lo cambi\u00f3 todo. El conocido como \u00abpaciente de Berl\u00edn\u00bb \u2014identificado despu\u00e9s como Timothy Ray Brown\u2014 fue la primera persona en el mundo en entrar en remisi\u00f3n del VIH de manera inesperada. Esto ocurri\u00f3 porque Brown se hab\u00eda sometido a un trasplante de m\u00e9dula \u00f3sea de un donante con una mutaci\u00f3n gen\u00e9tica (CCR5-\u039432) que lo hac\u00eda resistente al virus. Cuando los cient\u00edficos observaron que el virus hab\u00eda desaparecido de su organismo, no daban cr\u00e9dito. El tratamiento, inicialmente destinado a tratar su leucemia, termin\u00f3 marcando un hito hist\u00f3rico en la medicina.<\/p>\n<p>Desde entonces, han surgido otros casos: siete en total, en ciudades como Londres, D\u00fcsseldorf, Nueva York, California, Ginebra y este \u00absegundo paciente de Berl\u00edn\u00bb, sobre el cual hoy se publican m\u00e1s detalles en Nature.<\/p>\n<p>\u00abNo son muchos casos todav\u00eda, y la remisi\u00f3n lograda debe explicarse con cautela, porque se limita a pacientes que han recibido un trasplante con una t\u00e9cnica muy agresiva que no se puede generalizar a toda la poblaci\u00f3n afectada\u00bb, explica Mart\u00ednez-Picado. \u00abPero estamos en el buen camino para, alg\u00fan d\u00eda, conseguir el efecto deseado: la remisi\u00f3n del VIH\u00bb.<\/p>\n<p>Aunque la noticia no sea disruptiva ni revolucionaria, la publicaci\u00f3n del equipo de Christian Gaebler es esperanzadora. \u201cEs un trabajo muy detallado y de calidad que confirma los casos previamente publicados de remisi\u00f3n mediante trasplante de c\u00e9lulas madre hematopoy\u00e9ticas de un donante\u201d, a\u00f1ade el investigador espa\u00f1ol.<\/p>\n<p>La historia es, en todo caso, sorprendente. El segundo paciente de Berl\u00edn tiene 60 a\u00f1os. En 2009 se le diagnostic\u00f3 VIH y, posteriormente, en 2015, leucemia mieloide. Ese a\u00f1o recibi\u00f3 un trasplante de c\u00e9lulas madre para tratar este c\u00e1ncer agresivo, procedente de un donante con la mutaci\u00f3n CCR5-\u039432, clave para conferir resistencia al VIH.<\/p>\n<p>Tres a\u00f1os despu\u00e9s, el paciente suspendi\u00f3 la medicaci\u00f3n antirretroviral. El virus, como en el caso de Timothy Brown, permaneci\u00f3 en remisi\u00f3n en su organismo. Mart\u00ednez-Picado explica: \u00abComo en casos anteriores, se trata de personas con c\u00e1ncer que requirieron el trasplante como terapia, y esto termin\u00f3 generando un impacto muy importante en la infecci\u00f3n por VIH-1\u00bb.<\/p>\n<p>Entonces\u2026 \u00bfQu\u00e9 hay de nuevo?<\/p>\n<p>Mart\u00ednez-Picado lo aclara: \u201cLa ciencia es acumulativa y este avance se suma a los anteriores sin lugar a dudas\u00bb. Sin embargo, las novedades son muy t\u00e9cnicas, dif\u00edciles de comprender para el p\u00fablico general, pero fundamentales para que los investigadores contin\u00faen avanzando.<\/p>\n<p>La primera novedad importante es que la mutaci\u00f3n CCR5-\u039432, que bloquea la entrada del VIH en otros pacientes, se transfiri\u00f3 a trav\u00e9s de trasplantes de c\u00e9lulas heterocigotas y no homocigotas, como en los casos anteriores.<\/p>\n<p>La otra novedad es que el estudio documenta c\u00f3mo act\u00faan unas c\u00e9lulas inmunitarias conocidas como \u201cnatural killers\u201d o c\u00e9lulas NK. \u00abAunque el VIH se esconde en reservorios, estas c\u00e9lulas saben localizarlo y eliminarlo\u00bb, describe Mart\u00ednez-Picado. Ya se hab\u00eda observado su acci\u00f3n en el caso del paciente de Ginebra, pero documentarlas aqu\u00ed con detalle abre un camino \u201csin duda muy prometedor\u201d para futuras terapias.<\/p>\n","protected":false},"excerpt":{"rendered":"Madrid \u00abLa infecci\u00f3n por VIH era considerada incurable. Pod\u00edamos tratarla, pero hasta que apareci\u00f3 el paciente de Berl\u00edn,&hellip;\n","protected":false},"author":2,"featured_media":267211,"comment_status":"","ping_status":"","sticky":false,"template":"","format":"standard","meta":{"footnotes":""},"categories":[92],"tags":[25,24,165,166,23],"class_list":{"0":"post-267210","1":"post","2":"type-post","3":"status-publish","4":"format-standard","5":"has-post-thumbnail","7":"category-salud","8":"tag-es","9":"tag-espana","10":"tag-health","11":"tag-salud","12":"tag-spain"},"share_on_mastodon":{"url":"https:\/\/pubeurope.com\/@es\/115650040044039282","error":""},"_links":{"self":[{"href":"https:\/\/www.europesays.com\/es\/wp-json\/wp\/v2\/posts\/267210","targetHints":{"allow":["GET"]}}],"collection":[{"href":"https:\/\/www.europesays.com\/es\/wp-json\/wp\/v2\/posts"}],"about":[{"href":"https:\/\/www.europesays.com\/es\/wp-json\/wp\/v2\/types\/post"}],"author":[{"embeddable":true,"href":"https:\/\/www.europesays.com\/es\/wp-json\/wp\/v2\/users\/2"}],"replies":[{"embeddable":true,"href":"https:\/\/www.europesays.com\/es\/wp-json\/wp\/v2\/comments?post=267210"}],"version-history":[{"count":0,"href":"https:\/\/www.europesays.com\/es\/wp-json\/wp\/v2\/posts\/267210\/revisions"}],"wp:featuredmedia":[{"embeddable":true,"href":"https:\/\/www.europesays.com\/es\/wp-json\/wp\/v2\/media\/267211"}],"wp:attachment":[{"href":"https:\/\/www.europesays.com\/es\/wp-json\/wp\/v2\/media?parent=267210"}],"wp:term":[{"taxonomy":"category","embeddable":true,"href":"https:\/\/www.europesays.com\/es\/wp-json\/wp\/v2\/categories?post=267210"},{"taxonomy":"post_tag","embeddable":true,"href":"https:\/\/www.europesays.com\/es\/wp-json\/wp\/v2\/tags?post=267210"}],"curies":[{"name":"wp","href":"https:\/\/api.w.org\/{rel}","templated":true}]}}