{"id":267212,"date":"2025-12-02T12:45:18","date_gmt":"2025-12-02T12:45:18","guid":{"rendered":"https:\/\/www.europesays.com\/es\/267212\/"},"modified":"2025-12-02T12:45:18","modified_gmt":"2025-12-02T12:45:18","slug":"el-conjunto-de-tweed-solidario-que-la-reina-letizia-ha-elegido-para-visitar-la-exposicion-de-victoria-eugenia","status":"publish","type":"post","link":"https:\/\/www.europesays.com\/es\/267212\/","title":{"rendered":"El conjunto de &#8216;tweed&#8217; solidario que la Reina Letizia ha elegido para visitar la exposici\u00f3n de Victoria Eugenia"},"content":{"rendered":"<p style=\"\">Los <strong>Reyes<\/strong> han asistido esta ma\u00f1ana a la <a href=\"https:\/\/www.abc.es\/cultura\/autentico-legado-reina-victoria-eugenia-perdura-20251201181108-nt.html\" target=\"_self\" data-voc-vtm-id=\"in-text-traffic\" title=\"Galer\u00eda de las Colecciones Reales\" data-mrf-link=\"www.abc.es\" rel=\"nofollow noopener\">Galer\u00eda de las Colecciones Reales<\/a> donde han inaugurado la exposici\u00f3n dedicada a la vida y legado de <strong>Su Majestad la Reina Victoria Eugenia<\/strong> de Battenberg. Una muestra que presenta un recorrido por aproximadamente 350  &#8230; obras entre los que destacan documentos, libros y fotograf\u00edas, que revisita la figura de la Reina Victoria Eugenia. <\/p>\n<p class=\"voc-p\" style=\"\">Para la ocasi\u00f3n, <a href=\"https:\/\/www.abc.es\/estilo\/moda\/reina-letizia-vestido-rojo-bajo-asimetrico-recibir-20251126131323-nt.html\" target=\"_self\" data-voc-vtm-id=\"in-text-traffic\" title=\"Do\u00f1a Letizia\" data-mrf-link=\"www.abc.es\" rel=\"nofollow noopener\">Do\u00f1a Letizia<\/a> ha escogido un conjunto ideal para esta \u00e9poca del a\u00f1o y para un d\u00eda de lluvia como el que amanec\u00eda hoy en la ciudad de Madrid. Se trata de un dos piezas de chaqueta y falda realizado en<strong> &#8216;tweed&#8217;<\/strong> de color blanco y negro, que hace recordar a los cl\u00e1sicos trajes de <strong>Coco Chanel<\/strong>, pero que alberga adem\u00e1s ciertos tintes solidarios. <\/p>\n<p><img decoding=\"async\" loading=\"lazy\" src=\"https:\/\/www.europesays.com\/es\/wp-content\/uploads\/2025\/12\/letizia-exposicion-U10434182430eUS-758x470@diario_abc.jpg\" class=\"voc-d-c-combo-3__img\" width=\"758\" height=\"470\" alt=\"Imagen principal - La Reina Letizia con conjunto dos piezas de APRAMP\"\/><\/p>\n<p><img decoding=\"async\" loading=\"lazy\" src=\"https:\/\/www.europesays.com\/es\/wp-content\/uploads\/2025\/12\/letizia-2_20251202124357-U68358403352NQS-464x329@diario_abc.jpg\" class=\"voc-d-c-combo-3__img\" width=\"464\" height=\"329\" alt=\"Imagen secundaria 1 - La Reina Letizia con conjunto dos piezas de APRAMP\"\/><\/p>\n<p><img decoding=\"async\" loading=\"lazy\" src=\"https:\/\/www.europesays.com\/es\/wp-content\/uploads\/2025\/12\/letizia-3-U60863858241VIr-278x329@diario_abc.jpg\" class=\"voc-d-c-combo-3__img\" width=\"278\" height=\"329\" alt=\"Imagen secundaria 2 - La Reina Letizia con conjunto dos piezas de APRAMP\"\/><\/p>\n<p>La Reina Letizia con conjunto dos piezas de APRAMP<\/p>\n<p class=\"voc-p\" style=\"\">El conjunto en cuesti\u00f3n pertenece a una de las colecciones de <strong>APRAMP<\/strong>, la <strong>Asociaci\u00f3n para la Prevenci\u00f3n, Reinserci\u00f3n y Atenci\u00f3n a la Mujer Prostituida<\/strong>, de la que la Reina ha llevado distintas prendas y numerosas ocasiones. Una elecci\u00f3n nada aleatoria, ya que tras la inauguraci\u00f3n de la exposici\u00f3n los Reyes mantendr\u00e1n un encuentro con 15 mujeres supervivientes de la trata que han recibido formaci\u00f3n gastron\u00f3mica en la <strong>Universidad Rey Juan Carlos en colaboraci\u00f3n con APRAMP.<\/strong><\/p>\n<p class=\"voc-p\" style=\"\">A su llegada, la Reina se proteg\u00eda del fr\u00edo con un abrigo negro de <strong>Carolina Herrera<\/strong>, misma firma de su bolso, el modelo Victoria Insignia, uno de los m\u00e1s emblem\u00e1ticos de la casa del grupo Puis. Mientras que unos salones de Magrit con hebilla en la parte delantera y tac\u00f3n bajo, complementaban el estilismo a la perfecci\u00f3n. <\/p>\n<p>\nSobre la moda de APRAMP\n<\/p>\n<p><img decoding=\"async\" loading=\"lazy\" src=\"https:\/\/www.europesays.com\/es\/wp-content\/uploads\/2025\/12\/escaparate-U04024075335hCK-760x427@diario_abc.jpg\" class=\"voc-img\" width=\"760\" height=\"427\" alt=\"El conjunto que luce la Reina en el escaparate de la tienda 'Alma by Apramp'\" data-voc-vtm-id=\"in-text-traffic\"\/><\/p>\n<p>El conjunto que luce la Reina en el escaparate de la tienda &#8216;Alma by Apramp&#8217;<\/p>\n<p>D.R.<\/p>\n<p class=\"voc-p\" style=\"\">En el pasado mes de noviembre, la asociaci\u00f3n firmaba un acuerdo de colaboraci\u00f3n con la marca de <strong>moda COOSY,<\/strong>  reinaugurando su<strong> \u00abTienda Solidaria\u00bb<\/strong> tras una renovaci\u00f3n integral del espacio de la Calle Ballesta 9 y la presentaci\u00f3n de la nueva colecci\u00f3n<strong> \u00abAlma by Apramp\u00bb<\/strong>, creada en el taller textil por mujeres supervivientes de trata y explotaci\u00f3n sexual \u00abque hoy construyen nuevos proyectos de vida desde su autonom\u00eda y su talento\u00bb, tal y como explican desde la asociaci\u00f3n. <\/p>\n<p class=\"voc-p\" style=\"\">\u00abEsta cooperaci\u00f3n redunda directamente en una mejor atenci\u00f3n integral a las v\u00edctimas y supervivientes, quienes encuentran en estos espacios nuevas oportunidades de formaci\u00f3n, empleo y reconstrucci\u00f3n personal\u00bb, explicaban. <\/p>\n","protected":false},"excerpt":{"rendered":"Los Reyes han asistido esta ma\u00f1ana a la Galer\u00eda de las Colecciones Reales donde han inaugurado la exposici\u00f3n&hellip;\n","protected":false},"author":2,"featured_media":267213,"comment_status":"","ping_status":"","sticky":false,"template":"","format":"standard","meta":{"footnotes":""},"categories":[91],"tags":[8310,3149,146,147,25,24,29412,2003,11644,10717,29125,23,66012,1261,11833],"class_list":{"0":"post-267212","1":"post","2":"type-post","3":"status-publish","4":"format-standard","5":"has-post-thumbnail","7":"category-entretenimiento","8":"tag-conjunto","9":"tag-elegido","10":"tag-entertainment","11":"tag-entretenimiento","12":"tag-es","13":"tag-espana","14":"tag-eugenia","15":"tag-exposicion","16":"tag-letizia","17":"tag-reina","18":"tag-solidario","19":"tag-spain","20":"tag-tweed","21":"tag-victoria","22":"tag-visitar"},"share_on_mastodon":{"url":"https:\/\/pubeurope.com\/@es\/115650044369778915","error":""},"_links":{"self":[{"href":"https:\/\/www.europesays.com\/es\/wp-json\/wp\/v2\/posts\/267212","targetHints":{"allow":["GET"]}}],"collection":[{"href":"https:\/\/www.europesays.com\/es\/wp-json\/wp\/v2\/posts"}],"about":[{"href":"https:\/\/www.europesays.com\/es\/wp-json\/wp\/v2\/types\/post"}],"author":[{"embeddable":true,"href":"https:\/\/www.europesays.com\/es\/wp-json\/wp\/v2\/users\/2"}],"replies":[{"embeddable":true,"href":"https:\/\/www.europesays.com\/es\/wp-json\/wp\/v2\/comments?post=267212"}],"version-history":[{"count":0,"href":"https:\/\/www.europesays.com\/es\/wp-json\/wp\/v2\/posts\/267212\/revisions"}],"wp:featuredmedia":[{"embeddable":true,"href":"https:\/\/www.europesays.com\/es\/wp-json\/wp\/v2\/media\/267213"}],"wp:attachment":[{"href":"https:\/\/www.europesays.com\/es\/wp-json\/wp\/v2\/media?parent=267212"}],"wp:term":[{"taxonomy":"category","embeddable":true,"href":"https:\/\/www.europesays.com\/es\/wp-json\/wp\/v2\/categories?post=267212"},{"taxonomy":"post_tag","embeddable":true,"href":"https:\/\/www.europesays.com\/es\/wp-json\/wp\/v2\/tags?post=267212"}],"curies":[{"name":"wp","href":"https:\/\/api.w.org\/{rel}","templated":true}]}}