{"id":267230,"date":"2025-12-02T12:59:09","date_gmt":"2025-12-02T12:59:09","guid":{"rendered":"https:\/\/www.europesays.com\/es\/267230\/"},"modified":"2025-12-02T12:59:09","modified_gmt":"2025-12-02T12:59:09","slug":"dura-resaca-para-el-sevilla-con-ocho-ausencias-en-el-regreso-al-trabajo","status":"publish","type":"post","link":"https:\/\/www.europesays.com\/es\/267230\/","title":{"rendered":"Dura resaca para el Sevilla con ocho ausencias en el regreso al trabajo"},"content":{"rendered":"<p>El Sevilla regreso hoy al trabajo tras caer en el derbi y Almeyda no recibi\u00f3 ninguna buena noticia, al contrario, pues no recuper\u00f3 a ning\u00fan lesionado y no tuvo a su disposici\u00f3n a cuatro futbolistas m\u00e1s<\/p>\n<p class=\"parrafo\"><strong>El Sevilla ha regresado hoy al trabajo despu\u00e9s de sufrir una dolorosa derrota en el derbi <\/strong>de cara a preparar el choque copero del jueves contra el Extremadura, cita en la que est\u00e1n completamente prohibidos los sustos.<\/p>\n<p class=\"parrafo\">Como no pod\u00eda ser otra forma, <strong>los futbolistas saltaron al c\u00e9sped con el &#8216;rictus serio&#8217; <\/strong>tras fallarle a la afici\u00f3n en el choque contra el eterno rival, al igual que Mat\u00edas Almeyda, que <strong>tampoco recibi\u00f3 ninguna alegr\u00eda en la sesi\u00f3n de hoy <\/strong>en la Ciudad Deportiva Jos\u00e9 Ram\u00f3n Cisneros Palacios.<\/p>\n<p>Almeyda no ha recuperado a ninguno de los lesionados en el Sevilla<\/p>\n<p class=\"parrafo\">No en vano, en el primer d\u00eda de trabajo tras el duelo cainita, <strong>el entrenador nervionense no ha recuperado a ninguno de los futbolistas tocados <\/strong>que se perdieron la visita verdiblanca, por lo que igualmente, salvo sorpresa, tampoco estar\u00e1n disponibles para la Copa.<\/p>\n<p class=\"parrafo\">De esa forma, no trabajaron con el resto del grupo <strong>los lesionados Nianzou, Rub\u00e9n Vargas, Suazo y Januzaj, <\/strong>lo que preocupa al t\u00e9cnico argentino sobre todo de cara al <strong>duelo del domingo en Mestalla contra el Valencia, <\/strong>donde habr\u00e1 mucho en juego y los nervionenses necesitan regresar con r\u00e9dito tras sufrir cinco derrotas en los \u00faltimos seis partidos.<\/p>\n<p>Cuatro ausencias m\u00e1s en el entrenamiento sevillista<\/p>\n<p class=\"parrafo\">Estos cuatro efectivos no han sido los \u00fanicos que no se han integrado en la din\u00e1mica de grupo en la ma\u00f1ana de hoy, <strong>pues tampoco han pisado c\u00e9sped Marcao, Sow, Azpilicueta y Ejuke. <\/strong>Cabe recordar que Almeyda confirm\u00f3 tras el partido que el cambio al descanso de Marcao en favor de Kike Salas fue por molestias del brasile\u00f1o, si bien el club no se ha pronunciado al respecto y no se conoce si se trata de algo de alcance o simplemente un malestar durante el duelo cainita.<\/p>\n<p class=\"parrafo\">En el caso de <strong>Azpilicueta <\/strong>cabe recordar que se acaba de recuperar una lesi\u00f3n y disput\u00f3 el partido completo, por lo que, posiblemente, <strong>se tratar\u00e1 de gesti\u00f3n de cargas, al igual que Sow. <\/strong>Ejuke fue sustituido por Miguel Sierra, pero no consta que fuera por problemas f\u00edsicos.<\/p>\n<p class=\"parrafo\">Almeyda llama a Nico Guill\u00e9n y Alexis lo mima<\/p>\n<p class=\"parrafo\">Para suplir estas bajas en la jornada de trabajo, <strong>Almeyda ha recurrido al filial y ha sumado a la din\u00e1mica de grupo a Nico Guill\u00e9n<\/strong>, de 17 a\u00f1os y autor del gol en la victoria redentora del Sevilla Atl\u00e9tico el pasado fin de semana, y a <strong>Pablo Rivera<\/strong>. Alexis S\u00e1nchez ha estado muy pendiente del primero, una de las grandes promesas sevillistas.<\/p>\n<p><img decoding=\"async\" src=\"https:\/\/www.europesays.com\/es\/wp-content\/uploads\/2025\/12\/3f83984f-c57e-408e-8938-30f38f057e3d_800x450.jpeg\" loading=\"lazy\"\/><\/p>\n<p class=\"parrafo\">El preparador sevillista dispone de dos d\u00edas para <strong>recuperar an\u00edmicamente al equipo <\/strong>de cara a la Copa y dos m\u00e1s despu\u00e9s para la trascendental visita a Mestalla, ya que otra derrota dejar\u00eda a los nervionenses e, incluso, al entrenador muy tocados.<\/p>\n","protected":false},"excerpt":{"rendered":"El Sevilla regreso hoy al trabajo tras caer en el derbi y Almeyda no recibi\u00f3 ninguna buena noticia,&hellip;\n","protected":false},"author":2,"featured_media":267231,"comment_status":"","ping_status":"","sticky":false,"template":"","format":"standard","meta":{"footnotes":""},"categories":[268],"tags":[168,25,24,284,280,282,2991,2993,281,23,167],"class_list":{"0":"post-267230","1":"post","2":"type-post","3":"status-publish","4":"format-standard","5":"has-post-thumbnail","7":"category-futbol","8":"tag-deportes","9":"tag-es","10":"tag-espana","11":"tag-estadio-deportivo","12":"tag-football","13":"tag-futbol","14":"tag-matias-almeyda","15":"tag-sevilla-futbol-club","16":"tag-soccer","17":"tag-spain","18":"tag-sports"},"share_on_mastodon":{"url":"https:\/\/pubeurope.com\/@es\/115650099136762388","error":""},"_links":{"self":[{"href":"https:\/\/www.europesays.com\/es\/wp-json\/wp\/v2\/posts\/267230","targetHints":{"allow":["GET"]}}],"collection":[{"href":"https:\/\/www.europesays.com\/es\/wp-json\/wp\/v2\/posts"}],"about":[{"href":"https:\/\/www.europesays.com\/es\/wp-json\/wp\/v2\/types\/post"}],"author":[{"embeddable":true,"href":"https:\/\/www.europesays.com\/es\/wp-json\/wp\/v2\/users\/2"}],"replies":[{"embeddable":true,"href":"https:\/\/www.europesays.com\/es\/wp-json\/wp\/v2\/comments?post=267230"}],"version-history":[{"count":0,"href":"https:\/\/www.europesays.com\/es\/wp-json\/wp\/v2\/posts\/267230\/revisions"}],"wp:featuredmedia":[{"embeddable":true,"href":"https:\/\/www.europesays.com\/es\/wp-json\/wp\/v2\/media\/267231"}],"wp:attachment":[{"href":"https:\/\/www.europesays.com\/es\/wp-json\/wp\/v2\/media?parent=267230"}],"wp:term":[{"taxonomy":"category","embeddable":true,"href":"https:\/\/www.europesays.com\/es\/wp-json\/wp\/v2\/categories?post=267230"},{"taxonomy":"post_tag","embeddable":true,"href":"https:\/\/www.europesays.com\/es\/wp-json\/wp\/v2\/tags?post=267230"}],"curies":[{"name":"wp","href":"https:\/\/api.w.org\/{rel}","templated":true}]}}