{"id":267234,"date":"2025-12-02T13:03:11","date_gmt":"2025-12-02T13:03:11","guid":{"rendered":"https:\/\/www.europesays.com\/es\/267234\/"},"modified":"2025-12-02T13:03:11","modified_gmt":"2025-12-02T13:03:11","slug":"miguel-frigenti-colaborador-de-tv-cuando-acabo-salvame-todos-los-que-estabamos-alli-vivimos-ese-miedo","status":"publish","type":"post","link":"https:\/\/www.europesays.com\/es\/267234\/","title":{"rendered":"Miguel Frigenti, colaborador de TV: \u201cCuando acab\u00f3 \u2018S\u00e1lvame\u2019 todos los que est\u00e1bamos all\u00ed vivimos ese miedo\u201d"},"content":{"rendered":"<p class=\"\">En <b>verano de 2023<\/b>, la peque\u00f1a pantalla dijo adi\u00f3s a uno de los programas m\u00e1s m\u00edticos y reconocidos en la historia de Telecinco: estamos hablando del m\u00edtico <b>\u2018S\u00e1lvame\u2019 <\/b>(en todas sus versiones), espacio que, <b>durante m\u00e1s de 14 a\u00f1os ininterrumpidos<\/b>, protagoniz\u00f3 las <b>tardes en el canal principal de Mediaset<\/b>. <\/p>\n<p class=\"\">El final del formato conducido por <b>Jorge Javier V\u00e1zquez<\/b> provoc\u00f3 que todos y cada uno de sus colaboradores tuviera que buscarse la vida en otros lugares, ya fuera de Telecinco o m\u00e1s all\u00e1. Uno de ellos fue <b>Miguel Frigenti<\/b>. El televisivo se hizo un nombre en la peque\u00f1a pantalla gracias a sus apariciones en \u2018S\u00e1lvame\u2019, las cuales <b>le abrieron las puertas de otros formatos de Mediaset<\/b>.<\/p>\n<p class=\"\">Recientemente, el nacido en el municipio toledano de Talavera de la Reina acudi\u00f3 a <b>Chico de Revista, podcast presentado por Arnau Mart\u00ednez<\/b>, y donde el colaborador se sincer\u00f3, hablando del adi\u00f3s de \u2018S\u00e1lvame\u2019, de su rechazo hacia Laura Fa o de las enormes dificultades que est\u00e1 atravesando Telecinco para atraer audiencias y competir con Antena 3 o La 1.<\/p>\n<p class=\"\"><b>\u201cCuando acab\u00f3 \u2018S\u00e1lvame\u2019, yo creo que todos los que est\u00e1bamos all\u00ed vivimos un poco ese medio\u201d<\/b>, comenz\u00f3 Miguel, quien, a continuaci\u00f3n, afirm\u00f3 <b>sentirse subestimado<\/b> por sus compa\u00f1eros en \u2018S\u00e1lvame\u2019: <b>\u201cT\u00fa notas cuando est\u00e1s en un sitio y te miran un poco por encima del hombro. Yo sab\u00eda perfectamente que muchos de ellos pensaban: \u2018\u00bfQu\u00e9 va a ser de este?\u2019 Eran ellos los que me subestimaban\u201d<\/b>, afirm\u00f3.<\/p>\n<p>\u201cMe da muy mal rollo\u201d<\/p>\n<p class=\"\">A continuaci\u00f3n, al ser preguntado por <b>Laura Fa<\/b>, Miguel Frigenti no se cort\u00f3 un pelo: <b>\u201cNo la soporto. No la he aguantado nunca. Es una chica que a m\u00ed, a nivel de energ\u00edas, no me da buena energ\u00eda. Me da como muy mal rollo. La veo como muy altiva, muy prepotente. No he tenido buenas experiencias con ella\u201d<\/b>, sentenci\u00f3.<\/p>\n<p>Noticias relacionadas<a href=\"https:\/\/as.com\/tikitakas\/television\/gala-11-de-operacion-triunfo-2025-crespo-decimo-expulsado-f202512-n\/\" class=\"s_m_w\" title=\"Guillo Rist y Tinho son aspirantes a finalistas. Olivia, Cristina, Claudia Arenas y Guille Toledano, primeros finalistas confirmados.\" data-tb-link=\"\" rel=\"nofollow noopener\" target=\"_blank\"><img decoding=\"async\" src=\"https:\/\/www.europesays.com\/es\/wp-content\/uploads\/2025\/12\/F2SPQ3CMARGKLMEN6XLDUWBCMQ.png\" alt=\"Gala 11 de \u2018Operaci\u00f3n Triunfo 2025\u2019: Crespo, d\u00e9cimo expulsado\" class=\"\" height=\"9\" width=\"16\"   loading=\"lazy\" data-tb-thumbnail=\"\"\/><\/a><a href=\"https:\/\/as.com\/tikitakas\/television\/el-singular-motivo-por-el-que-la-revuelta-ha-cambiado-su-cabecera-no-es-tu-dia-f202512-n\/\" class=\"s_m_w\" title=\"El programa abri\u00f3 la emisi\u00f3n con un cambio sustancial en el v\u00eddeo introductorio que, posteriormente, explic\u00f3 y justific\u00f3 humor\u00edsticamente Jorge Ponce.\" data-tb-link=\"\" rel=\"nofollow noopener\" target=\"_blank\"><img decoding=\"async\" src=\"https:\/\/www.europesays.com\/es\/wp-content\/uploads\/2025\/12\/1764680591_783_EQDT5JXQ6BEKZKUH7DQGHYUDPU.jpg\" alt=\"El singular motivo por el que \u2018La Revuelta\u2019 ha cambiado su cabecera: \u201cNo es tu d\u00eda\u201d\" class=\"\" height=\"9\" width=\"16\"   loading=\"lazy\" data-tb-thumbnail=\"\"\/><\/a><\/p>\n<p class=\"\">Para terminar, el colaborador se pronunci\u00f3 sobre la mala situaci\u00f3n de Telecinco en t\u00e9rminos de audiencia y el despido de Alessandro Lequio de Mediaset: <b>\u201cLo que te puedo decir es que condeno cualquier tipo de violencias y que apoyo la decisi\u00f3n de Mediaset. M\u00e1s no te puedo decir\u201d<\/b>, concluy\u00f3.<\/p>\n<p class=\"\"><b>\u00a1Tus opiniones importan!<\/b> Comenta en los art\u00edculos y suscr\u00edbete gratis a nuestra <a href=\"https:\/\/asfan.as.com\/newsletters\/\" target=\"_blank\" rel=\"nofollow noopener\" title=\"https:\/\/asfan.as.com\/newsletters\/\">newsletter<\/a> y a las alertas informativas en la <a href=\"https:\/\/as.com\/aplicacion-de-as-n\/\" target=\"_blank\" rel=\"nofollow noopener\" title=\"https:\/\/as.com\/aplicacion-de-as-n\/\">App<\/a> o el canal de <a href=\"https:\/\/www.whatsapp.com\/channel\/0029VaAasdA7j6g745nz9M10\" target=\"_blank\" rel=\"nofollow noopener\" title=\"https:\/\/www.whatsapp.com\/channel\/0029VaAasdA7j6g745nz9M10\">WhatsApp<\/a>. \u00bfBuscas licenciar contenido? Haz clic <a href=\"https:\/\/profesional.elpais.com\/landing-sindicacion?utm_medium=interno&amp;utm_source=crosslinking&amp;utm_campaign=sindicacion_as_pie_articulos\" target=\"_blank\" rel=\"nofollow noopener\" title=\"https:\/\/profesional.elpais.com\/landing-sindicacion?utm_medium=interno&amp;utm_source=crosslinking&amp;utm_campaign=sindicacion_as_pie_articulos\">aqu\u00ed<\/a><\/p>\n","protected":false},"excerpt":{"rendered":"En verano de 2023, la peque\u00f1a pantalla dijo adi\u00f3s a uno de los programas m\u00e1s m\u00edticos y reconocidos&hellip;\n","protected":false},"author":2,"featured_media":267235,"comment_status":"","ping_status":"","sticky":false,"template":"","format":"standard","meta":{"footnotes":""},"categories":[171],"tags":[146,147,25,24,23,214],"class_list":{"0":"post-267234","1":"post","2":"type-post","3":"status-publish","4":"format-standard","5":"has-post-thumbnail","7":"category-tv","8":"tag-entertainment","9":"tag-entretenimiento","10":"tag-es","11":"tag-espana","12":"tag-spain","13":"tag-tv"},"share_on_mastodon":{"url":"https:\/\/pubeurope.com\/@es\/115650114918145818","error":""},"_links":{"self":[{"href":"https:\/\/www.europesays.com\/es\/wp-json\/wp\/v2\/posts\/267234","targetHints":{"allow":["GET"]}}],"collection":[{"href":"https:\/\/www.europesays.com\/es\/wp-json\/wp\/v2\/posts"}],"about":[{"href":"https:\/\/www.europesays.com\/es\/wp-json\/wp\/v2\/types\/post"}],"author":[{"embeddable":true,"href":"https:\/\/www.europesays.com\/es\/wp-json\/wp\/v2\/users\/2"}],"replies":[{"embeddable":true,"href":"https:\/\/www.europesays.com\/es\/wp-json\/wp\/v2\/comments?post=267234"}],"version-history":[{"count":0,"href":"https:\/\/www.europesays.com\/es\/wp-json\/wp\/v2\/posts\/267234\/revisions"}],"wp:featuredmedia":[{"embeddable":true,"href":"https:\/\/www.europesays.com\/es\/wp-json\/wp\/v2\/media\/267235"}],"wp:attachment":[{"href":"https:\/\/www.europesays.com\/es\/wp-json\/wp\/v2\/media?parent=267234"}],"wp:term":[{"taxonomy":"category","embeddable":true,"href":"https:\/\/www.europesays.com\/es\/wp-json\/wp\/v2\/categories?post=267234"},{"taxonomy":"post_tag","embeddable":true,"href":"https:\/\/www.europesays.com\/es\/wp-json\/wp\/v2\/tags?post=267234"}],"curies":[{"name":"wp","href":"https:\/\/api.w.org\/{rel}","templated":true}]}}