{"id":267238,"date":"2025-12-02T13:06:10","date_gmt":"2025-12-02T13:06:10","guid":{"rendered":"https:\/\/www.europesays.com\/es\/267238\/"},"modified":"2025-12-02T13:06:10","modified_gmt":"2025-12-02T13:06:10","slug":"navarra-proximo-destino-de-los-hispanos","status":"publish","type":"post","link":"https:\/\/www.europesays.com\/es\/267238\/","title":{"rendered":"Navarra, pr\u00f3ximo destino de los Hispanos"},"content":{"rendered":"<p>El tradicional<strong> Torneo Internacional de Espa\u00f1a 2026<\/strong>, que se disputar\u00e1 del 8 al 11 de enero, tendr\u00e1 como sede el espectacular <strong>Navarra Arena<\/strong> de Pamplona, un marco incomparable en el que los <strong>Hispanos<\/strong> ultimar\u00e1n su preparaci\u00f3n para el Campeonato del Europa 2026, que se disputar\u00e1 en Dinamarca, Noruega y Suecia.<\/p>\n<p>Con una capacidad de m\u00e1s de 6.000 espectadores, el <strong>Navarra Arena<\/strong>, construido en 2018, albergar\u00e1 por primera vez una gran cita de balonmano, fruto del acuerdo alcanzado por la <strong>Real Federaci\u00f3n Espa\u00f1ola de Balonmano<\/strong>, el <strong>Gobierno de Navarra<\/strong> y <strong>NICDO<\/strong> (Navarra Impulsa Cultura, Deporte y Ocio), con la colaboraci\u00f3n de la <strong>Federaci\u00f3n Navarra de Balonmano<\/strong>.<\/p>\n<p>Adem\u00e1s de los <strong>Hispanos<\/strong>, en el torneo participar\u00e1n <strong>Portugal<\/strong>, semifinalista el pasado a\u00f1o en el Campeonato del Mundo; <strong>Egipto<\/strong>, cuarto finalista en el \u00faltimo Mundial y una potencia de primer nivel hoy en d\u00eda; <strong>T\u00fanez<\/strong>, que en los \u00faltimos a\u00f1os es candidato a todo en el continente africano; <strong>Eslovaquia<\/strong>, un pa\u00eds que crece a\u00f1o a a\u00f1o, y <strong>Argentina<\/strong>, campe\u00f3n del \u00faltimo torneo Panamericano.<\/p>\n<p>Navarra es un territorio que respira balonmano, y veinte a\u00f1os despu\u00e9s de albergar el Torneo Internacional de Espa\u00f1a de balonmano masculino en 2006, con la participaci\u00f3n de Ucrania, Brasil y Rusia, vuelve a ser la sede de esta prestigiosa cita internacional.<\/p>\n<p>Para\u00a0<b>Francisco Bl\u00e1zquez<\/b>, presidente de la Real Federaci\u00f3n Espa\u00f1ola de Balonmano, el regreso de los Hispanos a Navarra es \u00abuna excelente noticia, supone volver a una tierra que profesa un amor infinito por nuestro deporte, y que ha sido cuna de grand\u00edsimos jugadores, entrenadores, \u00e1rbitros y equipos que han elevado el nombre del balonmano espa\u00f1ol a otro nivel\u00bb. Adem\u00e1s, ha incidido en el hecho de que, \u00abpara los Hispanos, es todo un lujo preparar el Campeonato de Europa 2026 ante estos grandes rivales en una instalaci\u00f3n ic\u00f3nica de nuestro pa\u00eds, como es el Navarra Arena\u00ab.<\/p>\n<p>La consejera de Cultura, Deporte y Turismo, <strong>Rebeca Esnaol<\/strong>a, ha se\u00f1alado que es \u00abun honor recibir a la selecci\u00f3n espa\u00f1ola de balonmano y hacerlo adem\u00e1s en una cita tan importante de cara al Campeonato de Europa 2026. Nuestra comunidad ha sido anfitriona de grandes campeonatos a nivel nacional, internacional y mundial. Somos referente en la organizaci\u00f3n de eventos deportivos con instalaciones de primer nivel, como el Navarra Arena. Adem\u00e1s, el balonmano es parte de nuestra historia deportiva, tenemos grandes referentes y es una tierra que acoge este deporte y cuida este deporte con cari\u00f1o. En septiembre acogimos por primera vez la Copa de la reina de balonmano femenino y seguiremos impulsando la celebraci\u00f3n de citas de este nivel en nuestra comunidad\u00ab.<\/p>\n<p><strong>REGALA BALONMANO EN NAVIDAD<br \/><\/strong>La Navidad se aproxima, y el Torneo Internacional de Espa\u00f1a de balonmano masculino 2026 se presenta ante nosotros como el perfecto regalo para estas festividades, lanzando un proceso de venta anticipada de localidades hasta el 26 de diciembre con estas tarifas.<\/p>\n<ul>\n<li><strong>Categor\u00eda GENERAL<\/strong> | 15\u20ac la entrada de d\u00eda; 50\u20ac el abono<\/li>\n<li><strong>Categor\u00eda JOVEN<\/strong> | 10\u20ac la entrada de d\u00eda; 30\u20ac el abono<\/li>\n<\/ul>\n<p>Adem\u00e1s, para favorecer una atm\u00f3sfera en familia en el Navarra Arena, se presenta un <strong>Pack Familiar<\/strong> por la compra de tres localidades:<\/p>\n<ul>\n<li><strong>Categor\u00eda GENERAL<\/strong> | 12\u20ac la entrada de d\u00eda; 40\u20ac el abono<\/li>\n<li><strong>Categor\u00eda JOVEN<\/strong> | 8\u20ac la entrada de d\u00eda; 25\u20ac el abono<\/li>\n<\/ul>\n<p>Finalmente, en caso de adquirir las localidades a partir del 27 de diciembre, el precio de las mismas es:<\/p>\n<ul>\n<li><strong>Categor\u00eda GENERAL<\/strong> | 20\u20ac la entrada de d\u00eda; 70\u20ac el abono<\/li>\n<li><strong>Categor\u00eda JOVEN<\/strong> | 12\u20ac la entrada de d\u00eda; 40\u20ac el abono<\/li>\n<\/ul>\n","protected":false},"excerpt":{"rendered":"El tradicional Torneo Internacional de Espa\u00f1a 2026, que se disputar\u00e1 del 8 al 11 de enero, tendr\u00e1 como&hellip;\n","protected":false},"author":2,"featured_media":267239,"comment_status":"","ping_status":"","sticky":false,"template":"","format":"standard","meta":{"footnotes":""},"categories":[93],"tags":[168,25,24,23,167],"class_list":{"0":"post-267238","1":"post","2":"type-post","3":"status-publish","4":"format-standard","5":"has-post-thumbnail","7":"category-deportes","8":"tag-deportes","9":"tag-es","10":"tag-espana","11":"tag-spain","12":"tag-sports"},"share_on_mastodon":{"url":"https:\/\/pubeurope.com\/@es\/115650126758807886","error":""},"_links":{"self":[{"href":"https:\/\/www.europesays.com\/es\/wp-json\/wp\/v2\/posts\/267238","targetHints":{"allow":["GET"]}}],"collection":[{"href":"https:\/\/www.europesays.com\/es\/wp-json\/wp\/v2\/posts"}],"about":[{"href":"https:\/\/www.europesays.com\/es\/wp-json\/wp\/v2\/types\/post"}],"author":[{"embeddable":true,"href":"https:\/\/www.europesays.com\/es\/wp-json\/wp\/v2\/users\/2"}],"replies":[{"embeddable":true,"href":"https:\/\/www.europesays.com\/es\/wp-json\/wp\/v2\/comments?post=267238"}],"version-history":[{"count":0,"href":"https:\/\/www.europesays.com\/es\/wp-json\/wp\/v2\/posts\/267238\/revisions"}],"wp:featuredmedia":[{"embeddable":true,"href":"https:\/\/www.europesays.com\/es\/wp-json\/wp\/v2\/media\/267239"}],"wp:attachment":[{"href":"https:\/\/www.europesays.com\/es\/wp-json\/wp\/v2\/media?parent=267238"}],"wp:term":[{"taxonomy":"category","embeddable":true,"href":"https:\/\/www.europesays.com\/es\/wp-json\/wp\/v2\/categories?post=267238"},{"taxonomy":"post_tag","embeddable":true,"href":"https:\/\/www.europesays.com\/es\/wp-json\/wp\/v2\/tags?post=267238"}],"curies":[{"name":"wp","href":"https:\/\/api.w.org\/{rel}","templated":true}]}}