{"id":267249,"date":"2025-12-02T13:12:08","date_gmt":"2025-12-02T13:12:08","guid":{"rendered":"https:\/\/www.europesays.com\/es\/267249\/"},"modified":"2025-12-02T13:12:08","modified_gmt":"2025-12-02T13:12:08","slug":"un-responsable-de-emergencias-dice-a-la-jueza-de-la-dana-que-guardo-las-imagenes-de-mazon-llegando-al-cecopi-por-precaucion-noticias-de-la-comunidad-valenciana","status":"publish","type":"post","link":"https:\/\/www.europesays.com\/es\/267249\/","title":{"rendered":"Un responsable de Emergencias dice a la jueza de la dana que guard\u00f3 las im\u00e1genes de Maz\u00f3n llegando al Cecopi \u201cpor precauci\u00f3n\u201d | Noticias de la Comunidad Valenciana"},"content":{"rendered":"<p class=\"\">Un responsable de Emergencias de la Generalitat Valenciana ha revelado ante <a href=\"https:\/\/elpais.com\/noticias\/gota-fria\/\" target=\"_self\" rel=\"nofollow noopener\" title=\"https:\/\/elpais.com\/noticias\/gota-fria\/\">la jueza de Catarroja (Valencia) que investiga la dana, Nuria Ruiz Tobarra<\/a>, que \u201cpor precauci\u00f3n\u201d guard\u00f3 las im\u00e1genes del expresidente de la Generalitat Carlos Maz\u00f3n llegando al Cecopi, el \u00f3rgano en L\u2019Eliana (Valencia) que gestion\u00f3 la tromba que dej\u00f3 229 muertos el 29 de octubre de 2024, seg\u00fan indican a EL PA\u00cdS fuentes presentes en su comparecencia. Asimismo, ha precisado que el popular accedi\u00f3 a las 20.28 horas del d\u00eda de la desgracia al edificio con una comitiva de dos coches con personal del Consell y que baj\u00f3 de un veh\u00edculo flanqueado por dos acompa\u00f1antes.<\/p>\n<p class=\"\">Alfonso L\u00f3pez de Vicu\u00f1a, responsable de Seguridad e Infraestructuras del Centro de Coordinaci\u00f3n de Emergencias, ha declarado este martes ante la instructora como testigo, una condici\u00f3n que le obliga a decir la verdad. En su intervenci\u00f3n, ha relatado que mantuvo el metraje que muestra al dirigente accediendo al dispositivo de crisis m\u00e1s de un mes, que es lo que fija la ley. Y que el popular lleg\u00f3 a la instalaci\u00f3n con una comitiva de dos coches formada por personal de la Generalitat. La magistrada tiene en su poder una grabaci\u00f3n que muestra a Maz\u00f3n entrando en la instalaci\u00f3n. <\/p>\n<p>M\u00e1s informaci\u00f3n<\/p>\n<p class=\"\">Tras un almuerzo de m\u00e1s de cuatro horas en el restaurante El Ventorro de Valencia y un paseo por el centro de la ciudad con la periodista Maribel Vilaplana, Maz\u00f3n lleg\u00f3 al edificio de L\u2019Eliana a las 20.28 horas, 17 minutos despu\u00e9s de que la Generalitat enviara el mensaje masivo a m\u00f3viles para reportar a la poblaci\u00f3n de la magnitud de la tragedia. Una notificaci\u00f3n que se col\u00f3 en los terminales a las 20.11 horas, cuando, al menos, 155 personas ya hab\u00edan muerto. <\/p>\n<p class=\"\">La revelaci\u00f3n de este mando de conservar las grabaciones choca con la actitud de la Generalitat, que evit\u00f3 proporcionar las im\u00e1genes del expresidente entrando en la sede del Gobierno auton\u00f3mico con <a href=\"https:\/\/elpais.com\/espana\/comunidad-valenciana\/2025-04-15\/la-generalitat-borro-las-imagenes-del-palau-el-dia-de-la-dana-por-una-ley-de-proteccion-datos-pero-si-conservo-las-del-cecopi.html\" target=\"_blank\" rel=\"noreferrer nofollow noopener\" title=\"https:\/\/elpais.com\/espana\/comunidad-valenciana\/2025-04-15\/la-generalitat-borro-las-imagenes-del-palau-el-dia-de-la-dana-por-una-ley-de-proteccion-datos-pero-si-conservo-las-del-cecopi.html\">el argumento de que hab\u00eda expirado el l\u00edmite legal de un mes para mantener este contenido audiovisual<\/a>. <\/p>\n<p class=\"\">Con la informaci\u00f3n que manejaba la instructora hasta el momento, se conoc\u00eda que el exjefe del Consell acudi\u00f3 al Cecopi acompa\u00f1ado de la directora general Maite G\u00f3mez y de su asesor Josep Lanuza. <\/p>\n<p class=\"\">\u201cYo decid\u00ed proponer mantener esas im\u00e1genes (que hay m\u00e1s) por precauci\u00f3n y por la relevancia, ya que acud\u00edan tambi\u00e9n varias autoridades, como por ejemplo los reyes\u201d, ha indicado.Ha a\u00f1adido que la decisi\u00f3n tambi\u00e9n fue autorizada por el subdirector general de Emergencias, Jorge Su\u00e1rez, que este jueves comparecer\u00e1 como testigo ante la instructora. <\/p>\n<p class=\"\">El responsable ha detallado que la decisi\u00f3n de preservar el metraje tiene que tomarse 30 d\u00edas antes de que expire su plazo legal. \u201cLas cinco c\u00e1maras (hall, pasillo, acceso, arriba y abajo), no captan sonidos, s\u00f3lo im\u00e1genes. Todas son externas a los despachos en s\u00ed, no hay ninguna dentro de ninguna dependencia, de ning\u00fan edificio\u201d. Y ha recordado c\u00f3mo fue la llegada al edificio de L\u2019Eliana de los dos principales investigados en la causa: la exconsejera de Justicia e Interior, Salom\u00e9 Pradas, y quien fuera su segundo durante la riada, Emilio Arg\u00fceso. Ambos accedieron por primera vez a estas instalaciones pasadas las 12.20 horas, tras decretarse las alertas hidrol\u00f3gicas del r\u00edo Magro, que caus\u00f3 el caos en Utiel y Requena, y el barranco del Poyo, g\u00e9nesis de la inundaci\u00f3n. \u201cLas personas con las que ven\u00edan, si eran asesores o personal de Consejer\u00eda, no ten\u00edan que registrarse, por lo que no estar\u00e1n incluidas en el informe\u201d, ha indicado. <\/p>\n<p class=\"\">El an\u00e1lisis de las grabaciones del Cecopi es clave para desgranar la toma de decisiones. Y depurar responsabilidades sobre la participaci\u00f3n de cada alto cargo en el env\u00edo del Es Alert, que se ha convertido en la piedra angular de las pesquisas. La magistrada sostiene que, si esta notificaci\u00f3n se hubiera remitido antes, se habr\u00edan salvado vidas. Y ha ordenado una catarata de diligencias para incorporar a la instrucci\u00f3n -que suma m\u00e1s de 42 tomos- los metrajes, especialmente tras descubrir que la Generalitat ocult\u00f3 durante once meses im\u00e1genes captadas en el \u00f3rgano que gestion\u00f3 la crisis por una productora externa contratada por el Consell. <\/p>\n","protected":false},"excerpt":{"rendered":"Un responsable de Emergencias de la Generalitat Valenciana ha revelado ante la jueza de Catarroja (Valencia) que investiga&hellip;\n","protected":false},"author":2,"featured_media":116878,"comment_status":"","ping_status":"","sticky":false,"template":"","format":"standard","meta":{"footnotes":""},"categories":[8],"tags":[17,18,2007,242,1681,25,24,13,14,238,11,5128,4274,19,20,9,10,15,16,23,12,21,22],"class_list":{"0":"post-267249","1":"post","2":"type-post","3":"status-publish","4":"format-standard","5":"has-post-thumbnail","7":"category-espana","8":"tag-breaking-news","9":"tag-breakingnews","10":"tag-carlos-mazon","11":"tag-comunidad-valenciana","12":"tag-dana","13":"tag-es","14":"tag-espana","15":"tag-featured-news","16":"tag-featurednews","17":"tag-generalitat-valenciana","18":"tag-headlines","19":"tag-inundaciones","20":"tag-inundaciones-dana-octubre-2024","21":"tag-latest-news","22":"tag-latestnews","23":"tag-news","24":"tag-noticias","25":"tag-noticias-destacadas","26":"tag-noticiasdestacadas","27":"tag-spain","28":"tag-titulares","29":"tag-ultimas-noticias","30":"tag-ultimasnoticias"},"share_on_mastodon":{"url":"","error":"Validation failed: Text character limit of 500 exceeded"},"_links":{"self":[{"href":"https:\/\/www.europesays.com\/es\/wp-json\/wp\/v2\/posts\/267249","targetHints":{"allow":["GET"]}}],"collection":[{"href":"https:\/\/www.europesays.com\/es\/wp-json\/wp\/v2\/posts"}],"about":[{"href":"https:\/\/www.europesays.com\/es\/wp-json\/wp\/v2\/types\/post"}],"author":[{"embeddable":true,"href":"https:\/\/www.europesays.com\/es\/wp-json\/wp\/v2\/users\/2"}],"replies":[{"embeddable":true,"href":"https:\/\/www.europesays.com\/es\/wp-json\/wp\/v2\/comments?post=267249"}],"version-history":[{"count":0,"href":"https:\/\/www.europesays.com\/es\/wp-json\/wp\/v2\/posts\/267249\/revisions"}],"wp:featuredmedia":[{"embeddable":true,"href":"https:\/\/www.europesays.com\/es\/wp-json\/wp\/v2\/media\/116878"}],"wp:attachment":[{"href":"https:\/\/www.europesays.com\/es\/wp-json\/wp\/v2\/media?parent=267249"}],"wp:term":[{"taxonomy":"category","embeddable":true,"href":"https:\/\/www.europesays.com\/es\/wp-json\/wp\/v2\/categories?post=267249"},{"taxonomy":"post_tag","embeddable":true,"href":"https:\/\/www.europesays.com\/es\/wp-json\/wp\/v2\/tags?post=267249"}],"curies":[{"name":"wp","href":"https:\/\/api.w.org\/{rel}","templated":true}]}}