{"id":267254,"date":"2025-12-02T13:21:14","date_gmt":"2025-12-02T13:21:14","guid":{"rendered":"https:\/\/www.europesays.com\/es\/267254\/"},"modified":"2025-12-02T13:21:14","modified_gmt":"2025-12-02T13:21:14","slug":"los-pistoleros-desde-el-triple-de-la-segunda-feb-zona-de-basquet","status":"publish","type":"post","link":"https:\/\/www.europesays.com\/es\/267254\/","title":{"rendered":"Los pistoleros desde el triple de la Segunda FEB \u2013 Zona de B\u00e1squet"},"content":{"rendered":"<p style=\"text-align: justify\">Con casi el primer tercio de la temporada en Segunda FEB disputada, nos detenemos para hablar de los mejores artilleros desde m\u00e1s all\u00e1 de los 6,75 metros de la liga, pero teniendo en cuenta los siguientes factores, que al menos hayan disputado la mitad de los 8 partidos jugados hasta el momento, y que en su tarjeta de lanzamientos, al menos hagan 2 intentos de 3 puntos por partido.<\/p>\n<p style=\"text-align: justify\">Os vamos a nombrar a todo el mogoll\u00f3n de jugadores que superan el 40% de acierto, pero solo nos detendremos a hablar de forma m\u00e1s concreta de ellos en los 7 nombres que al menos anotan un 50% de sus tiros, o lo que es lo mismo, meter la mitad o m\u00e1s de sus triples intentados, lo que habla de un acierto estratosf\u00e9rico aunque podamos hablar de especialistas en la materia.<\/p>\n<p style=\"text-align: justify\">Antes de nada queremos nombrar por no llegar a los 4 partidos necesarios, al lesionado <strong>Fares Ochi<\/strong>, p\u00edvot del UEMC Baloncesto Valladolid, que entrar\u00eda entre los elegidos con su 54.1% de efectividad, ni tampoco podemos meter al exterior norteameriano con pasaporte bahame\u00f1o <strong>Jacob Hanna<\/strong>, tambi\u00e9n del UEMC Baloncesto Valladolid, con su 71.4%, porque no llega a los 2 intentos por choque, lo mismo que le ocurre al interior del Proinbeni UPB Gand\u00eda <strong>Juanjo Santana<\/strong> con su 53.3%.<\/p>\n<p style=\"text-align: center\"><strong>Jes\u00fas Castillo<\/strong><br \/>Homs UE Matar\u00f3<br \/>Acierto desde el triple: 62,5% (10\/16)<\/p>\n<p style=\"text-align: justify\">Consumado triplista o m\u00e1s bien un especialista de la larga distancia, y es que si hablamos de las 4 campa\u00f1as anteriores en baloncesto FEB m\u00e1s las 5 de su etapa universitaria en Estados Unidos, solamente en 2 cursos ha bajado del 40% de acierto, m\u00e1s all\u00e1 de que sus lanzamientos de tres superan con creces a los de dos. No est\u00e1 teniendo los minutos de los que goz\u00f3 el pasado curso, pero los est\u00e1 aprovechando a la perfecci\u00f3n.<\/p>\n<p style=\"text-align: center\"><strong>Rub\u00e9n Salas<\/strong><br \/>Cl\u00ednica Ponferrada SDP<br \/>Acierto desde el triple: 54,8% (17\/31)<\/p>\n<p style=\"text-align: justify\">Bienvenidos al nuevo baloncesto, jugadores de 2,10m lanzando de tres como aut\u00e9nticos especialistas exteriores, si bien el interior malague\u00f1o no hab\u00eda superado el 40% en ning\u00fan curso anterior, siempre hab\u00eda estado por encima del 30% demostrando tener buena mu\u00f1eca desde el arco. Tras un inicio espectacular, est\u00e1 perdiendo minutaje, pero su acierto contin\u00faa intacto, adem\u00e1s de ser fundamental en el rebote y la intimidaci\u00f3n.<\/p>\n<p style=\"text-align: center\"><strong>Mikel Olaizola<\/strong><br \/>Biele ISB<br \/>Acierto desde el triple: 54,5% (12\/22)<\/p>\n<p style=\"text-align: justify\">Como ha crecido el ala-p\u00edvot vasco de un a\u00f1o para otro, y es que el canterano de Azpeitia ha pasado de una media de poco m\u00e1s de 8 minutos a estar en pista m\u00e1s de 22, y desde luego est\u00e1 devolviendo este aumento de confianza con creces, convirti\u00e9ndose en un 4 abierto s\u00f3lido desde el per\u00edmetro, que suma a lo que ya acostumbraba a dar en cuanto a energ\u00eda, valent\u00eda y car\u00e1cter sobre la pista, una gran noticia para su club.<\/p>\n<p style=\"text-align: center\"><strong>Jamiel Bergens<\/strong><br \/>Cl\u00ednica Ponferrada SDP<br \/>Acierto desde el triple: 54,2% (13\/24)<\/p>\n<p style=\"text-align: justify\">Desde luego la baja de Marc Pe\u00f1arroya por lesi\u00f3n en el conjunto del Bierzo fue un jarro de agua fr\u00eda, pero la llegada de este exterior holand\u00e9s y su impacto en su primera experiencia profesional, ha hecho olvidar las penas, deportivamente hablando, de forma r\u00e1pida, porque no solo est\u00e1 sumando con tremenda certeza desde el triple, sino que se ha convertido en el l\u00edder ofensivo de su equipo, con un gran cat\u00e1logo en ataque.<\/p>\n<p style=\"text-align: center\"><strong>\u00c1lex Montero<\/strong><br \/>CB Getafe<br \/>Acierto desde el triple: 53,8% (14\/26)<\/p>\n<p style=\"text-align: justify\">Si bien sab\u00edamos que el joven base madrile\u00f1o tiene una buena mu\u00f1eca desde el arco, superando el 35% de efectividad en las \u00faltimas 3 temporadas, su acierto este curso est\u00e1 superando cualquier registro anterior, pero no solo eso, sino que su vuelta a Segunda FEB est\u00e1 confirmando que es para quedarse y no volver a pisar la categor\u00eda inferior, siendo un director con un buen f\u00edsico, descaro en ataque y visi\u00f3n de juego.<\/p>\n<p style=\"text-align: center\"><strong>Maxi Andreatta<\/strong><br \/>Amics Castell\u00f3<br \/>Acierto desde el triple: 52,4% (11\/21)<\/p>\n<p style=\"text-align: justify\">El argentino con pasaporte italiano es otro de esos bichos raros que con 2,10 metros de altura juegan con la habilidad de un exterior, dejando maravillados a propios y extra\u00f1os en su primera aparici\u00f3n en Segunda FEB tras 2 cursos en Tercera FEB, habiendo explotado la \u00faltima campa\u00f1a, llamando la atenci\u00f3n su mano desde el triple, que si bien se sab\u00eda que lanzaba sin complejos, no hab\u00eda sido hasta ahora con esta efectividad.<\/p>\n<p style=\"text-align: center\"><strong>Alejandro Rodr\u00edguez<\/strong><br \/>Coto C\u00f3rdoba<br \/>Acierto desde el triple: 50% (14\/28)<\/p>\n<p style=\"text-align: justify\">Cerramos los m\u00e1s destacados con un veterano de guerra que cuenta esta como su d\u00e9cima temporada en la hoy Segunda FEB, sin llegar todav\u00eda a la treintena de a\u00f1os, este cuatro abierto sevillano, que hasta la fecha ha tenido irregularidad desde el arco, est\u00e1 sumando con solidez de tres en tres para su equipo, siendo \u00e9sta la mejor de sus campa\u00f1as en cuanto a acierto, jugador de gran experiencia e inteligencia en pista.<\/p>\n<p style=\"text-align: justify\">Como hemos dicho, no quer\u00edamos dejar sin nombrar al menos a los jugadores que est\u00e1n entre el 40% y el 50% de efectividad, un porcentaje elevado cuando hablamos del triple, encontrando con al menos 4 partidos disputados y m\u00e1s de 2 lanzamientos de tres puntos por partido a los siguientes 35 nombres que ordenamos de mayor acierto a menor, una estad\u00edstica que habla muy bien de los excelentes triplistas que hay en esta Segunda FEB: <strong>V\u00edctor Moreno<\/strong> (48,9%), <strong>Ierai Aizpitarte<\/strong> (48,8%), <strong>Kevin Torres<\/strong> (48,5%), <strong>Pau Trevi\u00f1o<\/strong> (47,4%), <strong>Isaac Haney<\/strong> (47,2%), <strong>Ren\u00e9 Cadme<\/strong> (47,1%), <strong>Adri\u00e1 Dom\u00ednguez<\/strong> (47,1%), <strong>Didac Cebolla<\/strong> (46,7%), <strong>Jordi Juanola<\/strong> (46,5%), <strong>Ezekiel Alley<\/strong> (46%), <strong>Chuso Gonz\u00e1lez<\/strong> (45,5%), <strong>Isma Corraliza<\/strong> (45%), <strong>John Zhao<\/strong> (44,8%), <strong>Greg Gantt<\/strong> (44,7%), <strong>Gonzalo Orozco<\/strong> (43,8%), <strong>Jos\u00e9 Alberto Jim\u00e9nez<\/strong> (43,8%), <strong>Ja\u2019Monta Black<\/strong> (43,6%), <strong>Patrick Renane<\/strong> (43,5%), <strong>H\u00e9ctor Figueroa<\/strong> (43,5%), <strong>\u00d3scar Alvarado<\/strong> (42,9%), <strong>Luis Garc\u00eda<\/strong> (42,3%), <strong>Pau Isern<\/strong> (42,1%), <strong>Kai Johnson<\/strong> (41,7%), <strong>Luis Ferrando<\/strong> (41,2%), <strong>Alonso Meana<\/strong> (41,2%), <strong>Nedim Djedovic<\/strong> (40,9%), <strong>Sesan Russell<\/strong> (40,9%), <strong>Bernat \u00c1lvarez<\/strong> (40,7%), <strong>\u00c1lex Mazaira<\/strong> (40,7%), <strong>Kai Johnson<\/strong> (41,7%), <strong>Alex Tamayo<\/strong> (40,6%), <strong>Joan Pardina<\/strong> (40%), <strong>James Potier<\/strong> (40%), <strong>Tavin Pierre<\/strong> (40%) y <strong>Sergio Romero<\/strong> (40%).<\/p>\n","protected":false},"excerpt":{"rendered":"Con casi el primer tercio de la temporada en Segunda FEB disputada, nos detenemos para hablar de los&hellip;\n","protected":false},"author":2,"featured_media":267255,"comment_status":"","ping_status":"","sticky":false,"template":"","format":"standard","meta":{"footnotes":""},"categories":[269],"tags":[299,298,168,25,24,23,167],"class_list":{"0":"post-267254","1":"post","2":"type-post","3":"status-publish","4":"format-standard","5":"has-post-thumbnail","7":"category-baloncesto","8":"tag-baloncesto","9":"tag-basketball","10":"tag-deportes","11":"tag-es","12":"tag-espana","13":"tag-spain","14":"tag-sports"},"share_on_mastodon":{"url":"https:\/\/pubeurope.com\/@es\/115650185537836949","error":""},"_links":{"self":[{"href":"https:\/\/www.europesays.com\/es\/wp-json\/wp\/v2\/posts\/267254","targetHints":{"allow":["GET"]}}],"collection":[{"href":"https:\/\/www.europesays.com\/es\/wp-json\/wp\/v2\/posts"}],"about":[{"href":"https:\/\/www.europesays.com\/es\/wp-json\/wp\/v2\/types\/post"}],"author":[{"embeddable":true,"href":"https:\/\/www.europesays.com\/es\/wp-json\/wp\/v2\/users\/2"}],"replies":[{"embeddable":true,"href":"https:\/\/www.europesays.com\/es\/wp-json\/wp\/v2\/comments?post=267254"}],"version-history":[{"count":0,"href":"https:\/\/www.europesays.com\/es\/wp-json\/wp\/v2\/posts\/267254\/revisions"}],"wp:featuredmedia":[{"embeddable":true,"href":"https:\/\/www.europesays.com\/es\/wp-json\/wp\/v2\/media\/267255"}],"wp:attachment":[{"href":"https:\/\/www.europesays.com\/es\/wp-json\/wp\/v2\/media?parent=267254"}],"wp:term":[{"taxonomy":"category","embeddable":true,"href":"https:\/\/www.europesays.com\/es\/wp-json\/wp\/v2\/categories?post=267254"},{"taxonomy":"post_tag","embeddable":true,"href":"https:\/\/www.europesays.com\/es\/wp-json\/wp\/v2\/tags?post=267254"}],"curies":[{"name":"wp","href":"https:\/\/api.w.org\/{rel}","templated":true}]}}