{"id":267260,"date":"2025-12-02T13:26:10","date_gmt":"2025-12-02T13:26:10","guid":{"rendered":"https:\/\/www.europesays.com\/es\/267260\/"},"modified":"2025-12-02T13:26:10","modified_gmt":"2025-12-02T13:26:10","slug":"hay-o-no-capitulo-nuevo-hoy-martes-2-de-diciembre","status":"publish","type":"post","link":"https:\/\/www.europesays.com\/es\/267260\/","title":{"rendered":"hay, o no, cap\u00edtulo nuevo hoy martes 2 de diciembre"},"content":{"rendered":"<p><strong>La Promesa<\/strong> ha estrenado diciembre con r\u00e9cord de audiencia durante el presente curso. En directo y diferido, un total de 1.234.000 personas vieron lo nuevo de <strong>La Promesa<\/strong>, <a href=\"https:\/\/www.elindependiente.com\/series-y-television\/2025\/11\/28\/la-promesa-avance-del-capitulo-727-este-lunes-1-de-diciembre-maria-fernandez-se-reencuentra-con-el-padre-de-su-bebe-carlo\/\" rel=\"nofollow noopener\" target=\"_blank\">el cap\u00edtulo n\u00famero 727<\/a>, este lunes 1 de diciembre. No quitaremos m\u00e9rito a los guionistas del <a href=\"https:\/\/www.elindependiente.com\/etiquetas\/la-promesa\/\" rel=\"nofollow noopener\" target=\"_blank\">serial de \u00e9poca<\/a>, con <a href=\"https:\/\/www.elindependiente.com\/series-y-television\/2025\/03\/25\/josep-cister-la-promesa-entrevista\/\" rel=\"nofollow noopener\" target=\"_blank\">Josep Cister Rubio<\/a> a los mandos, pero s\u00ed es cierto que el n\u00famero de espectadores sube como la espuma durante oto\u00f1o e invierno. A m\u00e1s fr\u00edo y menos horas de luz por la tarde, m\u00e1s audiencia en directo para La Promesa (y <a href=\"https:\/\/www.elindependiente.com\/etiquetas\/valle-salvaje\/\" rel=\"nofollow noopener\" target=\"_blank\">Valle Salvaje<\/a>) en La 1 de TVE. Lo a gustito que se est\u00e1 en casa.<\/p>\n<p>Manuel ayudar\u00e1 a Curro para impedir la boda de Lorenzo y \u00c1ngela<\/p>\n<p>As\u00ed y todo, la expectaci\u00f3n que gener\u00f3 hace una semana el frustrado secuestro de Lorenzo (<a href=\"https:\/\/www.elindependiente.com\/series-y-television\/2025\/11\/25\/guillermo-serrano-lorenzo-en-la-promesa-muere\/\" rel=\"nofollow noopener\" target=\"_blank\">Guillermo Serrano<\/a>) a manos de Curro (Xavi Lock) ha dado sus frutos en t\u00e9rminos de audiencia. Un mill\u00f3n de fieles \u2013de media\u2013 est\u00e1 conectando en directo con La 1. La ocasi\u00f3n lo merece. El intento de asesinato no ha amilanado al capit\u00e1n de la Mata; al contrario. Lorenzo est\u00e1 envalentonado y quiere que su boda con \u00c1ngela (Marta Costa) se celebre por todo lo alto. Tiene bemoles el capit\u00e1n: su enlace deber\u00e1 estar a la altura del de su sobrino Manuel (Arturo Garc\u00eda Sancho) con Jimena (Paula Losada). Curro llorar\u00e1 a mares, aunque no est\u00e1 todo perdido. El lacayo <a href=\"https:\/\/www.elindependiente.com\/series-y-television\/2025\/11\/30\/avance-semana-la-promesa-uno-cinco-diciembre\/\" rel=\"nofollow noopener\" target=\"_blank\">pedir\u00e1 auxilio a su hermano Manuel<\/a> para impedir la boda del a\u00f1o.<\/p>\n<p>As\u00ed que todos los ojos estar\u00e1n puestos en el trabajo del nuevo mayordomo y la nueva ama de llaves de <strong>La Promesa<\/strong>: Crist\u00f3bal Ballesteros (<a href=\"https:\/\/www.elindependiente.com\/series-y-television\/2025\/07\/08\/cristobal-ballesteros-la-promesa-mayordomo-jefe\/\" rel=\"nofollow noopener\" target=\"_blank\">Fernando Coronado<\/a>) y Teresa Villamil (Andrea del R\u00edo). Da la sensaci\u00f3n de que estos dos har\u00e1n muy buenas migas&#8230; Un t\u00e1ndem que no gustar\u00e1 ni arriba (\u00bfse pondr\u00e1<a href=\"https:\/\/www.elindependiente.com\/series-y-television\/2025\/09\/09\/isabel-serrano-leocadia-la-promesa-asesinato-jana\/\" rel=\"nofollow noopener\" target=\"_blank\"> Leocadia<\/a> celosa?), ni abajo, a pesar del ascenso temporal de Lope (<a href=\"https:\/\/www.elindependiente.com\/series-y-television\/2025\/03\/24\/enrique-fortun-lope-la-promesa-ana-garces-jana\/\" rel=\"nofollow noopener\" target=\"_blank\">Enrique Fort\u00fan<\/a>) como cocinero. Quiz\u00e1s sea hora de una nueva huelga en <strong>La Promesa<\/strong> con una inesperada cabecilla: Petra (<a href=\"https:\/\/www.elindependiente.com\/series-y-television\/2025\/10\/17\/petra-la-promesa-muere-marga-martinez\/\" rel=\"nofollow noopener\" target=\"_blank\">Marga Mart\u00ednez<\/a>).<\/p>\n<p>RTVE suspende la emisi\u00f3n de La Promesa el martes 2 y el viernes 5 de diciembre<\/p>\n<p>La cosa est\u00e1 que arde, pero habr\u00e1 que esperar al mi\u00e9rcoles 3 de diciembre (18.30 horas). <strong>La 1 de TVE no emite un nuevo cap\u00edtulo de La Promesa este martes 2 de diciembre<\/strong>. \u00bfPor qu\u00e9? El f\u00fatbol. RTVE <a href=\"https:\/\/www.rtve.es\/play\/guia-tve\/la1_02122025\/\" rel=\"nofollow noopener\" target=\"_blank\">confirma a trav\u00e9s de su gu\u00eda de programaci\u00f3n<\/a> que este martes 2 de diciembre, La 1 retransmite a partir de las 18.15 horas el Espa\u00f1a-Alemania de la <a href=\"https:\/\/www.elindependiente.com\/deportes\/2024\/02\/28\/espana-hace-historia-y-se-proclama-por-primera-vez-campeona-de-la-liga-de-las-naciones-femenina\/\" rel=\"nofollow noopener\" target=\"_blank\">Liga de Naciones Femenina<\/a> de la UEFA.<\/p>\n<p>S\u00ed habr\u00e1 Valle Salvaje, aunque aviso a navegantes: arrancar\u00e1 30 minutos antes de lo habitual, a las 17.15 horas. La 1 mantiene, por tanto, <a href=\"https:\/\/www.elindependiente.com\/series-y-television\/2025\/10\/28\/cuanto-cobran-gonzalo-miro-marta-flich-presentadores-rtve\/\" rel=\"nofollow noopener\" target=\"_blank\">Directo el grano<\/a> (15.55), que ve recortada su duraci\u00f3n. A continuaci\u00f3n, el primer canal de TVE estrena el cap\u00edtulo 308 de Valle Salvaje. Con la retransmisi\u00f3n del Espa\u00f1a-Alemania, La 1 suspende por un d\u00eda la emisi\u00f3n de Malas lenguas y Aqu\u00ed la Tierra.<\/p>\n<p>No ser\u00e1 este martes 2 de diciembre el \u00fanico d\u00eda de la semana sin La Promesa ni Valle Salvaje. La 1 suspende la emisi\u00f3n de sendos seriales de \u00e9poca el pr\u00f3ximo viernes 5 de diciembre. El motivo, nuevamente, es deportivo. El primer canal de RTVE retransmitir\u00e1 el sorteo del <a href=\"https:\/\/www.elindependiente.com\/series-y-television\/comunicacion\/2025\/11\/25\/rtve-revela-la-factura-de-las-competiciones-deportivas-155-millones-de-euros-por-futbol-y-jjoo\/\" rel=\"nofollow noopener\" target=\"_blank\">Mundial de F\u00fatbol 2026<\/a>.<\/p>\n<p>Una vez pase el pr\u00f3ximo fin de semana, quedar\u00e1n solamente 12 cap\u00edtulos de <strong>La Promesa<\/strong> para ver el final de su <a href=\"https:\/\/www.elindependiente.com\/series-y-television\/2025\/10\/22\/la-promesa-numero-capitulos-grabados-final-cuarta-temporada\/\" rel=\"nofollow noopener\" target=\"_blank\">cuarta temporada<\/a>. Si las fechas cuadran, pues el pr\u00f3ximo lunes 8 es <a href=\"https:\/\/www.elindependiente.com\/sociedad\/2022\/12\/05\/por-que-es-festivo-el-8-de-diciembre-en-espana-que-se-celebra\/\" rel=\"nofollow noopener\" target=\"_blank\">festivo nacional<\/a>, el cap\u00edtulo 741 deber\u00eda emitirse el mi\u00e9rcoles 24 de diciembre. Por lo tanto, la<a href=\"https:\/\/www.elindependiente.com\/series-y-television\/2025\/09\/18\/rtve-quinta-temporada-la-promesa-hasta-2027\/\" rel=\"nofollow noopener\" target=\"_blank\"> quinta temporada de La Promesa<\/a> arrancar\u00e1 tras Navidad, el viernes 26 o el lunes 29 de diciembre. Nunca se sabe con RTVE, pues podr\u00eda programar entregas especiales del serial de \u00e9poca. Al fin y al cabo, son fechas en que el consumo televisivo var\u00eda dr\u00e1sticamente.<\/p>\n<p>Avance del cap\u00edtulo 728 de La Promesa este mi\u00e9rcoles 3 de diciembre<\/p>\n<p>Mar\u00eda Fern\u00e1ndez va con el cuento a Samuel: Carlo est\u00e1 en La Promesa. El cura cree que es una se\u00f1al: la doncella debe hablar con el padre del beb\u00e9 que est\u00e1 esperando. Carlo ir\u00e1 detr\u00e1s de una esquiva Mar\u00eda Fern\u00e1ndez.<\/p>\n<p>Teresa se refugia en sus amigas y compa\u00f1eras del servicio, Vera, P\u00eda y Mar\u00eda Fern\u00e1ndez.<\/p>\n<p>Manuel le levanta la voz a Enora. \u00bfPuede acaso confiar en ella?<\/p>\n<p>Crist\u00f3bal informa a Lope de que regresar\u00e1 excepcionalmente a las cocinas de <strong>La Promesa<\/strong> hasta la celebraci\u00f3n de la boda de Lorenzo y \u00c1ngela.<\/p>\n<p>Martina media entre Jacobo y Adriano. Los hombres chocan nuevamente por el mejor o peor trato hacia sus trabajadores. El &#8216;agro-duque&#8217; se niega a explotar a los m\u00e1s pobres. \u00bfSe trata solamente de una cuesti\u00f3n de clase?<\/p>\n<p>Lorenzo frena a Manuel: su enlace con \u00c1ngela no es de su incumbencia. El aviador, sin embargo, no se amilana ante su t\u00edo; har\u00e1 cualquier cosa por su hermano Curro.<\/p>\n<p>PUBLICIDAD<\/p>\n","protected":false},"excerpt":{"rendered":"La Promesa ha estrenado diciembre con r\u00e9cord de audiencia durante el presente curso. En directo y diferido, un&hellip;\n","protected":false},"author":2,"featured_media":267261,"comment_status":"","ping_status":"","sticky":false,"template":"","format":"standard","meta":{"footnotes":""},"categories":[171],"tags":[146,147,25,24,11031,23,214],"class_list":{"0":"post-267260","1":"post","2":"type-post","3":"status-publish","4":"format-standard","5":"has-post-thumbnail","7":"category-tv","8":"tag-entertainment","9":"tag-entretenimiento","10":"tag-es","11":"tag-espana","12":"tag-la-promesa","13":"tag-spain","14":"tag-tv"},"share_on_mastodon":{"url":"https:\/\/pubeurope.com\/@es\/115650205286637236","error":""},"_links":{"self":[{"href":"https:\/\/www.europesays.com\/es\/wp-json\/wp\/v2\/posts\/267260","targetHints":{"allow":["GET"]}}],"collection":[{"href":"https:\/\/www.europesays.com\/es\/wp-json\/wp\/v2\/posts"}],"about":[{"href":"https:\/\/www.europesays.com\/es\/wp-json\/wp\/v2\/types\/post"}],"author":[{"embeddable":true,"href":"https:\/\/www.europesays.com\/es\/wp-json\/wp\/v2\/users\/2"}],"replies":[{"embeddable":true,"href":"https:\/\/www.europesays.com\/es\/wp-json\/wp\/v2\/comments?post=267260"}],"version-history":[{"count":0,"href":"https:\/\/www.europesays.com\/es\/wp-json\/wp\/v2\/posts\/267260\/revisions"}],"wp:featuredmedia":[{"embeddable":true,"href":"https:\/\/www.europesays.com\/es\/wp-json\/wp\/v2\/media\/267261"}],"wp:attachment":[{"href":"https:\/\/www.europesays.com\/es\/wp-json\/wp\/v2\/media?parent=267260"}],"wp:term":[{"taxonomy":"category","embeddable":true,"href":"https:\/\/www.europesays.com\/es\/wp-json\/wp\/v2\/categories?post=267260"},{"taxonomy":"post_tag","embeddable":true,"href":"https:\/\/www.europesays.com\/es\/wp-json\/wp\/v2\/tags?post=267260"}],"curies":[{"name":"wp","href":"https:\/\/api.w.org\/{rel}","templated":true}]}}