{"id":267278,"date":"2025-12-02T13:35:09","date_gmt":"2025-12-02T13:35:09","guid":{"rendered":"https:\/\/www.europesays.com\/es\/267278\/"},"modified":"2025-12-02T13:35:09","modified_gmt":"2025-12-02T13:35:09","slug":"sanchez-cumple-con-uno-de-los-peajes-de-puigdemont-y-entrega-a-cataluna-la-gestion-de-la-oferta-publica-de-empleo","status":"publish","type":"post","link":"https:\/\/www.europesays.com\/es\/267278\/","title":{"rendered":"S\u00e1nchez cumple con uno de los peajes de Puigdemont y entrega a Catalu\u00f1a la gesti\u00f3n de la oferta p\u00fablica de empleo"},"content":{"rendered":"<p style=\"\"><a href=\"https:\/\/www.abc.es\/noticias\/pedro-sanchez\/\" title=\"www.abc.es\" data-voc-vtm-id=\"in-text-traffic\" data-mrf-link=\"www.abc.es\" rel=\"nofollow noopener\" target=\"_blank\">Pedro S\u00e1nchez<\/a> ha desplegado este martes una estrategia en dos planos. El primero, el ret\u00f3rico, el de los gestos, con <strong>una sucesi\u00f3n de entrevistas en medios catalanes para sintonizar la frecuencia de Junts<\/strong>. En segundo lugar, el Consejo de Ministros ha pasado de  &#8230; las palabras a los hechos, <a href=\"https:\/\/www.abc.es\/economia\/gobierno-pacta-junts-abrir-veda-ayuntamientos-puedan-20251202135314-nt.html\" target=\"_self\" data-voc-vtm-id=\"in-text-traffic\" title=\"movilizando aquellas cuestiones que siguen pendientes\" data-mrf-link=\"www.abc.es\" rel=\"nofollow noopener\">movilizando aquellas cuestiones que siguen pendientes<\/a> y que el Gobierno tiene en su mano materializar.<\/p>\n<p class=\"voc-p\" style=\"\">Exhibiendo una actitud de autoenmienda, casi entonando el &#8216;mea culpa&#8217;, el presidente <strong>asume los \u00abincumplimientos\u00bb con Carles Puigdemont<\/strong> y se ocupa de revertirlos. En este sentido, se pasa a abonar uno de los peajes que exig\u00edan los posconvergentes en el acuerdo de investidura: <strong>el Gobierno ceder\u00e1 la gesti\u00f3n de la oferta p\u00fablica de empleo a Catalu\u00f1a<\/strong>. Esta misma ma\u00f1ana, el presidente ya hab\u00eda anunciado que iba a seguir devolviendo competencias a la Generalitat, en cumplimiento del pacto que le hizo presidente suscrito entre el PSOE y Junts en 2023.<\/p>\n<p class=\"voc-p\" style=\"\">El anuncio viene a completar el paquete de medidas que el presidente del Gobierno se hab\u00eda ocupado de avanzar en dos entrevistas matutinas, en radio (RAC1) y televisi\u00f3n (RTVE), en clave catalana para reconocer <strong>\u00abincumplimientos\u00bb con los independentistas <\/strong>y anunciar nuevos ofrecimientos, entre los que se encontrar\u00eda este anunciado por el ministro de Transformaci\u00f3n Digital y de la Funci\u00f3n P\u00fablica, \u00d3scar L\u00f3pez, tras la reuni\u00f3n gubernamental.<\/p>\n<p class=\"voc-p\" style=\"\">\u00abConsiste en devolver a la Generalitat de Catalu\u00f1a una competencia que tuvo entre el a\u00f1o 2007 y el a\u00f1o 2013, es decir, en la segunda legislatura de Zapatero\u00bb, ha explicado L\u00f3pez. Fuentes gubernamentales vienen a contextualizar este giro discursivo <strong>en el marco de una relaci\u00f3n rota con los posconvergentes<\/strong> que se quiere reconducir de cara al futuro para tratar de dar viabilidad a la legislatura. <\/p>\n<p class=\"voc-p\" style=\"\">No es un movimiento que busque resultados a corto plazo, porque se asume que la senda de estabilidad que se vota, de nuevo, en el Congreso la pr\u00f3xima semana no saldr\u00e1, pero se quieren resta\u00f1ar los afectos y lanzar se\u00f1ales de concordia, sobre todo <strong>despu\u00e9s de que Feij\u00f3o se dirigiera a Fomet como interlocutor y a Junts criticando sus \u00abtragaderas\u00bb<\/strong>. \u00abEs un mensaje de segunda parte de legislatura\u00bb, se\u00f1alan las fuentes consultadas.<\/p>\n<p class=\"voc-p\" style=\"\">La ministra portavoz, Pilar Alegr\u00eda, ha defendido estas cesiones y el acercamiento a Junts asegurando que \u00abvan a exprimir\u00bb la opci\u00f3n del \u00abdi\u00e1logo\u00bb: \u00abVamos a seguir en esta din\u00e1mica, con todas las dificultades que conocemos\u00bb. Y ha asegurado que en la \u00abhoja de ruta\u00bb del Ejecutivo, est\u00e1 el <strong>cumplir con los \u00abcompromisos\u00bb con \u00abtodas las formaciones.<\/strong><\/p>\n<p class=\"voc-p\" style=\"\">En referencia a los \u00faltimos esc\u00e1ndalos que cercan al Gobierno y al partido liderado por Pedro S\u00e1nchez y a personajes muy cercanos a la c\u00fapula como Santos Cerd\u00e1n, \u00c1balos o Salazar, Alegr\u00eda ha vuelto a defender \u00abla contundencia\u00bb con la que, seg\u00fan ella, se actu\u00f3 en cuanto se tuvieron noticia de los hechos.<\/p>\n","protected":false},"excerpt":{"rendered":"Pedro S\u00e1nchez ha desplegado este martes una estrategia en dos planos. El primero, el ret\u00f3rico, el de los&hellip;\n","protected":false},"author":2,"featured_media":267279,"comment_status":"","ping_status":"","sticky":false,"template":"","format":"standard","meta":{"footnotes":""},"categories":[8],"tags":[17,18,1980,7677,5509,36,25,24,13,14,5064,11,19,20,9,10,15,16,6046,66018,4500,5667,199,23,12,21,22],"class_list":{"0":"post-267278","1":"post","2":"type-post","3":"status-publish","4":"format-standard","5":"has-post-thumbnail","7":"category-espana","8":"tag-breaking-news","9":"tag-breakingnews","10":"tag-cataluna","11":"tag-cumple","12":"tag-empleo","13":"tag-entrega","14":"tag-es","15":"tag-espana","16":"tag-featured-news","17":"tag-featurednews","18":"tag-gestion","19":"tag-headlines","20":"tag-latest-news","21":"tag-latestnews","22":"tag-news","23":"tag-noticias","24":"tag-noticias-destacadas","25":"tag-noticiasdestacadas","26":"tag-oferta","27":"tag-peajes","28":"tag-publica","29":"tag-puigdemont","30":"tag-sanchez","31":"tag-spain","32":"tag-titulares","33":"tag-ultimas-noticias","34":"tag-ultimasnoticias"},"share_on_mastodon":{"url":"https:\/\/pubeurope.com\/@es\/115650240497244361","error":""},"_links":{"self":[{"href":"https:\/\/www.europesays.com\/es\/wp-json\/wp\/v2\/posts\/267278","targetHints":{"allow":["GET"]}}],"collection":[{"href":"https:\/\/www.europesays.com\/es\/wp-json\/wp\/v2\/posts"}],"about":[{"href":"https:\/\/www.europesays.com\/es\/wp-json\/wp\/v2\/types\/post"}],"author":[{"embeddable":true,"href":"https:\/\/www.europesays.com\/es\/wp-json\/wp\/v2\/users\/2"}],"replies":[{"embeddable":true,"href":"https:\/\/www.europesays.com\/es\/wp-json\/wp\/v2\/comments?post=267278"}],"version-history":[{"count":0,"href":"https:\/\/www.europesays.com\/es\/wp-json\/wp\/v2\/posts\/267278\/revisions"}],"wp:featuredmedia":[{"embeddable":true,"href":"https:\/\/www.europesays.com\/es\/wp-json\/wp\/v2\/media\/267279"}],"wp:attachment":[{"href":"https:\/\/www.europesays.com\/es\/wp-json\/wp\/v2\/media?parent=267278"}],"wp:term":[{"taxonomy":"category","embeddable":true,"href":"https:\/\/www.europesays.com\/es\/wp-json\/wp\/v2\/categories?post=267278"},{"taxonomy":"post_tag","embeddable":true,"href":"https:\/\/www.europesays.com\/es\/wp-json\/wp\/v2\/tags?post=267278"}],"curies":[{"name":"wp","href":"https:\/\/api.w.org\/{rel}","templated":true}]}}