{"id":267300,"date":"2025-12-02T13:54:10","date_gmt":"2025-12-02T13:54:10","guid":{"rendered":"https:\/\/www.europesays.com\/es\/267300\/"},"modified":"2025-12-02T13:54:10","modified_gmt":"2025-12-02T13:54:10","slug":"elena-molina-e-isaki-lacuesta-el-tema-de-que-alba-ha-perdido-su-voz-y-su-capacidad-de-cantar-es-esencial-en-flores-para-antonio-actualidad","status":"publish","type":"post","link":"https:\/\/www.europesays.com\/es\/267300\/","title":{"rendered":"Elena Molina e Isaki Lacuesta: \u00abEl tema de que Alba ha perdido su voz y su capacidad de cantar es esencial en &#8216;Flores para Antonio'\u00bb | Actualidad"},"content":{"rendered":"<p>Cuenta <strong>Isaki Lacuesta, codirector de \u2018Flores para Antonio\u2019 junto a Elena Molina<\/strong>, que cuando Alba Flores \u201ccumple 33 a\u00f1os, se da cuenta de que va a envejecer a su padre y en su fiesta de cumplea\u00f1os hace un ritual \u00edntimo para, en el fondo, pedirle permiso para ser mayor que \u00e9l\u201d. De ese momento y de una <strong>necesidad de permitirse saber, preguntar y, en definitiva, hablar <\/strong>es del lugar desde el que nace un documental original de <a class=\"font-semibold text-red transition opacity-100 hover:opacity-80\" href=\"https:\/\/kinotico.es\/etiquetas\/movistar-plus\" rel=\"nofollow noopener\" target=\"_blank\">Movistar Plus+<\/a> que el pasado viernes estren\u00f3 en salas <a class=\"font-semibold text-red transition opacity-100 hover:opacity-80\" href=\"https:\/\/kinotico.es\/etiquetas\/a-contracorriente-films\" rel=\"nofollow noopener\" target=\"_blank\">A Contracorriente Films<\/a>. Un trabajo que desprende <strong>tanto amor y respeto por la figura de Antonio Flores como pulso cinematogr\u00e1fico<\/strong>. Porque \u2018Flores para Antonio\u2019 es el viaje de una hija que busca a su padre, pero tambi\u00e9n el de una mujer que busca la voz que perdi\u00f3 cuando solo ten\u00eda ocho a\u00f1os. De todo esto, y de c\u00f3mo ha sido dar forma a la pel\u00edcula y las idas y vueltas por las que han transitado, hemos hablado con Lacuesta y Molina.<\/p>\n<p>El <a class=\"font-semibold text-red transition opacity-100 hover:opacity-80\" href=\"https:\/\/kinotico.es\/etiquetas\/documentales\" rel=\"nofollow noopener\" target=\"_blank\">documental<\/a>, que ha sido nominado a los Premios Forqu\u00e9, cuenta entre sus muchos protagonistas con la propia Alba Flores como parte central del mismo, pero tambi\u00e9n con su madre (Ana Villa), sus t\u00edas (Lolita y Rosario Flores) y un buen pu\u00f1ado de amigos de su padre (Antonio Carmona, Ariel Rot, Joaqu\u00edn Sabina o Silvia P\u00e9rez Cruz). Vi\u00e9ndolo, trasciende la pantalla c\u00f3mo se ha construido con mucho coraz\u00f3n, mucha m\u00fasica y una cantidad ingente de material audiovisual que abarca <strong>v\u00eddeos caseros, fotos, dibujos, im\u00e1genes de archivo, maquetas, escenas de pel\u00edculas, collages, escritos\u2026<\/strong> y, por supuesto, testimonios de quienes le conocieron bien. El concierto homenaje a Antonio Flores se celebr\u00f3 en el Palacio de Vistalegre hace dos a\u00f1os y fue coincidiendo con la preparaci\u00f3n del mismo cuando en Alba Flores despert\u00f3 esa necesidad de rendir homenaje a su padre, pero desde un lugar distinto, m\u00e1s suyo.<\/p>\n<p>\u00abPara su sorpresa, Alba se da cuenta de que nunca ha hablado de c\u00f3mo muri\u00f3 y vivi\u00f3 su padre\u00bb (Isaki Lacuesta)<\/p>\n","protected":false},"excerpt":{"rendered":"Cuenta Isaki Lacuesta, codirector de \u2018Flores para Antonio\u2019 junto a Elena Molina, que cuando Alba Flores \u201ccumple 33&hellip;\n","protected":false},"author":2,"featured_media":267301,"comment_status":"","ping_status":"","sticky":false,"template":"","format":"standard","meta":{"footnotes":""},"categories":[91],"tags":[146,147,25,24,23],"class_list":{"0":"post-267300","1":"post","2":"type-post","3":"status-publish","4":"format-standard","5":"has-post-thumbnail","7":"category-entretenimiento","8":"tag-entertainment","9":"tag-entretenimiento","10":"tag-es","11":"tag-espana","12":"tag-spain"},"share_on_mastodon":{"url":"https:\/\/pubeurope.com\/@es\/115650315206435463","error":""},"_links":{"self":[{"href":"https:\/\/www.europesays.com\/es\/wp-json\/wp\/v2\/posts\/267300","targetHints":{"allow":["GET"]}}],"collection":[{"href":"https:\/\/www.europesays.com\/es\/wp-json\/wp\/v2\/posts"}],"about":[{"href":"https:\/\/www.europesays.com\/es\/wp-json\/wp\/v2\/types\/post"}],"author":[{"embeddable":true,"href":"https:\/\/www.europesays.com\/es\/wp-json\/wp\/v2\/users\/2"}],"replies":[{"embeddable":true,"href":"https:\/\/www.europesays.com\/es\/wp-json\/wp\/v2\/comments?post=267300"}],"version-history":[{"count":0,"href":"https:\/\/www.europesays.com\/es\/wp-json\/wp\/v2\/posts\/267300\/revisions"}],"wp:featuredmedia":[{"embeddable":true,"href":"https:\/\/www.europesays.com\/es\/wp-json\/wp\/v2\/media\/267301"}],"wp:attachment":[{"href":"https:\/\/www.europesays.com\/es\/wp-json\/wp\/v2\/media?parent=267300"}],"wp:term":[{"taxonomy":"category","embeddable":true,"href":"https:\/\/www.europesays.com\/es\/wp-json\/wp\/v2\/categories?post=267300"},{"taxonomy":"post_tag","embeddable":true,"href":"https:\/\/www.europesays.com\/es\/wp-json\/wp\/v2\/tags?post=267300"}],"curies":[{"name":"wp","href":"https:\/\/api.w.org\/{rel}","templated":true}]}}