{"id":267310,"date":"2025-12-02T13:59:12","date_gmt":"2025-12-02T13:59:12","guid":{"rendered":"https:\/\/www.europesays.com\/es\/267310\/"},"modified":"2025-12-02T13:59:12","modified_gmt":"2025-12-02T13:59:12","slug":"activada-la-operacion-frio-en-fase-preventiva-para-atender-a-personas-sin-hogar-distrito-de-sant-marti","status":"publish","type":"post","link":"https:\/\/www.europesays.com\/es\/267310\/","title":{"rendered":"Activada la operaci\u00f3n fr\u00edo en fase preventiva para atender a personas sin hogar | Distrito de Sant Mart\u00ed"},"content":{"rendered":"<p>El CANE da cobertura a las necesidades b\u00e1sicas de alojamiento, ducha, alimentaci\u00f3n y servicio de enfermer\u00eda para permitir que <strong>las personas usuarias puedan descansar y recuperarse<\/strong> y, si lo desean, iniciar un itinerario de acompa\u00f1amiento con los servicios sociales. El horario de acogida es de 20 a 9 horas, y para acceder hay que inscribirse previamente en el mismo centro en horario de ma\u00f1ana.<\/p>\n<p data-start=\"1399\" data-end=\"1427\"><strong data-start=\"1399\" data-end=\"1427\">Fases de la operaci\u00f3n fr\u00edo<\/strong><\/p>\n<p data-start=\"1429\" data-end=\"1579\">El dispositivo se puede activar en tres fases en funci\u00f3n de la evoluci\u00f3n de las temperaturas o de fen\u00f3menos que est\u00e1n asociados, como el viento, la lluvia intensa o la nieve.<\/p>\n<p data-start=\"1429\" data-end=\"1579\">La <strong data-start=\"190\" data-end=\"209\">fase preventiva<\/strong>, que es la que se ha activado ahora, funciona de manera estacional y garantiza un espacio de acogida durante las noches m\u00e1s fr\u00edas en el Centro de Acogida Nocturno de Emergencias (CANE), en la calle de Ramon Turr\u00f3, con 100 plazas operativas, 74 para hombres y 26 para mujeres. Si las temperaturas bajan m\u00e1s de lo habitual o coinciden fen\u00f3menos como viento intenso, lluvia persistente o riesgo de nieve, se puede activar la <strong data-start=\"475\" data-end=\"492\">fase de alerta<\/strong>, con la que se ampl\u00edan las plazas y se refuerza la atenci\u00f3n en las calles.<\/p>\n<p data-start=\"552\" data-end=\"884\">La <strong data-start=\"555\" data-end=\"576\">fase de emergencia<\/strong> es el \u00faltimo nivel y se activa s\u00f3lo cuando el Plan municipal de nieve y hielo entra en fase de emergencia. En este caso, se habilitan nuevos espacios de acogida y se despliegan equipos de refuerzo del Centro de Urgencias y Emergencias Sociales (CUESB), del SASSEP y de otros servicios municipales, con el apoyo de la Cruz Roja.<\/p>\n","protected":false},"excerpt":{"rendered":"El CANE da cobertura a las necesidades b\u00e1sicas de alojamiento, ducha, alimentaci\u00f3n y servicio de enfermer\u00eda para permitir&hellip;\n","protected":false},"author":2,"featured_media":267311,"comment_status":"","ping_status":"","sticky":false,"template":"","format":"standard","meta":{"footnotes":""},"categories":[5],"tags":[17,18,25,24,13,14,11,19,20,9,10,15,16,23,12,21,22],"class_list":{"0":"post-267310","1":"post","2":"type-post","3":"status-publish","4":"format-standard","5":"has-post-thumbnail","7":"category-titulares","8":"tag-breaking-news","9":"tag-breakingnews","10":"tag-es","11":"tag-espana","12":"tag-featured-news","13":"tag-featurednews","14":"tag-headlines","15":"tag-latest-news","16":"tag-latestnews","17":"tag-news","18":"tag-noticias","19":"tag-noticias-destacadas","20":"tag-noticiasdestacadas","21":"tag-spain","22":"tag-titulares","23":"tag-ultimas-noticias","24":"tag-ultimasnoticias"},"share_on_mastodon":{"url":"https:\/\/pubeurope.com\/@es\/115650334791726917","error":""},"_links":{"self":[{"href":"https:\/\/www.europesays.com\/es\/wp-json\/wp\/v2\/posts\/267310","targetHints":{"allow":["GET"]}}],"collection":[{"href":"https:\/\/www.europesays.com\/es\/wp-json\/wp\/v2\/posts"}],"about":[{"href":"https:\/\/www.europesays.com\/es\/wp-json\/wp\/v2\/types\/post"}],"author":[{"embeddable":true,"href":"https:\/\/www.europesays.com\/es\/wp-json\/wp\/v2\/users\/2"}],"replies":[{"embeddable":true,"href":"https:\/\/www.europesays.com\/es\/wp-json\/wp\/v2\/comments?post=267310"}],"version-history":[{"count":0,"href":"https:\/\/www.europesays.com\/es\/wp-json\/wp\/v2\/posts\/267310\/revisions"}],"wp:featuredmedia":[{"embeddable":true,"href":"https:\/\/www.europesays.com\/es\/wp-json\/wp\/v2\/media\/267311"}],"wp:attachment":[{"href":"https:\/\/www.europesays.com\/es\/wp-json\/wp\/v2\/media?parent=267310"}],"wp:term":[{"taxonomy":"category","embeddable":true,"href":"https:\/\/www.europesays.com\/es\/wp-json\/wp\/v2\/categories?post=267310"},{"taxonomy":"post_tag","embeddable":true,"href":"https:\/\/www.europesays.com\/es\/wp-json\/wp\/v2\/tags?post=267310"}],"curies":[{"name":"wp","href":"https:\/\/api.w.org\/{rel}","templated":true}]}}