{"id":267312,"date":"2025-12-02T14:04:13","date_gmt":"2025-12-02T14:04:13","guid":{"rendered":"https:\/\/www.europesays.com\/es\/267312\/"},"modified":"2025-12-02T14:04:13","modified_gmt":"2025-12-02T14:04:13","slug":"nadal-creo-que-a-sinner-y-alcaraz-les-hace-falta-alguien-que-les-apriete-un-poco-tenis-deportes","status":"publish","type":"post","link":"https:\/\/www.europesays.com\/es\/267312\/","title":{"rendered":"Nadal: \u201cCreo que a Sinner y Alcaraz les hace falta alguien que les apriete un poco\u201d | Tenis | Deportes"},"content":{"rendered":"<p class=\"\">El extenista espa\u00f1ol, Rafa Nadal, fue entrevistado en la noche del lunes por Manu Carre\u00f1o en el programa El Larguero de la Cadena SER tras recibir el Premio Leyenda AS del Deporte 2025. Durante la entrevista, el mallorqu\u00edn opin\u00f3 sobre la actualidad del tenis: \u201c<a href=\"https:\/\/elpais.com\/deportes\/tenis\/2025-11-15\/carlos-alcaraz-no-me-siento-el-mejor.html\" target=\"_self\" rel=\"nofollow noopener\" title=\"https:\/\/elpais.com\/deportes\/tenis\/2025-11-15\/carlos-alcaraz-no-me-siento-el-mejor.html\">Creo que a Sinner y a Alcaraz <\/a>les falta alguien que les apriete un poco porque han marcado diferencias con todos los dem\u00e1s y en cualquier versi\u00f3n pueden ganar a cualquiera, hasta que se encuentran con el otro. Los que lo vemos desde fuera tenemos la sensaci\u00f3n de que, aunque jueguen mal, van a seguir ganando y llegando a todas las finales\u201d.<\/p>\n<p class=\"\">Rafa Nadal tambi\u00e9n analiz\u00f3 los cambios que ha vivido la <a href=\"https:\/\/elpais.com\/deportes\/tenis\/2025-11-23\/espana-topa-con-la-campeonissima-italia-aduenada-de-la-copa-davis.html\" target=\"_self\" rel=\"nofollow noopener\" title=\"https:\/\/elpais.com\/deportes\/tenis\/2025-11-23\/espana-topa-con-la-campeonissima-italia-aduenada-de-la-copa-davis.html\">Copa Davis <\/a>en los \u00faltimos a\u00f1os: \u201cLa realidad es que era muy bonita cuando hab\u00eda un calendario, cuando se daban las condiciones para que los mejores la jugaran siempre. Con el formato anterior dej\u00f3 de ser tan bonita cuando los mejores del mundo no la jugaban habitualmente. Nos equivocamos pensando en que el pasado siempre fue mejor porque no es cierto. El formato actual no es el ideal, pero el anterior no era lo suficientemente bueno\u201d.<\/p>\n<p class=\"\">Adem\u00e1s, el ganador de 22 Grand Slams confes\u00f3 el tiempo que le ha dedicado al tenis desde que se retir\u00f3: \u201cHe jugado una hora y media desde que me retir\u00e9. No he cogido una raqueta hasta hace dos semanas\u201d. Eso s\u00ed, el tenista confes\u00f3 que tiene intenci\u00f3n de seguir jugando m\u00e1s a menudo: \u201cMe gustar\u00eda jugar una vez por semana a partir de ahora para no tener que empezar de cero si alguna vez quiero jugar. Tengo dolores, evidentemente, pero parando mucho la actividad, las cosas se van suavizando\u201d.<\/p>\n<p class=\"\">Por \u00faltimo, Nadal coment\u00f3 <a href=\"https:\/\/elpais.com\/deportes\/futbol\/2025-11-30\/el-real-madrid-se-evapora-en-noviembre.html\" target=\"_self\" rel=\"nofollow noopener\" title=\"https:\/\/elpais.com\/deportes\/futbol\/2025-11-30\/el-real-madrid-se-evapora-en-noviembre.html\">c\u00f3mo ve al Real Madrid <\/a>tras perder el liderato el pasado domingo frente al Girona: \u201cEmpez\u00f3 muy bien, pero el \u00faltimo mes no ha sido bueno. En el f\u00fatbol todo se magnifica y en el Madrid a\u00fan m\u00e1s. Hay que tener tranquilidad y dejar trabajar a este nuevo proyecto. Ir arreglando las cosas que sean necesarias. Hace un mes todo era incre\u00edble y ahora todo es nefasto, dejemos a los chicos que entrenen&#8230; Las ligas se pueden perder en diciembre, pero lo importante es estar ah\u00ed enganchado\u201d.<\/p>\n","protected":false},"excerpt":{"rendered":"El extenista espa\u00f1ol, Rafa Nadal, fue entrevistado en la noche del lunes por Manu Carre\u00f1o en el programa&hellip;\n","protected":false},"author":2,"featured_media":267313,"comment_status":"","ping_status":"","sticky":false,"template":"","format":"standard","meta":{"footnotes":""},"categories":[274],"tags":[545,1540,168,25,24,544,28063,3439,23,167,327,11759,326],"class_list":{"0":"post-267312","1":"post","2":"type-post","3":"status-publish","4":"format-standard","5":"has-post-thumbnail","7":"category-tenis","8":"tag-carlos-alcaraz","9":"tag-competiciones","10":"tag-deportes","11":"tag-es","12":"tag-espana","13":"tag-jannik-sinner","14":"tag-rafa-nadal-academy","15":"tag-rafael-nadal","16":"tag-spain","17":"tag-sports","18":"tag-tenis","19":"tag-tenistas","20":"tag-tennis"},"share_on_mastodon":{"url":"https:\/\/pubeurope.com\/@es\/115650354408107420","error":""},"_links":{"self":[{"href":"https:\/\/www.europesays.com\/es\/wp-json\/wp\/v2\/posts\/267312","targetHints":{"allow":["GET"]}}],"collection":[{"href":"https:\/\/www.europesays.com\/es\/wp-json\/wp\/v2\/posts"}],"about":[{"href":"https:\/\/www.europesays.com\/es\/wp-json\/wp\/v2\/types\/post"}],"author":[{"embeddable":true,"href":"https:\/\/www.europesays.com\/es\/wp-json\/wp\/v2\/users\/2"}],"replies":[{"embeddable":true,"href":"https:\/\/www.europesays.com\/es\/wp-json\/wp\/v2\/comments?post=267312"}],"version-history":[{"count":0,"href":"https:\/\/www.europesays.com\/es\/wp-json\/wp\/v2\/posts\/267312\/revisions"}],"wp:featuredmedia":[{"embeddable":true,"href":"https:\/\/www.europesays.com\/es\/wp-json\/wp\/v2\/media\/267313"}],"wp:attachment":[{"href":"https:\/\/www.europesays.com\/es\/wp-json\/wp\/v2\/media?parent=267312"}],"wp:term":[{"taxonomy":"category","embeddable":true,"href":"https:\/\/www.europesays.com\/es\/wp-json\/wp\/v2\/categories?post=267312"},{"taxonomy":"post_tag","embeddable":true,"href":"https:\/\/www.europesays.com\/es\/wp-json\/wp\/v2\/tags?post=267312"}],"curies":[{"name":"wp","href":"https:\/\/api.w.org\/{rel}","templated":true}]}}