{"id":267316,"date":"2025-12-02T14:08:11","date_gmt":"2025-12-02T14:08:11","guid":{"rendered":"https:\/\/www.europesays.com\/es\/267316\/"},"modified":"2025-12-02T14:08:11","modified_gmt":"2025-12-02T14:08:11","slug":"el-gran-error-de-planificacion-del-real-madrid-que-ahora-se-sufre-en-el-campo-ha-sido-demasiado-estricto-en-sus-propios-ideales-futbol","status":"publish","type":"post","link":"https:\/\/www.europesays.com\/es\/267316\/","title":{"rendered":"El gran error de planificaci\u00f3n del Real Madrid que ahora se sufre en el campo: \u00abHa sido demasiado estricto en sus propios ideales\u00bb | F\u00fatbol"},"content":{"rendered":"<p>El Madrid pasa por su <a href=\"https:\/\/cadenaser.com\/nacional\/2025\/11\/30\/el-mejor-centro-del-campo-de-la-historia-se-ha-sustituido-por-chavales-que-salen-de-un-gimnasio-monumental-enfado-de-roncero-cadena-ser\/\" target=\"_blank\" rel=\"noreferrer nofollow noopener\" title=\"https:\/\/cadenaser.com\/nacional\/2025\/11\/30\/el-mejor-centro-del-campo-de-la-historia-se-ha-sustituido-por-chavales-que-salen-de-un-gimnasio-monumental-enfado-de-roncero-cadena-ser\/\">peor momento de la temporada<\/a> tras tres pinchazos seguidos que hacen sonar las alarmas en el Bernab\u00e9u. Pero mientras muchos miran al puesto de entrenador, el Sanedr\u00edn de El Larguero celebrado en la gala de los Premios AS del Deporte apunta a otro lado: la planificaci\u00f3n.<\/p>\n<p>El PSG tiene a Vitinha y Fabi\u00e1n, el City tiene a Rodri, el Arsenal a Zubimendi, Rise y Merino, el Chelsea a Caicedo y Enzo, el Atl\u00e9tico a Pablo Barrios y Koke, y el Bar\u00e7a a De Jong y Pedri&#8230; perfiles de jugadores que el Real Madrid actualmente no tiene. \u00abSi te fijas en los equipos contra los que ha pinchado, \u2014el Girona tiene a Ounahi y en el Elche jug\u00f3 Febas\u2014 todos tienen un perfil de mediocentro creativo que creo que es lo que le ha faltado al Madrid en la planificaci\u00f3n de la plantilla\u00bb, explica Aritz Gabilondo, periodista del As y colaborador en la SER.<\/p>\n<p>Todos ellos son una clase de jugador que ahora el conjunto blanco no tiene. El relevo del centro del campo formado por Casimiro, Kroos y Modric se convirti\u00f3 en un Camavinga-Tchouam\u00e9ni-Valverde. Y es que <a href=\"https:\/\/cadenaser.com\/nacional\/2025\/12\/01\/ahora-no-puede-quitarle-nuevo-lio-a-la-vista-en-el-real-madrid-tras-el-empate-contra-el-girona-fc-cadena-ser\/\" target=\"_blank\" rel=\"noreferrer nofollow noopener\" title=\"https:\/\/cadenaser.com\/nacional\/2025\/12\/01\/ahora-no-puede-quitarle-nuevo-lio-a-la-vista-en-el-real-madrid-tras-el-empate-contra-el-girona-fc-cadena-ser\/\">Bellingham no han contado nunca como centrocampista puro<\/a> y la figura de <a href=\"https:\/\/cadenaser.com\/nacional\/2025\/12\/01\/a-guler-le-piden-algo-mas-que-ser-el-mejor-asistente-del-madrid-no-se-si-lo-va-a-poder-sacar-cadena-ser\/\" target=\"_blank\" rel=\"noreferrer nofollow noopener\" title=\"https:\/\/cadenaser.com\/nacional\/2025\/12\/01\/a-guler-le-piden-algo-mas-que-ser-el-mejor-asistente-del-madrid-no-se-si-lo-va-a-poder-sacar-cadena-ser\/\">G\u00fcler no termina de tener continuidad<\/a>. \u00abAhora el Madrid est\u00e1 condenado a hacer otro cambio gradual e incorporar algo m\u00e1s de pie a ese centro del campo\u00bb, avisa Jos\u00e9 F\u00e9lix D\u00edaz, director del Diario As.<\/p>\n<p>Es por eso por lo que la planificaci\u00f3n del Madrid queda en entredicho, en parte porque han sido \u00abdemasiado estricto en sus propios ideales\u00bb, seg\u00fan apunta Gabilondo. Pas\u00f3 con Sergio Ramos y otros jugadores, que cuando superaban la treintena \u00abya no se le pod\u00eda renovar m\u00e1s\u00bb. \u00abHabr\u00e1 excepciones&#8230; Igual que no se puede fichar un mediocentro que tiene 28 a\u00f1os, \u00bfpor qu\u00e9 no&#8230; si es el mejor del mundo?\u00bb, sigue.<\/p>\n<p>M\u00e1s informaci\u00f3n<\/p>\n<p>La sirena de crisis suena en la casa blanca, pero a\u00fan sin fuerza. Seg\u00fan desvela Jos\u00e9 F\u00e9lix D\u00edaz, en el pensamiento de los que mandan en el Madrid, ser\u00e1 el mes de diciembre, y sobre todo la Supercopa de Espa\u00f1a, lo que dicte sentencia. \u00abNo veo una decisi\u00f3n inmediata ni mucho menos. Todo el mundo miramos al entrenador, pero creo que todav\u00eda tiene un periodo de tranquilidad\u00bb, a\u00f1ade. La Supercopa ha marcado mucho en los \u00faltimos a\u00f1os: le quit\u00f3 el puesto a Valverde, Ancelotti qued\u00f3 tocado el a\u00f1o pasado&#8230; pero adem\u00e1s, en 10 d\u00edas llega el City de Guardiola. Xabi Alonso y la plantilla est\u00e1n condenados a entenderse.<\/p>\n","protected":false},"excerpt":{"rendered":"El Madrid pasa por su peor momento de la temporada tras tres pinchazos seguidos que hacen sonar las&hellip;\n","protected":false},"author":2,"featured_media":267317,"comment_status":"","ping_status":"","sticky":false,"template":"","format":"standard","meta":{"footnotes":""},"categories":[268],"tags":[168,25,24,280,282,281,23,167],"class_list":{"0":"post-267316","1":"post","2":"type-post","3":"status-publish","4":"format-standard","5":"has-post-thumbnail","7":"category-futbol","8":"tag-deportes","9":"tag-es","10":"tag-espana","11":"tag-football","12":"tag-futbol","13":"tag-soccer","14":"tag-spain","15":"tag-sports"},"share_on_mastodon":{"url":"https:\/\/pubeurope.com\/@es\/115650370356547074","error":""},"_links":{"self":[{"href":"https:\/\/www.europesays.com\/es\/wp-json\/wp\/v2\/posts\/267316","targetHints":{"allow":["GET"]}}],"collection":[{"href":"https:\/\/www.europesays.com\/es\/wp-json\/wp\/v2\/posts"}],"about":[{"href":"https:\/\/www.europesays.com\/es\/wp-json\/wp\/v2\/types\/post"}],"author":[{"embeddable":true,"href":"https:\/\/www.europesays.com\/es\/wp-json\/wp\/v2\/users\/2"}],"replies":[{"embeddable":true,"href":"https:\/\/www.europesays.com\/es\/wp-json\/wp\/v2\/comments?post=267316"}],"version-history":[{"count":0,"href":"https:\/\/www.europesays.com\/es\/wp-json\/wp\/v2\/posts\/267316\/revisions"}],"wp:featuredmedia":[{"embeddable":true,"href":"https:\/\/www.europesays.com\/es\/wp-json\/wp\/v2\/media\/267317"}],"wp:attachment":[{"href":"https:\/\/www.europesays.com\/es\/wp-json\/wp\/v2\/media?parent=267316"}],"wp:term":[{"taxonomy":"category","embeddable":true,"href":"https:\/\/www.europesays.com\/es\/wp-json\/wp\/v2\/categories?post=267316"},{"taxonomy":"post_tag","embeddable":true,"href":"https:\/\/www.europesays.com\/es\/wp-json\/wp\/v2\/tags?post=267316"}],"curies":[{"name":"wp","href":"https:\/\/api.w.org\/{rel}","templated":true}]}}