{"id":267318,"date":"2025-12-02T14:09:13","date_gmt":"2025-12-02T14:09:13","guid":{"rendered":"https:\/\/www.europesays.com\/es\/267318\/"},"modified":"2025-12-02T14:09:13","modified_gmt":"2025-12-02T14:09:13","slug":"el-palo-de-chicote-a-broncano-un-ano-despues-de-su-polemico-saludo-en-las-campanadas","status":"publish","type":"post","link":"https:\/\/www.europesays.com\/es\/267318\/","title":{"rendered":"El palo de Chicote a Broncano un a\u00f1o despu\u00e9s de su pol\u00e9mico saludo en las Campanadas"},"content":{"rendered":"<p><img fetchpriority=\"high\" class=\"v-a-img\" src=\"https:\/\/www.europesays.com\/es\/wp-content\/uploads\/2025\/12\/chicote-broncano-kQGC-U2404222062572t-1200x840@El Correo.JPG\" loading=\"eager\" decoding=\"async\" alt=\"El palo de Chicote a Broncano un a\u00f1o despu\u00e9s de su pol\u00e9mico saludo en las Campanadas\"  width=\"1200\" height=\"840\"\/><\/p>\n<p>El cocinero, que volver\u00e1 a comerse las uvas junto a Cristina Pedroche en Atresmedia, se prepara para la primera batalla (y la m\u00e1s importante) del a\u00f1o en las audiencias<\/p>\n<p class=\"v-mdl-ath__p v-mdl-ath__p--6\">\nMartes, 2 de diciembre 2025, 08:34<\/p>\n<p class=\"v-p\">TVE recuper\u00f3 el pasado 1 de enero el liderazgo de la televisi\u00f3n en la emisi\u00f3n de las Campanadas. El d\u00fao formado por David Broncano y Lalach\u00fas devolvieron a la televisi\u00f3n p\u00fablica el primero puesto que a\u00f1os atr\u00e1s le hab\u00eda arrebatado Antena 3 con Alberto Chicote y Cristina Pedroche. En menos de 30 d\u00edas se volver\u00e1 a librar una nueva batalla por las audiencias, aunque esta vez con distintos protagonistas. En TVE han escogido a Andreu Buenafuente y Silvia Abril, mientras que Atresmedia, que por primera vez emitir\u00e1 de forma simult\u00e1nea las Campanadas en todos sus canales, se han decantado por d\u00e9cimo a\u00f1o consecutivo por Chicote y Pedroche.<\/p>\n<p class=\"v-p\">\u00abVa a haber cosas nuevas. Creo que va a ser una gran retransmisi\u00f3n\u00bb, promete Chicote en una charla con diferentes medios de comunicaci\u00f3n durante la celebraci\u00f3n del Atresplayer Day en Gran Canaria. Atresmedia va a \u00abechar toda la carne al asador\u00bb para recuperar el liderazgo perdido y para ello ha preparado un vestido \u00abespecial\u00bb para Cristina Pedroche, un &#8216;look&#8217; que conmemore sus doce Campanadas desde la Puerta del Sol. Chicote, sin embargo, no ofrece pistas del vestido: \u00abLa verdad es que no quiero saberlo. Es decir, nunca me lo ha dicho Cristina, pero si me lo dijese le dir\u00eda: &#8216;No, quiero verlo en el mismo momento&#8217;\u00bb.<\/p>\n<p class=\"v-p\">Sus rivales (Buenafuente y Abril) estar\u00e1n en un balc\u00f3n cercano en la Puerta del Sol, no tan pr\u00f3ximo como el que ocuparon Broncano y Lalach\u00fas el a\u00f1o pasado. As\u00ed que este a\u00f1o ser\u00e1 m\u00e1s dif\u00edcil de repetir el pol\u00e9mico saludo del humorista con el meg\u00e1fono en la mano. Sobre aquel episodio, Chicote se muestra m\u00e1s rotundo que hace unos meses. \u00abNo creo que ocurra de nuevo. Buenafuente es un t\u00edo elegante de cojones\u00bb, afirm\u00f3 d\u00e1ndole un palo a Broncano. En abril, sin embargo, su opini\u00f3n en p\u00fablico fue otra: \u00abCada uno hace lo que quiere&#8230; Saludo y aqu\u00ed paz y despu\u00e9s gloria\u00bb.<\/p>\n<p class=\"v-p\">Chicote aprovech\u00f3 la ocasi\u00f3n para alabar a los presentadores de TVE. \u00abAndreu Buenafuente y Silvia Abril son profesionales como la copa de un pino\u00bb, se\u00f1al\u00f3 antes de reconocer que la competencia siempre es buena: \u00abPara m\u00ed es un alegr\u00f3n tener en otra cadena a gente tan buena\u00bb.<\/p>\n<p>Reporta un error<\/p>\n","protected":false},"excerpt":{"rendered":"El cocinero, que volver\u00e1 a comerse las uvas junto a Cristina Pedroche en Atresmedia, se prepara para la&hellip;\n","protected":false},"author":2,"featured_media":267319,"comment_status":"","ping_status":"","sticky":false,"template":"","format":"standard","meta":{"footnotes":""},"categories":[174],"tags":[1611,13289,48603,255,38680,987,146,147,25,24,256,12740,15381,42059,23],"class_list":{"0":"post-267318","1":"post","2":"type-post","3":"status-publish","4":"format-standard","5":"has-post-thumbnail","7":"category-famosos","8":"tag-ano","9":"tag-broncano","10":"tag-campanadas","11":"tag-celebrities","12":"tag-chicote","13":"tag-despues","14":"tag-entertainment","15":"tag-entretenimiento","16":"tag-es","17":"tag-espana","18":"tag-famosos","19":"tag-palo","20":"tag-polemico","21":"tag-saludo","22":"tag-spain"},"share_on_mastodon":{"url":"https:\/\/pubeurope.com\/@es\/115650374606268892","error":""},"_links":{"self":[{"href":"https:\/\/www.europesays.com\/es\/wp-json\/wp\/v2\/posts\/267318","targetHints":{"allow":["GET"]}}],"collection":[{"href":"https:\/\/www.europesays.com\/es\/wp-json\/wp\/v2\/posts"}],"about":[{"href":"https:\/\/www.europesays.com\/es\/wp-json\/wp\/v2\/types\/post"}],"author":[{"embeddable":true,"href":"https:\/\/www.europesays.com\/es\/wp-json\/wp\/v2\/users\/2"}],"replies":[{"embeddable":true,"href":"https:\/\/www.europesays.com\/es\/wp-json\/wp\/v2\/comments?post=267318"}],"version-history":[{"count":0,"href":"https:\/\/www.europesays.com\/es\/wp-json\/wp\/v2\/posts\/267318\/revisions"}],"wp:featuredmedia":[{"embeddable":true,"href":"https:\/\/www.europesays.com\/es\/wp-json\/wp\/v2\/media\/267319"}],"wp:attachment":[{"href":"https:\/\/www.europesays.com\/es\/wp-json\/wp\/v2\/media?parent=267318"}],"wp:term":[{"taxonomy":"category","embeddable":true,"href":"https:\/\/www.europesays.com\/es\/wp-json\/wp\/v2\/categories?post=267318"},{"taxonomy":"post_tag","embeddable":true,"href":"https:\/\/www.europesays.com\/es\/wp-json\/wp\/v2\/tags?post=267318"}],"curies":[{"name":"wp","href":"https:\/\/api.w.org\/{rel}","templated":true}]}}