{"id":267320,"date":"2025-12-02T14:10:21","date_gmt":"2025-12-02T14:10:21","guid":{"rendered":"https:\/\/www.europesays.com\/es\/267320\/"},"modified":"2025-12-02T14:10:21","modified_gmt":"2025-12-02T14:10:21","slug":"un-refugio-de-3-plantas-disenado-por-el-propio-foster","status":"publish","type":"post","link":"https:\/\/www.europesays.com\/es\/267320\/","title":{"rendered":"un refugio de 3 plantas dise\u00f1ado por el propio Foster"},"content":{"rendered":"<p><a href=\"https:\/\/www.arquitecturaydiseno.es\/creadores\/norman-foster\" rel=\"nofollow noopener\" target=\"_blank\">Norman Foster,<\/a> considerado <strong>uno de los mejores arquitectos del mundo <\/strong>y responsable de algunos de los proyectos m\u00e1s influyentes del \u00faltimo siglo, atraviesa un momento de extraordinaria vigencia creativa. <strong>Tras reinventar el skyline de Londres,<\/strong> reimaginar aeropuertos y museos ic\u00f3nicos y firmar edificios que han cambiado la manera de entender <strong>la sostenibilidad urbana,<\/strong> el arquitecto brit\u00e1nico prepara ahora uno de sus encargos m\u00e1s esperados: <a href=\"https:\/\/www.arquitecturaydiseno.es\/arquitectura\/norman-foster-estadio-manchester-united_12639\" rel=\"nofollow noopener\" target=\"_blank\"><strong data-end=\"1237\" data-start=\"1195\">el nuevo estadio del Manchester United<\/strong><\/a>, un proyecto que marcar\u00e1 un antes y un despu\u00e9s en la arquitectura deportiva europea.<\/p>\n<p>Pero, pese a manejar escalas tit\u00e1nicas y obras de enorme impacto global, existe un edificio completamente distinto \u2014m\u00e1s \u00edntimo, silencioso y personal\u2014 donde Foster despliega una sensibilidad arquitect\u00f3nica casi dom\u00e9stica: <strong data-end=\"1583\" data-start=\"1546\">su casa de invierno en St. Moritz<\/strong>. Dise\u00f1ada por \u00e9l mismo hace dos d\u00e9cadas, <strong data-end=\"1641\" data-start=\"1625\">Chesa Futura<\/strong> es un refugio alpino que combina tradici\u00f3n suiza, ingenier\u00eda avanzada y una mirada profundamente contempor\u00e1nea al paisaje. Un lugar donde <strong>Foster y <\/strong><strong data-end=\"1804\" data-start=\"1789\">Elena Ochoa<\/strong> pasan los meses fr\u00edos, observando el valle del Engadin desde una c\u00e1psula futurista revestida de madera.<\/p>\n<p>CHESA FUTURA: Una \u201cburbuja\u201d arquitect\u00f3nica integrada en el paisaje alpino&#13;<img loading=\"lazy\" decoding=\"async\"   src=\"https:\/\/www.europesays.com\/es\/wp-content\/uploads\/2025\/12\/chesa-futura-en-st-moritz_f9b3b613_251202104938_2000x1124.webp.webp\" alt=\"Chesa Futura en St. Moritz.\" class=\"lazyload\" width=\"2000\" height=\"1124\" data-aspectratio=\"2000\/1124\"\/> <\/p>\n<p><strong>Chesa Futura <\/strong>\u2014Casa del futuro en romanche\u2014 es uno de los dise\u00f1os m\u00e1s sorprendentes de Foster: una volumetr\u00eda suave, org\u00e1nica, casi como <strong>una nube detenida entre monta\u00f1as.<\/strong> Su forma bulbosa se aparta deliberadamente de las geometr\u00edas por las que el arquitecto es conocido \u2014del Gherkin londinense al Apple Park\u2014 para dialogar mejor con la topograf\u00eda y la luz del Engadin.<\/p>\n<p><a href=\"https:\/\/www.arquitecturaydiseno.es\/arquitectura\/palacete-1912-norman-foster-y-elena-ochoa-chamberi-madrid-reune-todas-caracteristicas-ciudad-ideal-compacta-caminable-y-verde_12096\" data-ga4_event=\"custom_event\" data-ga4_event_name=\"click_intext\" data-ga4_link_url=\"https:\/\/www.arquitecturaydiseno.es\/arquitectura\/palacete-1912-norman-foster-y-elena-ochoa-chamberi-madrid-reune-todas-caracteristicas-ciudad-ideal-compacta-caminable-y-verde_12096\" data-ga4_link_text=\"el_palacete_de_1912_de_norman_foster_y_elena_ochoa_en_chamberi_(madrid)\" data-ga4_content_type=\"photo\" data-ga4_element=\"related\" rel=\"nofollow noopener\" target=\"_blank\">&#13;&#13;<img loading=\"lazy\" decoding=\"async\" src=\"https:\/\/www.europesays.com\/es\/wp-content\/uploads\/2025\/10\/norman-foster-y-elena-ochoa_2bdc8ee7_250701113120_600x600.webp.webp\" alt=\"Norman Foster y Elena Ochoa\" class=\"lazyload\" width=\"600\" height=\"600\" data-aspectratio=\"600\/600\"\/>&#13;&#13;<\/p>\n<p class=\"epigraph\">&#13;Noticia relacionada<\/p>\n<p class=\"title\">El palacete de 1912 de Norman Foster y Elena Ochoa en Chamber\u00ed (Madrid)<\/p>\n<p><\/a>&#13;<img loading=\"lazy\" decoding=\"async\"   src=\"https:\/\/www.europesays.com\/es\/wp-content\/uploads\/2025\/12\/construccion-de-chesa-futura-en-st-moritz_38842c48_251202105007_2000x1124.webp.webp\" alt=\"Construcci\u00f3n de Chesa Futura en St. Moritz.\" class=\"lazyload\" width=\"2000\" height=\"1124\" data-aspectratio=\"2000\/1124\"\/> <\/p>\n<p>Su ubicaci\u00f3n es privilegiada, ya que se posa sobre una pendiente natural que desciende hacia <strong>el pueblo de St. Moritz, <\/strong>permitiendo que los balcones de cristal se abran hacia el sur y enmarquen el lago helado y los picos alpinos.\u00a0 Durante el confinamiento, la casa salt\u00f3 inesperadamente a los titulares gracias a las publicaciones de <strong data-end=\"4547\" data-start=\"4528\">Paola y Eduardo<\/strong>, hijos del arquitecto y la editora. En ellas aparec\u00edan asomados al lago helado, cort\u00e1ndose el pelo entre monta\u00f1as o paseando por la nieve con su perro, mostrando la dimensi\u00f3n m\u00e1s \u00edntima de este refugio ideado por su propio padre.<\/p>\n<p data-end=\"4990\" data-start=\"4779\">No es la \u00fanica propiedad que la familia posee en Suiza \u2014tambi\u00e9n viven parte del a\u00f1o en el castillo de Vincy, del siglo XVIII\u2014, pero <strong>Chesa Futura es su enclave m\u00e1s personal, e<\/strong>l lugar al que vuelven cada invierno.<\/p>\n<p>&#13;<\/p>\n<p>My Player placeholder<\/p>\n<p>\u00a1Haz clic en el v\u00eddeo!<\/p>\n<p class=\"by\">RBA<\/p>\n<p>Los arquitectos ma\u0301s ico\u0301nicos que marcaron una eraUn manifiesto arquitect\u00f3nico en mitad del campo suizo<\/p>\n<p>Si algo distingue a Chesa Futura es su <strong data-end=\"2769\" data-start=\"2688\">fusi\u00f3n entre herramientas de dise\u00f1o computacional y tradici\u00f3n suiza en madera.\u00a0<\/strong>La envolvente curvada se model\u00f3 digitalmente en una \u00e9poca en la que estas geometr\u00edas eran a\u00fan pioneras.\u00a0Todo el edificio est\u00e1 revestido con <strong data-end=\"2937\" data-start=\"2918\">tejas de alerce<\/strong>, colocadas de manera artesanal. Un material, t\u00edpico del valle, que envejece muy bien y casi sin mantenimiento. Tanto es as\u00ed que su durabilidad supera los cien a\u00f1os.<\/p>\n<p>&#13;<img loading=\"lazy\" decoding=\"async\"   src=\"https:\/\/www.europesays.com\/es\/wp-content\/uploads\/2025\/12\/norman-foster-y-el-equipo-durante-el-proceso-de-construccion-de-chesa-futura_68c67f11_251202105540_2.webp\" alt=\"Norman Foster y el equipo durante el proceso de construcci\u00f3n de Chesa Futura\" class=\"lazyload\" width=\"2000\" height=\"1124\" data-aspectratio=\"2000\/1124\"\/> <\/p>\n<p>En cuanto a la estructura, se eleva sobre <strong>pilotis <\/strong>para evitar la humedad. Es una soluci\u00f3n muy recurrida que permite que el terreno fluya bajo el edificio y que las plantas inferiores crezcan sin problema. La casa est\u00e1 dividida en <strong>tres plantas de apartamentos, <\/strong>uno de ellos reservado para los Foster, y <strong>dos niveles subterr\u00e1neos<\/strong> con aparcamiento, instalaciones y zonas t\u00e9cnicas.<\/p>\n<p><a href=\"https:\/\/www.arquitecturaydiseno.es\/arquitectura\/norman-foster-arquitecto-es-honor-construir-memorial-reina-isabel-ii-conoci-eventos-formales-me-gustaba-su-informalidad_12150\" data-ga4_event=\"custom_event\" data-ga4_event_name=\"click_intext\" data-ga4_link_url=\"https:\/\/www.arquitecturaydiseno.es\/arquitectura\/norman-foster-arquitecto-es-honor-construir-memorial-reina-isabel-ii-conoci-eventos-formales-me-gustaba-su-informalidad_12150\" data-ga4_link_text=\"norman_foster_es_un_honor_construir_el_memorial_de_la_reina_isabel_ii\" data-ga4_content_type=\"photo\" data-ga4_element=\"related\" rel=\"nofollow noopener\" target=\"_blank\">&#13;&#13;<img loading=\"lazy\" decoding=\"async\" src=\"https:\/\/www.europesays.com\/es\/wp-content\/uploads\/2025\/07\/norman-foster_00000000_ec05ef57_250714150410_600x600.webp.webp\" alt=\"Norman Foster \" class=\"lazyload\" width=\"600\" height=\"600\" data-aspectratio=\"600\/600\"\/>&#13;&#13;<\/p>\n<p class=\"epigraph\">&#13;Noticia relacionada<\/p>\n<p class=\"title\">Norman Foster: \u00abEs un honor construir el memorial de la Reina Isabel II\u00bb<\/p>\n<p><\/a>&#13;<img loading=\"lazy\" decoding=\"async\"   src=\"https:\/\/www.europesays.com\/es\/wp-content\/uploads\/2025\/12\/chesa-futura-en-suiza_654251c2_251202105649_2000x1124.webp.webp\" alt=\"Chesa Futura en Suiza\" class=\"lazyload\" width=\"2000\" height=\"1124\" data-aspectratio=\"2000\/1124\"\/> <\/p>\n<p>Est\u00e1 claro que\u00a0Chesa Futura no es solo una casa: es una <strong data-end=\"3984\" data-start=\"3935\">propuesta para construir en lugares sensibles<\/strong>. Frente a la expansi\u00f3n descontrolada que afecta a tantos paisajes alpinos, Foster demuestra que es posible aumentar la densidad sin destruir, innovar sin romper la tradici\u00f3n y crear un icono sin alterar la armon\u00eda del entorno.\u00a0Por eso, muchos cr\u00edticos consideran este edificio un <strong data-end=\"4295\" data-start=\"4276\">mini manifiesto<\/strong> de c\u00f3mo deber\u00eda evolucionar la arquitectura de monta\u00f1a en el siglo XXI.<\/p>\n","protected":false},"excerpt":{"rendered":"Norman Foster, considerado uno de los mejores arquitectos del mundo y responsable de algunos de los proyectos m\u00e1s&hellip;\n","protected":false},"author":2,"featured_media":267321,"comment_status":"","ping_status":"","sticky":false,"template":"","format":"standard","meta":{"footnotes":""},"categories":[173],"tags":[229,233,231,230,232,234,146,147,25,24,23],"class_list":{"0":"post-267320","1":"post","2":"type-post","3":"status-publish","4":"format-standard","5":"has-post-thumbnail","7":"category-arte-y-diseno","8":"tag-arte","9":"tag-arte-y-diseno","10":"tag-arts","11":"tag-arts-and-design","12":"tag-design","13":"tag-diseno","14":"tag-entertainment","15":"tag-entretenimiento","16":"tag-es","17":"tag-espana","18":"tag-spain"},"share_on_mastodon":{"url":"https:\/\/pubeurope.com\/@es\/115650379115867970","error":""},"_links":{"self":[{"href":"https:\/\/www.europesays.com\/es\/wp-json\/wp\/v2\/posts\/267320","targetHints":{"allow":["GET"]}}],"collection":[{"href":"https:\/\/www.europesays.com\/es\/wp-json\/wp\/v2\/posts"}],"about":[{"href":"https:\/\/www.europesays.com\/es\/wp-json\/wp\/v2\/types\/post"}],"author":[{"embeddable":true,"href":"https:\/\/www.europesays.com\/es\/wp-json\/wp\/v2\/users\/2"}],"replies":[{"embeddable":true,"href":"https:\/\/www.europesays.com\/es\/wp-json\/wp\/v2\/comments?post=267320"}],"version-history":[{"count":0,"href":"https:\/\/www.europesays.com\/es\/wp-json\/wp\/v2\/posts\/267320\/revisions"}],"wp:featuredmedia":[{"embeddable":true,"href":"https:\/\/www.europesays.com\/es\/wp-json\/wp\/v2\/media\/267321"}],"wp:attachment":[{"href":"https:\/\/www.europesays.com\/es\/wp-json\/wp\/v2\/media?parent=267320"}],"wp:term":[{"taxonomy":"category","embeddable":true,"href":"https:\/\/www.europesays.com\/es\/wp-json\/wp\/v2\/categories?post=267320"},{"taxonomy":"post_tag","embeddable":true,"href":"https:\/\/www.europesays.com\/es\/wp-json\/wp\/v2\/tags?post=267320"}],"curies":[{"name":"wp","href":"https:\/\/api.w.org\/{rel}","templated":true}]}}