{"id":267324,"date":"2025-12-02T14:13:10","date_gmt":"2025-12-02T14:13:10","guid":{"rendered":"https:\/\/www.europesays.com\/es\/267324\/"},"modified":"2025-12-02T14:13:10","modified_gmt":"2025-12-02T14:13:10","slug":"la-verdadera-razon-por-la-que-dua-lipa-rechazo-un-android-y-cogio-un-iphone-para-grabar-en-su-concierto-de-brasil","status":"publish","type":"post","link":"https:\/\/www.europesays.com\/es\/267324\/","title":{"rendered":"La verdadera raz\u00f3n por la que Dua Lipa rechaz\u00f3 un Android y cogi\u00f3 un iPhone para grabar en su concierto de Brasil"},"content":{"rendered":"<p class=\"c-paragraph\"><a href=\"https:\/\/www.20minutos.es\/tags\/personas\/dua-lipa.html\" title=\"Dua Lipa\" rel=\"nofollow noopener\" target=\"_blank\">Dua Lipa<\/a> se encuentra recorriendo el mundo con su nueva gira, Radical Optimism Tour. Sin embargo, lo que menos se podr\u00eda haber imaginado es que tras su paso por <a href=\"https:\/\/www.20minutos.es\/tags\/lugares\/brasil.html\" title=\"Brasil\" rel=\"nofollow noopener\" target=\"_blank\">Brasil <\/a><b>ser\u00eda el centro de todas las miradas,<\/b> no por sus temas, sino por el llamativo momento que vivi\u00f3 con uno de sus fans y su tel\u00e9fono.\u00a0<\/p>\n<p class=\"c-paragraph\">Todo ocurri\u00f3 el pasado 29 de noviembre cuando rechaz\u00f3 el m\u00f3vil de uno de sus seguidores. Como as\u00ed aseguraron algunos internautas,<b> la cantante brit\u00e1nica se neg\u00f3 a grabar un v\u00eddeo con el tel\u00e9fono para optar por un <a href=\"https:\/\/www.20minutos.es\/tags\/temas\/iphone.html\" title=\"IPhone\" rel=\"nofollow noopener\" target=\"_blank\">iPhone<\/a>.<\/b> Por ello, r\u00e1pidamente el v\u00eddeo se volvi\u00f3 viral y no fueron pocos los que criticaron a Dua Lipa por \u00abdiscriminar\u00bb a los usuarios de <a href=\"https:\/\/www.20minutos.es\/tags\/temas\/android.html\" title=\"Android\" rel=\"nofollow noopener\" target=\"_blank\">Android<\/a>.\u00a0<\/p>\n<p class=\"c-paragraph\">Aunque, nada m\u00e1s lejos de la realidad. Ante la pol\u00e9mica desatada, muchos de sus seguidores salieron en su defensa. Por una parte, <b>hay quien asegura que el problema no fue tanto por la marca o sistema operativo del dispositivo<\/b>, sino por el formato de grabaci\u00f3n. Pero, tambi\u00e9n hay quien, por otra parte, defiende que se tratar\u00eda de temas de contratos.\u00a0<\/p>\n<p class=\"c-paragraph\">Dua Lipa es una de las nuevas embajadoras de Apple. La cantante particip\u00f3 en la campa\u00f1a global Shot on iPhone, por ello solo podr\u00eda utilizar productos de la marca. Por ello, <b>la cantante solo pod\u00eda utilizar exclusivamente este tipo de productos.<\/b> De hecho, ciertas partes de la grabaci\u00f3n del tour se realizaron con el nuevo iPhone 17 Pro.\u00a0<\/p>\n<p class=\"c-paragraph\">La int\u00e9rprete fue la primera persona en posar con este modelo antes de su lanzamiento oficial. As\u00ed, <b>la teor\u00eda de la exclusividad fue la que m\u00e1s peso tuvo entre sus seguidores.<\/b> Sin embargo, Dua Lipa no realiz\u00f3 ning\u00fan comunicado al respecto y continu\u00f3 con su siguiente parada, Bogot\u00e1, la capital de Colombia.<\/p>\n","protected":false},"excerpt":{"rendered":"Dua Lipa se encuentra recorriendo el mundo con su nueva gira, Radical Optimism Tour. Sin embargo, lo que&hellip;\n","protected":false},"author":2,"featured_media":267325,"comment_status":"","ping_status":"","sticky":false,"template":"","format":"standard","meta":{"footnotes":""},"categories":[170],"tags":[13496,146,147,25,24,184,185,5043,2074,12109,23,14647],"class_list":{"0":"post-267324","1":"post","2":"type-post","3":"status-publish","4":"format-standard","5":"has-post-thumbnail","7":"category-musica","8":"tag-dua","9":"tag-entertainment","10":"tag-entretenimiento","11":"tag-es","12":"tag-espana","13":"tag-music","14":"tag-musica","15":"tag-por","16":"tag-que","17":"tag-razon","18":"tag-spain","19":"tag-verdadera"},"share_on_mastodon":{"url":"https:\/\/pubeurope.com\/@es\/115650389928390254","error":""},"_links":{"self":[{"href":"https:\/\/www.europesays.com\/es\/wp-json\/wp\/v2\/posts\/267324","targetHints":{"allow":["GET"]}}],"collection":[{"href":"https:\/\/www.europesays.com\/es\/wp-json\/wp\/v2\/posts"}],"about":[{"href":"https:\/\/www.europesays.com\/es\/wp-json\/wp\/v2\/types\/post"}],"author":[{"embeddable":true,"href":"https:\/\/www.europesays.com\/es\/wp-json\/wp\/v2\/users\/2"}],"replies":[{"embeddable":true,"href":"https:\/\/www.europesays.com\/es\/wp-json\/wp\/v2\/comments?post=267324"}],"version-history":[{"count":0,"href":"https:\/\/www.europesays.com\/es\/wp-json\/wp\/v2\/posts\/267324\/revisions"}],"wp:featuredmedia":[{"embeddable":true,"href":"https:\/\/www.europesays.com\/es\/wp-json\/wp\/v2\/media\/267325"}],"wp:attachment":[{"href":"https:\/\/www.europesays.com\/es\/wp-json\/wp\/v2\/media?parent=267324"}],"wp:term":[{"taxonomy":"category","embeddable":true,"href":"https:\/\/www.europesays.com\/es\/wp-json\/wp\/v2\/categories?post=267324"},{"taxonomy":"post_tag","embeddable":true,"href":"https:\/\/www.europesays.com\/es\/wp-json\/wp\/v2\/tags?post=267324"}],"curies":[{"name":"wp","href":"https:\/\/api.w.org\/{rel}","templated":true}]}}