{"id":267326,"date":"2025-12-02T14:14:09","date_gmt":"2025-12-02T14:14:09","guid":{"rendered":"https:\/\/www.europesays.com\/es\/267326\/"},"modified":"2025-12-02T14:14:09","modified_gmt":"2025-12-02T14:14:09","slug":"kraken-y-documental-sobre-la-vida-de-elkin-ramirez-se-presentaran-en-el-festival-internacional-del-nuevo-cine-latinoamericano-en-cuba","status":"publish","type":"post","link":"https:\/\/www.europesays.com\/es\/267326\/","title":{"rendered":"Kraken y documental sobre la vida de Elkin Ram\u00edrez se presentar\u00e1n en el Festival Internacional del Nuevo Cine Latinoamericano en Cuba"},"content":{"rendered":"\n<p>Esta semana, la agrupaci\u00f3n paisa de rock, Kraken, llegar\u00e1 a La Habana, Cuba, para realizar un concierto en el Festival Internacional del Nuevo Cine Latinoamericano. Pero no lo har\u00e1 sola: <b>del evento tambi\u00e9n har\u00e1 parte <\/b><b>El Tit\u00e1n<\/b><b>, el documental que sigue la vida de su fundador y vocalista, el fallecido artista Elkin Ram\u00edrez<\/b>.<\/p>\n<p><b>Contexto: <a rel=\"nofollow noopener noreferrer\" href=\"https:\/\/www.elcolombiano.com\/cultura\/cine\/estreno-pelicula-elkin-ramirez-kraken-PD25621916\" target=\"_blank\">\u00bfLe gusta Kraken? La pel\u00edcula sobre la vida de Elkin Ram\u00edrez llega a cine<\/a><\/b><\/p>\n<p>Este largometraje, dirigido por Alexander Giraldo, se estren\u00f3 a nivel mundial en el Buenos Aires Festival Internacional de Cine Independiente y en octubre de 2024 estuvo en algunas salas de cine colombianas. Ahora llegar\u00e1 a Cuba para seguir manteniendo el legado de uno de los grandes del rock colombiano vivo.<\/p>\n<p>Ram\u00edrez falleci\u00f3 el 29 de enero de 2017 a causa de un tumor cerebral. Fue un a\u00f1o despu\u00e9s de su muerte, en 2018, que inici\u00f3 la producci\u00f3n de El Tit\u00e1n.<b> Lo que hace el documental es mostrar c\u00f3mo fue la vida del cantante durante la grabaci\u00f3n de su \u00faltimo disco,<\/b><b> Kraken VI: Sobre esta tierra<\/b>, y su batalla con la enfermedad que finalmente le quitar\u00eda la vida.<\/p>\n<p>La producci\u00f3n est\u00e1 compuesta de grabaciones in\u00e9ditas compartidas por los fans de Kraken al equipo del documental. Adem\u00e1s, incluye grabaciones con algunos de los artistas y bandas que fueron cercanas a Ram\u00edrez como Dilson D\u00edaz, vocalista de La Pestilencia; Adri\u00e1n Barilari, vocalista de Rata Blanca y Juanes, quien fue telonero del grupo de rock cuando hac\u00eda parte de Ekhymosis.<\/p>\n<p><b>La pel\u00edcula se exhibir\u00e1 el pr\u00f3ximo 5 de diciembre<\/b>, en La Habana, durante el festival creado en 1979 y que, en sus casi 50 a\u00f1os de historia, ha tenido el prop\u00f3sito de \u201creconocer y difundir las obras cinematogr\u00e1ficas que contribuyan, a partir de su significaci\u00f3n y de sus valores art\u00edsticos, al enriquecimiento y reafirmaci\u00f3n de la identidad cultural latinoamericana y caribe\u00f1a\u201d.<\/p>\n<p>Por su parte, la banda Kraken<b> tendr\u00e1 un concierto en el evento el 6 de diciembre<\/b>. Recientemente, la agrupaci\u00f3n realiz\u00f3 una gira por Europa y se encuentra promocionando su s\u00e9ptimo \u00e1lbum, Los pasos del Tit\u00e1n.<\/p>\n<p>Pero estos no son los \u00fanicos talentos colombianos que har\u00e1n parte del festival. Varias producciones nacionales se encuentran en competencia y podr\u00e1n verse durante esta semana en Cuba. <b>Un poeta<\/b>, la pel\u00edcula del paisa Sim\u00f3n Mesa Soto, est\u00e1 compitiendo por el Premio Coral a Mejor largometraje de ficci\u00f3n y <b>Forenses<\/b>, del paisa Federico Atehort\u00faa, va en la carrera por Mejor documental.<\/p>\n<p><b>Siga leyendo: <a rel=\"nofollow noopener noreferrer\" href=\"https:\/\/www.elcolombiano.com\/cultura\/cine\/nota-de-voz-estreno-pelicula-david-bohorquez-IK31197924\" target=\"_blank\">Esta es la historia de Nota de voz, el nuevo thriller colombiano que llegar\u00e1 a salas de cine esta semana<\/a><\/b><\/p>\n","protected":false},"excerpt":{"rendered":"Esta semana, la agrupaci\u00f3n paisa de rock, Kraken, llegar\u00e1 a La Habana, Cuba, para realizar un concierto en&hellip;\n","protected":false},"author":2,"featured_media":267327,"comment_status":"","ping_status":"","sticky":false,"template":"","format":"standard","meta":{"footnotes":""},"categories":[169],"tags":[177,146,147,25,24,176,175,1267,23],"class_list":{"0":"post-267326","1":"post","2":"type-post","3":"status-publish","4":"format-standard","5":"has-post-thumbnail","7":"category-cine","8":"tag-cine","9":"tag-entertainment","10":"tag-entretenimiento","11":"tag-es","12":"tag-espana","13":"tag-film","14":"tag-movies","15":"tag-noticias-el-colombiano","16":"tag-spain"},"share_on_mastodon":{"url":"https:\/\/pubeurope.com\/@es\/115650393919435466","error":""},"_links":{"self":[{"href":"https:\/\/www.europesays.com\/es\/wp-json\/wp\/v2\/posts\/267326","targetHints":{"allow":["GET"]}}],"collection":[{"href":"https:\/\/www.europesays.com\/es\/wp-json\/wp\/v2\/posts"}],"about":[{"href":"https:\/\/www.europesays.com\/es\/wp-json\/wp\/v2\/types\/post"}],"author":[{"embeddable":true,"href":"https:\/\/www.europesays.com\/es\/wp-json\/wp\/v2\/users\/2"}],"replies":[{"embeddable":true,"href":"https:\/\/www.europesays.com\/es\/wp-json\/wp\/v2\/comments?post=267326"}],"version-history":[{"count":0,"href":"https:\/\/www.europesays.com\/es\/wp-json\/wp\/v2\/posts\/267326\/revisions"}],"wp:featuredmedia":[{"embeddable":true,"href":"https:\/\/www.europesays.com\/es\/wp-json\/wp\/v2\/media\/267327"}],"wp:attachment":[{"href":"https:\/\/www.europesays.com\/es\/wp-json\/wp\/v2\/media?parent=267326"}],"wp:term":[{"taxonomy":"category","embeddable":true,"href":"https:\/\/www.europesays.com\/es\/wp-json\/wp\/v2\/categories?post=267326"},{"taxonomy":"post_tag","embeddable":true,"href":"https:\/\/www.europesays.com\/es\/wp-json\/wp\/v2\/tags?post=267326"}],"curies":[{"name":"wp","href":"https:\/\/api.w.org\/{rel}","templated":true}]}}