{"id":267344,"date":"2025-12-02T14:30:13","date_gmt":"2025-12-02T14:30:13","guid":{"rendered":"https:\/\/www.europesays.com\/es\/267344\/"},"modified":"2025-12-02T14:30:13","modified_gmt":"2025-12-02T14:30:13","slug":"el-mes-fantastico-de-santi-aldama","status":"publish","type":"post","link":"https:\/\/www.europesays.com\/es\/267344\/","title":{"rendered":"El mes fant\u00e1stico de Santi Aldama"},"content":{"rendered":"<p class=\"\"><b>Memphis Grizzlies<\/b> no est\u00e1 teniendo un inicio f\u00e1cil de temporada. La franquicia de <b>Tennessee<\/b> cerr\u00f3 noviembre con un balance negativo de 8-12 tras consumirse los primeros 20 partidos del curso.<\/p>\n<p class=\"\">En ese mes, solo ha ganado cinco partidos sin lograr enlazar tres victorias. Tuvo, adem\u00e1s, dos rachas tr\u00e1gicamente malas de cuatro derrotas seguidas, primero, y de cinco, despu\u00e9s. <\/p>\n<p class=\"\">Fue el sexto peor ataque de la NBA con un rating ofensivo de 110,1 puntos por cada 100 posesiones y la 15\u00aa peor defensa (114,4) para un net rating de -4,3 que le conden\u00f3 a la parte media-baja de la Liga norteamericana.<\/p>\n<p class=\"\">Las lesiones no han ayudado. Ni <b>Ty Jerome<\/b> (pantorrilla) ni <b>Scottie Pippen Jr.<\/b> (pie) ni <b>Brandon Clark<\/b> (rodilla) a\u00fan no debutado esta temporada. El rookie <b>Javon Small<\/b> solo ha jugado ocho encuentros y <b>Ja Morant<\/b> salta de los problemas f\u00edsicos (pantorrilla ahora) a los extradeportivos en mitad de una guerra con <b>Tuomas Iisalo<\/b>, su actual entrenador.<\/p>\n<p class=\"\">Pero no todo han sido malas noticias este noviembre para <b>Memphis<\/b>. <b>Santi Aldama<\/b> ha lucido el mejor mes desde que debut\u00f3 en la <b>NBA<\/b> en 2021. El ala-p\u00edvot (24 a\u00f1os y 2,13 m) ha cerrado por primera vez en su carrera un mes con todos sus partidos con dobles d\u00edgitos de anotaci\u00f3n.<\/p>\n<p class=\"\">El canario ha promediado <b>15,2 puntos<\/b> en los \u00faltimos 31 d\u00edas, su r\u00e9cord en un mes con 10 partidos o m\u00e1s disputados. Su anterior m\u00e1xima fue tambi\u00e9n en noviembre, pero de 2023, cuando se dispar\u00f3 hasta los 14,3 tantos. El pasado noviembre luci\u00f3 igualmente con 12,5 puntos. <\/p>\n<p class=\"\">Contra <b>Sacramento Kings<\/b>, el 20 de noviembre, igual\u00f3 su mejor marca en un solo partido con 29 puntos y contra <b>Cleveland Cavaliers<\/b>, el 15, firm\u00f3 su segundo doble-doble del curso con 12 tantos y 11 rebotes. En 6 de los 14 partidos disputados, ha logrado 15 o m\u00e1s puntos.<\/p>\n<p class=\"\">Esta sucesi\u00f3n de cifras permite a <b>Aldama<\/b> tener su mejor media de siempre en anotaci\u00f3n con 13,8 tantos por partido. Pero tambi\u00e9n en rebotes (6,7), en asistencias (3) y en robos (1). <\/p>\n<p class=\"\">Un buen curr\u00edculum para el canario, que firm\u00f3 un nuevo contrato con <b>Memphis<\/b> este verano por tres a\u00f1os y 52,5 millones de d\u00f3lares. En los dos primeros cobrar\u00e1 18,5 y 17 millones, y en el tercero, opci\u00f3n de equipo, otros 17.<\/p>\n<p>Noticias relacionadas<\/p>\n<p class=\"\"><b>\u00a1Tus opiniones importan!<\/b><\/p>\n<p class=\"\">Comenta en los art\u00edculos y suscr\u00edbete gratis a nuestra <a href=\"https:\/\/asfan.as.com\/newsletters\/\" target=\"_blank\" rel=\"nofollow noopener\" title=\"https:\/\/asfan.as.com\/newsletters\/\">newsletter<\/a> y a las alertas informativas en la <a href=\"https:\/\/as.com\/aplicacion-de-as-n\/\" target=\"_blank\" rel=\"nofollow noopener\" title=\"https:\/\/as.com\/aplicacion-de-as-n\/\">App<\/a> o el canal de <a href=\"https:\/\/www.whatsapp.com\/channel\/0029VaAasdA7j6g745nz9M10\" target=\"_blank\" rel=\"nofollow noopener\" title=\"https:\/\/www.whatsapp.com\/channel\/0029VaAasdA7j6g745nz9M10\">WhatsApp<\/a>. \u00bfBuscas licenciar contenido? Haz clic <a href=\"https:\/\/profesional.elpais.com\/soluciones-sindicacion?utm_medium=interno&amp;utm_source=crosslinking&amp;utm_campaign=sindicacion_as_pie_articulos\" target=\"_blank\" rel=\"nofollow noopener\" title=\"https:\/\/profesional.elpais.com\/soluciones-sindicacion?utm_medium=interno&amp;utm_source=crosslinking&amp;utm_campaign=sindicacion_as_pie_articulos\">aqu\u00ed<\/a>.<\/p>\n","protected":false},"excerpt":{"rendered":"Memphis Grizzlies no est\u00e1 teniendo un inicio f\u00e1cil de temporada. La franquicia de Tennessee cerr\u00f3 noviembre con un&hellip;\n","protected":false},"author":2,"featured_media":267345,"comment_status":"","ping_status":"","sticky":false,"template":"","format":"standard","meta":{"footnotes":""},"categories":[269],"tags":[299,298,168,25,24,23,167],"class_list":{"0":"post-267344","1":"post","2":"type-post","3":"status-publish","4":"format-standard","5":"has-post-thumbnail","7":"category-baloncesto","8":"tag-baloncesto","9":"tag-basketball","10":"tag-deportes","11":"tag-es","12":"tag-espana","13":"tag-spain","14":"tag-sports"},"share_on_mastodon":{"url":"https:\/\/pubeurope.com\/@es\/115650456830280070","error":""},"_links":{"self":[{"href":"https:\/\/www.europesays.com\/es\/wp-json\/wp\/v2\/posts\/267344","targetHints":{"allow":["GET"]}}],"collection":[{"href":"https:\/\/www.europesays.com\/es\/wp-json\/wp\/v2\/posts"}],"about":[{"href":"https:\/\/www.europesays.com\/es\/wp-json\/wp\/v2\/types\/post"}],"author":[{"embeddable":true,"href":"https:\/\/www.europesays.com\/es\/wp-json\/wp\/v2\/users\/2"}],"replies":[{"embeddable":true,"href":"https:\/\/www.europesays.com\/es\/wp-json\/wp\/v2\/comments?post=267344"}],"version-history":[{"count":0,"href":"https:\/\/www.europesays.com\/es\/wp-json\/wp\/v2\/posts\/267344\/revisions"}],"wp:featuredmedia":[{"embeddable":true,"href":"https:\/\/www.europesays.com\/es\/wp-json\/wp\/v2\/media\/267345"}],"wp:attachment":[{"href":"https:\/\/www.europesays.com\/es\/wp-json\/wp\/v2\/media?parent=267344"}],"wp:term":[{"taxonomy":"category","embeddable":true,"href":"https:\/\/www.europesays.com\/es\/wp-json\/wp\/v2\/categories?post=267344"},{"taxonomy":"post_tag","embeddable":true,"href":"https:\/\/www.europesays.com\/es\/wp-json\/wp\/v2\/tags?post=267344"}],"curies":[{"name":"wp","href":"https:\/\/api.w.org\/{rel}","templated":true}]}}