{"id":267350,"date":"2025-12-02T14:33:18","date_gmt":"2025-12-02T14:33:18","guid":{"rendered":"https:\/\/www.europesays.com\/es\/267350\/"},"modified":"2025-12-02T14:33:18","modified_gmt":"2025-12-02T14:33:18","slug":"ignasi-monreal-mira-el-cielo-de-madrid-desde-lo-alto-de-la-cupula-dorada-de-su-nuevo-hogar-en-chamberi-en-esta-casa-nada-es-practico-ni-comodo","status":"publish","type":"post","link":"https:\/\/www.europesays.com\/es\/267350\/","title":{"rendered":"Ignasi Monreal mira el cielo de Madrid desde lo alto de la c\u00fapula dorada de su nuevo hogar en Chamber\u00ed: \u201cEn esta casa nada es pr\u00e1ctico ni c\u00f3modo\u201d"},"content":{"rendered":"<p><strong>Entramos en la casa dorada de Ignasi Monreal en Madrid<\/strong><\/p>\n<p><strong>\u00ab\u00a1Recubramos las paredes de oro!\u201d, dijo nunca nadie.<\/strong> Al menos, nadie fuera de los l\u00edmites de la arquitectura sacra o monumental. \u201cNi el coste ni el mantenimiento merecen la pena\u201d, nos dice Ignasi Monreal (Barcelona, 1990). Por supuesto, hay excepciones, como la magn\u00edfica Haunted House de la Fundaci\u00f3n Prada en Mil\u00e1n, para cuya fachada <a href=\"https:\/\/www.revistaad.es\/arquitectura\/galerias\/arquitecto-rem-koolhaas-proyectos-emblematicos\/13647\" rel=\"nofollow noopener\" target=\"_blank\">Rem Koolhaas<\/a> utiliz\u00f3 200.000 hojas de pan de oro. <strong>\u201cO lo haces con mucha intenci\u00f3n o no lo haces\u201d, matiza Ignasi. Pero \u00bfc\u00f3mo termina uno apostando por este inusitado acabado para su propio hogar?<\/strong><\/p>\n<p><img decoding=\"async\" alt=\"Sal\u00f3n circular en c\u00fapula dorada y sof blanco circular\" loading=\"lazy\" class=\"ResponsiveImageContainer-eNxvmU cfBbTk responsive-image__image\"   src=\"https:\/\/www.europesays.com\/es\/wp-content\/uploads\/2025\/12\/AD_IGNASI6538.jpeg\"\/><\/p>\n<p>La casa de Ignasi Monreal est\u00e1 recubierta de cobre con acabado en oro, bisagras y puertas incluidas. \u201cMe dijeron que ha sido el pedido m\u00e1s grande de toda Europa\u201d, apunta.<\/p>\n<p><strong>Una transformaci\u00f3n radical<\/strong><\/p>\n<p>Hace cinco a\u00f1os, <a data-offer-url=\"https:\/\/www.ignasimonreal.com\/\" class=\"external-link\" data-event-click=\"{&quot;element&quot;:&quot;ExternalLink&quot;,&quot;outgoingURL&quot;:&quot;https:\/\/www.ignasimonreal.com\/&quot;}\" href=\"https:\/\/www.ignasimonreal.com\/\" rel=\"nofollow noopener\" target=\"_blank\">el artista catal\u00e1n<\/a>, cuya vida n\u00f3mada tiene ya un puerto fijo en Lisboa, comenz\u00f3 a buscar en Madrid un espacio para estar cerca de su familia. \u201cLas opciones en la ciudad son bastante homog\u00e9neas y quer\u00eda algo peculiar. <strong>Encontr\u00e9 online el <a href=\"https:\/\/www.revistaad.es\/articulos\/el-render-ha-muerto-viva-el-render-las-nuevas-animaciones-de-edificios-con-inteligencia-artificial-arquitectura\" rel=\"nofollow noopener\" target=\"_blank\">render<\/a> de una torre con una c\u00fapula y me enamor\u00e9, as\u00ed que compr\u00e9 el piso sobre plano\u201d, recuerda. \u201cUna vez finalizadas las obras, al abrir la puerta vi que no me gustaba nada\u201d.<\/strong> Era la pesadilla anodina de cualquier nuevo propietario: sin alma, sin vida, sin personalidad. \u201cEs la primera vez que invierto en una casa y, para m\u00ed, significa algo muy especial el haberme podido permitir una propiedad trabajando como pintor; ten\u00eda muy poca fe cuando empec\u00e9 en esta profesi\u00f3n. Por eso, cuando entr\u00e9 y dije: \u2018\u00a1Guau, qu\u00e9 baj\u00f3n!\u2019, decid\u00ed transformarla por completo\u201d.<\/p>\n<p><img decoding=\"async\" alt=\"Comedor con mesa baja y paredes doradas\" loading=\"lazy\" class=\"ResponsiveImageContainer-eNxvmU cfBbTk responsive-image__image\"   src=\"https:\/\/www.europesays.com\/es\/wp-content\/uploads\/2025\/12\/AD_IGNASI_6749.jpeg\"\/><\/p>\n<p>En la imagen, sillas de madera Zaisu, del d\u00fao Kenji Fujimori y Tomomi Fukuda, manufacturadas por Tendo Mokko (en Side Gallery). El plato de cristal de Sumida Yoriko y el resto de piezas sobre la mesa son de Nota&amp;Design.<\/p>\n<p><strong>Un proyecto que nace de la amistad<\/strong><\/p>\n<p>Sobre la mesa revoloteaba la posibilidad de aprovechar la arquitectura n\u00edvea como lienzo para una obra de grandes dimensiones. Pero Ignasi no quer\u00eda hartarse de s\u00ed mismo. \u201cNo creo que todo lo que haga tenga que tener id\u00e9ntico sello para que sea aut\u00e9ntico. Eso ser\u00eda como vivir en una c\u00e1mara de eco\u201d. Con el tiempo, la luz natural que hace suyo cada rinc\u00f3n de este piso en <a href=\"https:\/\/www.revistaad.es\/arquitectura\/articulos\/atico-chamberi-mueble-nogal-studio-practica\" rel=\"nofollow noopener\" target=\"_blank\">Chamber\u00ed<\/a> termin\u00f3 por imponerse como la inquilina principal, reina y se\u00f1ora del lugar. \u201c\u00bfC\u00f3mo competir contra ella?\u201d, se pregunta. <strong>El arquitecto y dise\u00f1ador <a data-offer-url=\"https:\/\/guillermosantoma.com\/\" class=\"external-link\" data-event-click=\"{&quot;element&quot;:&quot;ExternalLink&quot;,&quot;outgoingURL&quot;:&quot;https:\/\/guillermosantoma.com\/&quot;}\" href=\"https:\/\/guillermosantoma.com\/\" rel=\"nofollow noopener\" target=\"_blank\">Guillermo Santom\u00e0<\/a>, con quien ha desarrollado el interiorismo que hoy nos ense\u00f1a, estuvo de acuerdo. \u201cHa sido todo muy improvisado. Esta casa es un experimento que nos ha unido, que nace de la amistad y de dos mentes muy distintas que se han encontrado de manera fortuita [se conocieron al coincidir en varios eventos consecutivos]. Definitivamente, esta torre es hija de la noche madrile\u00f1a\u201d.<\/strong><\/p>\n<p><img decoding=\"async\" alt=\"Cocina dorada con grifo negro\" loading=\"lazy\" class=\"ResponsiveImageContainer-eNxvmU cfBbTk responsive-image__image\"   src=\"https:\/\/www.europesays.com\/es\/wp-content\/uploads\/2025\/12\/AD_IGNASI_6766.jpeg\"\/><\/p>\n<p>La cocina, con el taburete Macaron, de Cristian Andersen, en Side Gallery. Tanto la superficie de trabajo como el fregadero pueden ocultarse tras un panelado dorado, acentuando la sensaci\u00f3n de estar en una caja m\u00e1gica.<\/p>\n<p><img decoding=\"async\" alt=\"Tetera blanca\" loading=\"lazy\" class=\"ResponsiveImageContainer-eNxvmU cfBbTk responsive-image__image\"   src=\"https:\/\/www.europesays.com\/es\/wp-content\/uploads\/2025\/12\/AD_IGNASI_6774.jpeg\"\/><\/p>\n<p>La tetera de plata del surcoreano Yeunhee Ryu, tambi\u00e9n en Side Gallery.<\/p>\n<p><strong>La fiebre del oro<\/strong><\/p>\n<p><strong>El plan inicial para intervenir estos 88 metros cuadrados era inexistente: \u201cNo hab\u00eda una idea fija. Ha sido un proceso muy org\u00e1nico, bonito y desesperante\u201d, asegura Ignasi.<\/strong> Gracias a Dios, los desv\u00edos en el camino han hecho que el aspecto actual de la casa diste mucho de aquel render gris primigenio. Durante la visita a una <a href=\"https:\/\/www.revistaad.es\/articulos\/rosalia-lux-iglesias-bonitas\" rel=\"nofollow noopener\" target=\"_blank\">iglesia,<\/a> Santom\u00e0 le mand\u00f3 varias fotograf\u00edas de los murales que cubr\u00edan las paredes del templo. A Ignasi, la idea de dejarse llevar por la fiebre del oro hac\u00eda tiempo que le rondaba la cabeza, fija en su memoria por el recuerdo de la sala del t\u00e9 dorada del Museo de Arte MOA de Atami en Jap\u00f3n (pa\u00eds donde ha realizado varias residencias de arte y estudiado caligraf\u00eda). Ese mensaje fue una se\u00f1al.<\/p>\n","protected":false},"excerpt":{"rendered":"Entramos en la casa dorada de Ignasi Monreal en Madrid \u00ab\u00a1Recubramos las paredes de oro!\u201d, dijo nunca nadie.&hellip;\n","protected":false},"author":2,"featured_media":267351,"comment_status":"","ping_status":"","sticky":false,"template":"","format":"standard","meta":{"footnotes":""},"categories":[173],"tags":[229,233,231,230,1530,232,234,146,147,25,24,23],"class_list":{"0":"post-267350","1":"post","2":"type-post","3":"status-publish","4":"format-standard","5":"has-post-thumbnail","7":"category-arte-y-diseno","8":"tag-arte","9":"tag-arte-y-diseno","10":"tag-arts","11":"tag-arts-and-design","12":"tag-casas-ad","13":"tag-design","14":"tag-diseno","15":"tag-entertainment","16":"tag-entretenimiento","17":"tag-es","18":"tag-espana","19":"tag-spain"},"share_on_mastodon":{"url":"https:\/\/pubeurope.com\/@es\/115650468686200549","error":""},"_links":{"self":[{"href":"https:\/\/www.europesays.com\/es\/wp-json\/wp\/v2\/posts\/267350","targetHints":{"allow":["GET"]}}],"collection":[{"href":"https:\/\/www.europesays.com\/es\/wp-json\/wp\/v2\/posts"}],"about":[{"href":"https:\/\/www.europesays.com\/es\/wp-json\/wp\/v2\/types\/post"}],"author":[{"embeddable":true,"href":"https:\/\/www.europesays.com\/es\/wp-json\/wp\/v2\/users\/2"}],"replies":[{"embeddable":true,"href":"https:\/\/www.europesays.com\/es\/wp-json\/wp\/v2\/comments?post=267350"}],"version-history":[{"count":0,"href":"https:\/\/www.europesays.com\/es\/wp-json\/wp\/v2\/posts\/267350\/revisions"}],"wp:featuredmedia":[{"embeddable":true,"href":"https:\/\/www.europesays.com\/es\/wp-json\/wp\/v2\/media\/267351"}],"wp:attachment":[{"href":"https:\/\/www.europesays.com\/es\/wp-json\/wp\/v2\/media?parent=267350"}],"wp:term":[{"taxonomy":"category","embeddable":true,"href":"https:\/\/www.europesays.com\/es\/wp-json\/wp\/v2\/categories?post=267350"},{"taxonomy":"post_tag","embeddable":true,"href":"https:\/\/www.europesays.com\/es\/wp-json\/wp\/v2\/tags?post=267350"}],"curies":[{"name":"wp","href":"https:\/\/api.w.org\/{rel}","templated":true}]}}