{"id":267354,"date":"2025-12-02T14:36:14","date_gmt":"2025-12-02T14:36:14","guid":{"rendered":"https:\/\/www.europesays.com\/es\/267354\/"},"modified":"2025-12-02T14:36:14","modified_gmt":"2025-12-02T14:36:14","slug":"billie-eilish-irreconocible-cantante-fue-vista-por-paparazzis-como-pocas-veces","status":"publish","type":"post","link":"https:\/\/www.europesays.com\/es\/267354\/","title":{"rendered":"Billie Eilish irreconocible: Cantante fue vista por paparazzis como pocas veces"},"content":{"rendered":"<p>\t\t\t\tAcostumbrada a los estilos descontracturados y holgados, la artista estadounidense cambi\u00f3 dr\u00e1sticamente para pasear a caballo.                <\/p>\n<p>    Martes 2 diciembre 2025<\/p>\n<p>        <a href=\"https:\/\/www.guioteca.com\/paparazzis\/billie-eilish-irreconocible-cantante-fue-vista-por-paparazzis-como-pocas-veces\/javascript:void(0);\" rel=\"nofollow noopener\" target=\"_blank\"><\/p>\n<p>                <img decoding=\"async\" src=\"https:\/\/static.emol.cl\/emol50\/img\/logo_compartir.svg\" alt=\"\" \/><\/p>\n<p>        <\/a><br \/>\n        <a href=\"https:\/\/www.guioteca.com\/paparazzis\/billie-eilish-irreconocible-cantante-fue-vista-por-paparazzis-como-pocas-veces\/javascript:void(0);\" onclick=\"SharedTW();\" rel=\"nofollow noopener\" target=\"_blank\"><\/p>\n<p>        <\/a><br \/>\n        <a href=\"https:\/\/www.guioteca.com\/paparazzis\/billie-eilish-irreconocible-cantante-fue-vista-por-paparazzis-como-pocas-veces\/javascript:void(0);\" onclick=\"SharedFB();\" rel=\"nofollow noopener\" target=\"_blank\"><\/p>\n<p>        <\/a><br \/>\n        <a href=\"https:\/\/www.guioteca.com\/paparazzis\/billie-eilish-irreconocible-cantante-fue-vista-por-paparazzis-como-pocas-veces\/javascript:void(0);\" onclick=\"SharedPin();\" rel=\"nofollow noopener\" target=\"_blank\"><\/p>\n<p>        <\/a><\/p>\n<p>        <a href=\"https:\/\/www.guioteca.com\/paparazzis\/billie-eilish-irreconocible-cantante-fue-vista-por-paparazzis-como-pocas-veces\/mailto:?subject=Guioteca.com\" billie=\"\" eilish=\"\" irreconocible:=\"\" cantante=\"\" fue=\"\" vista=\"\" por=\"\" paparazzis=\"\" como=\"\" pocas=\"\" veces=\"\" env=\"\" un=\"\" art=\"\" de=\"\" guioteca.com=\"\" que=\"\" me=\"\" pareci=\"\" interesante:=\"\" rel=\"nofollow noopener\" target=\"_blank\"><\/p>\n<p>        <\/a><\/p>\n<p><a href=\"https:\/\/www.europesays.com\/es\/wp-content\/uploads\/2025\/12\/Billie-Eilish-paparazzis-1.jpg\"><img loading=\"lazy\" decoding=\"async\" class=\"alignnone wp-image-46922 size-full\" src=\"https:\/\/www.europesays.com\/es\/wp-content\/uploads\/2025\/12\/Billie-Eilish-paparazzis-1.jpg\" alt=\"Billie-Eilish-paparazzis-1\" width=\"560\" height=\"292\" \/><\/a><\/p>\n<p>Es, sin dudas, de las celebridades que m\u00e1s apuestan a los looks con te\u00f1idas anchas\u2026 sin embargo, en esta ocasi\u00f3n, Billie Eilish cambi\u00f3 dr\u00e1sticamente, sorprendiendo a todos con la tenida sumamente ajustada que se calz\u00f3 para pasear a caballo.<\/p>\n<p>D\u00edas despu\u00e9s de celebrar el \u201cD\u00eda de Acci\u00f3n de Gracias\u201d junto a su familia, la reconocida cantante pop estadounidense decidi\u00f3 montar a caballo, y se la vio con un dram\u00e1tico cambio de look. Son realmente pocas las veces que se la vio de esta forma\u2026 por lo que Daily Mail no dud\u00f3 en asegurar que estaba \u201cirreconocible\u201d.<\/p>\n<p>La tenida en cuesti\u00f3n consisti\u00f3 en un sweater, jeans y botas\u2026 todas prendas extremadamente ce\u00f1idas. Cabe preguntarse si la autora de \u00e9xitos como \u201cThe Birds of a Feather\u201d estaba c\u00f3moda, pero solo ella podr\u00e1 responder a esa importante duda.<\/p>\n<p>Por otro lado, la artista se enfrasc\u00f3 en una pelea con Elon Musk, a quien calific\u00f3 de \u201cpat\u00e9tico cobarde\u201d, justo antes de que se convierta en el primer trillonario del mundo. En ese sentido, reprodujo en las redes varias propuestas en las que \u201cpodr\u00eda usar el dinero\u201d, como por ejemplo reconstruir Gaza y acabar con el hambre en el mundo.<\/p>\n<p><a href=\"https:\/\/www.europesays.com\/es\/wp-content\/uploads\/2025\/12\/eilish.jpg\"><img loading=\"lazy\" decoding=\"async\" class=\"size-full wp-image-46908\" src=\"https:\/\/www.europesays.com\/es\/wp-content\/uploads\/2025\/12\/eilish.jpg\" alt=\"Billie Eilish sorprendi\u00f3 a todos al ser vista con una tenida sumamente ajustada: &quot;Irreconocible&quot; \/ Captura x.com\/DailyMailCeleb\" width=\"620\" height=\"424\" \/><\/a><\/p>\n<p class=\"wp-caption-text\">Billie Eilish sorprendi\u00f3 a todos al ser vista con una tenida sumamente ajustada: \u201cIrreconocible\u201d \/ Captura x.com\/DailyMailCeleb<\/p>\n<p>\n        Comentarios<br \/>\n        Deja tu comentario \u2193\n    <\/p>\n","protected":false},"excerpt":{"rendered":"Acostumbrada a los estilos descontracturados y holgados, la artista estadounidense cambi\u00f3 dr\u00e1sticamente para pasear a caballo. Martes 2&hellip;\n","protected":false},"author":2,"featured_media":267355,"comment_status":"","ping_status":"","sticky":false,"template":"","format":"standard","meta":{"footnotes":""},"categories":[170],"tags":[49581,66027,66026,146,147,25,24,184,185,58124,23,25972],"class_list":{"0":"post-267354","1":"post","2":"type-post","3":"status-publish","4":"format-standard","5":"has-post-thumbnail","7":"category-musica","8":"tag-billie-eilish","9":"tag-billie-eilish-foptops","10":"tag-billie-eilish-paparazzis","11":"tag-entertainment","12":"tag-entretenimiento","13":"tag-es","14":"tag-espana","15":"tag-music","16":"tag-musica","17":"tag-paparazzis","18":"tag-spain","19":"tag-temas"},"share_on_mastodon":{"url":"https:\/\/pubeurope.com\/@es\/115650481428034712","error":""},"_links":{"self":[{"href":"https:\/\/www.europesays.com\/es\/wp-json\/wp\/v2\/posts\/267354","targetHints":{"allow":["GET"]}}],"collection":[{"href":"https:\/\/www.europesays.com\/es\/wp-json\/wp\/v2\/posts"}],"about":[{"href":"https:\/\/www.europesays.com\/es\/wp-json\/wp\/v2\/types\/post"}],"author":[{"embeddable":true,"href":"https:\/\/www.europesays.com\/es\/wp-json\/wp\/v2\/users\/2"}],"replies":[{"embeddable":true,"href":"https:\/\/www.europesays.com\/es\/wp-json\/wp\/v2\/comments?post=267354"}],"version-history":[{"count":0,"href":"https:\/\/www.europesays.com\/es\/wp-json\/wp\/v2\/posts\/267354\/revisions"}],"wp:featuredmedia":[{"embeddable":true,"href":"https:\/\/www.europesays.com\/es\/wp-json\/wp\/v2\/media\/267355"}],"wp:attachment":[{"href":"https:\/\/www.europesays.com\/es\/wp-json\/wp\/v2\/media?parent=267354"}],"wp:term":[{"taxonomy":"category","embeddable":true,"href":"https:\/\/www.europesays.com\/es\/wp-json\/wp\/v2\/categories?post=267354"},{"taxonomy":"post_tag","embeddable":true,"href":"https:\/\/www.europesays.com\/es\/wp-json\/wp\/v2\/tags?post=267354"}],"curies":[{"name":"wp","href":"https:\/\/api.w.org\/{rel}","templated":true}]}}