{"id":267365,"date":"2025-12-02T14:43:11","date_gmt":"2025-12-02T14:43:11","guid":{"rendered":"https:\/\/www.europesays.com\/es\/267365\/"},"modified":"2025-12-02T14:43:11","modified_gmt":"2025-12-02T14:43:11","slug":"inundaciones-en-asia-dejan-mas-de-1-200-muertos-dw-02-12-2025","status":"publish","type":"post","link":"https:\/\/www.europesays.com\/es\/267365\/","title":{"rendered":"Inundaciones en Asia dejan m\u00e1s de 1.200 muertos \u2013 DW \u2013 02\/12\/2025"},"content":{"rendered":"<p>La semana pasada, las <a class=\"internal-link\" href=\"https:\/\/www.dw.com\/es\/decenas-de-fallecidos-y-miles-de-evacuados-por-fuertes-lluvias-en-el-sudeste-asi\u00e1tico\/a-74906702\" rel=\"nofollow noopener\" target=\"_blank\">lluvias torrenciales<\/a> azotaron Sri Lanka, algunas zonas de la isla indonesia de Sumatra, el sur de Tailandia y el norte de Malasia. El balance por las inundaciones subi\u00f3 este martes a m\u00e1s de 1.200 muertos.\u00a0<\/p>\n<p>Sumatra devastada<\/p>\n<p>En la <a class=\"internal-link\" href=\"https:\/\/www.dw.com\/es\/presidente-indonesio-visita-zonas-inundadas-en-sumatra\/a-74961188\" rel=\"nofollow noopener\" target=\"_blank\">isla indonesia de Sumatra<\/a>, el balance de v\u00edctimas subi\u00f3 el martes a 631 muertos y 472 desaparecidos, anunci\u00f3 la agencia de gesti\u00f3n de cat\u00e1strofes.<\/p>\n<p>Las aguas han bajado, pero la devastaci\u00f3n oblig\u00f3 a cientos de miles de personas a refugiarse en albergues, donde luchan por conseguir agua y alimentos.\u00a0En la regi\u00f3n de Aceh, una de las m\u00e1s afectadas, los vecinos que tienen dinero estaban acumulando v\u00edveres.<\/p>\n<p>\u00abEl agua me llegaba hasta el cuello\u00bb, cont\u00f3 a la AFP Misbahul Munir, de 28 a\u00f1os, habitante de Aceh Norte, en la punta septentrional de esa isla indonesia. \u00abSolo me queda la ropa que llevo puesta\u00bb, a\u00f1adi\u00f3 antes de romper en llanto.\u00a0Para los habitantes refugiados en centros de acogida, \u00ablas condiciones son preocupantes. Hay mujeres embarazadas y ni\u00f1os peque\u00f1os\u00bb, se\u00f1al\u00f3.<\/p>\n<p>El Gobierno indonesio anunci\u00f3 el lunes el env\u00edo de 34.000 toneladas de arroz y 6,8 millones de litros de aceite de cocina a las provincias de Aceh, Sumatra del Norte y Sumatra Occidental, las m\u00e1s golpeadas.<\/p>\n<p>Las organizaciones de ayuda afirmaron que trabajan a marchas forzadas para llevar suministros a las zonas afectadas, ante el temor de que los mercados locales se queden sin productos esenciales.<\/p>\n<p>Sri Lanka pidi\u00f3 ayuda internacional<\/p>\n<p>En Sri Lanka, el Gobierno pidi\u00f3 ayuda internacional y utiliz\u00f3 helic\u00f3pteros militares para llegar a las personas aisladas por las inundaciones y los aludes.\u00a0Al menos 410 personas murieron y 336 siguen desaparecidas en Sri Lanka, seg\u00fan un nuevo balance divulgado el martes por las autoridades.<\/p>\n<p>Las lluvias cesaron el lunes en Colombo, la capital, y hab\u00eda esperanza de que bajara el nivel del agua.\u00a0Las autoridades indicaron que a\u00fan est\u00e1n cuantificando la magnitud del da\u00f1o en el centro del pa\u00eds, la zona m\u00e1s afectada.<\/p>\n<p><img data-format=\"MASTER_LANDSCAPE\" data-id=\"74966137\" data-url=\"https:\/\/static.dw.com\/image\/74966137_${formatId}.jpg\" data-aspect-ratio=\"16\/9\" alt=\"Sri Lanka Colombo 2025 | Residente navega sobre una construcci\u00f3n con maderos por una calle inundada tras el cicl\u00f3n Ditwah\" style=\"padding-bottom: 56.25%; height: 0; max-height: 0;\"\/>Las lluvias cesaron la v\u00edspera en Colombo, la capital de Sri Lanka, y se espera que baje el nivel del agua.Imagen: Kenula Pathirathna\/ZUMA Press Wire\/IMAGO<\/p>\n<p>El presidente de Sri Lanka, Anura Kumara Dissanayake, quien declar\u00f3 el estado de emergencia, afirm\u00f3 que este es \u00abel mayor y m\u00e1s dif\u00edcil desastre natural\u00bb de la historia del pa\u00eds. Las p\u00e9rdidas y los da\u00f1os son las m\u00e1s graves en Sri Lanka desde el tsunami asi\u00e1tico de 2004 que mat\u00f3 a unas 31.000 personas y dej\u00f3 a m\u00e1s de un mill\u00f3n sin vivienda.<\/p>\n<p>Cr\u00edticas en Tailandia, dos muertos en Malasia<\/p>\n<p>En el sur de Tailandia, las inundaciones mataron a 176 personas, dijeron el lunes las autoridades, en uno de los fen\u00f3menos clim\u00e1ticos m\u00e1s mortales en el pa\u00eds en una d\u00e9cada.\u00a0El Gobierno envi\u00f3 ayuda pero la poblaci\u00f3n ha criticado la respuesta a las inundaciones. Dos funcionarios fueron suspendidos por el deficiente manejo de la emergencia.<\/p>\n<p><img data-format=\"MASTER_LANDSCAPE\" data-id=\"74965856\" data-url=\"https:\/\/static.dw.com\/image\/74965856_${formatId}.jpg\" data-aspect-ratio=\"16\/9\" alt=\"Tailandia Hat Yai 2025 | Residente entre veh\u00edculos da\u00f1ados tras las inundaciones\" style=\"padding-bottom: 56.25%; height: 0; max-height: 0;\"\/>El Gobierno envi\u00f3 ayuda, pero la poblaci\u00f3n ha criticado la respuesta a las inundaciones en Tailandia.Imagen: Sirachai Arunrugstichai\/Getty Images<\/p>\n<p>Al otro lado de la frontera, en Malasia, dos personas murieron en las inundaciones del estado de Perlis.<\/p>\n<p>Gran parte de Asia afronta actualmente su temporada monz\u00f3nica anual, que trae fuertes lluvias y suele provocar corrimientos de tierra e inundaciones. El cambio clim\u00e1tico ha aumentado la intensidad de las tormentas y las lluvias debido a que una atm\u00f3sfera m\u00e1s c\u00e1lida retiene m\u00e1s humedad.<\/p>\n<p>rml (afp, reuters)<\/p>\n","protected":false},"excerpt":{"rendered":"La semana pasada, las lluvias torrenciales azotaron Sri Lanka, algunas zonas de la isla indonesia de Sumatra, el&hellip;\n","protected":false},"author":2,"featured_media":267366,"comment_status":"","ping_status":"","sticky":false,"template":"","format":"standard","meta":{"footnotes":""},"categories":[42],"tags":[17,18,13,14,11,61,62,63,64,19,20,9,10,15,16,12,21,22,65,66,67],"class_list":{"0":"post-267365","1":"post","2":"type-post","3":"status-publish","4":"format-standard","5":"has-post-thumbnail","7":"category-internacional","8":"tag-breaking-news","9":"tag-breakingnews","10":"tag-featured-news","11":"tag-featurednews","12":"tag-headlines","13":"tag-internacional","14":"tag-international","15":"tag-international-news","16":"tag-internationalnews","17":"tag-latest-news","18":"tag-latestnews","19":"tag-news","20":"tag-noticias","21":"tag-noticias-destacadas","22":"tag-noticiasdestacadas","23":"tag-titulares","24":"tag-ultimas-noticias","25":"tag-ultimasnoticias","26":"tag-world","27":"tag-world-news","28":"tag-worldnews"},"share_on_mastodon":{"url":"https:\/\/pubeurope.com\/@es\/115650507817072014","error":""},"_links":{"self":[{"href":"https:\/\/www.europesays.com\/es\/wp-json\/wp\/v2\/posts\/267365","targetHints":{"allow":["GET"]}}],"collection":[{"href":"https:\/\/www.europesays.com\/es\/wp-json\/wp\/v2\/posts"}],"about":[{"href":"https:\/\/www.europesays.com\/es\/wp-json\/wp\/v2\/types\/post"}],"author":[{"embeddable":true,"href":"https:\/\/www.europesays.com\/es\/wp-json\/wp\/v2\/users\/2"}],"replies":[{"embeddable":true,"href":"https:\/\/www.europesays.com\/es\/wp-json\/wp\/v2\/comments?post=267365"}],"version-history":[{"count":0,"href":"https:\/\/www.europesays.com\/es\/wp-json\/wp\/v2\/posts\/267365\/revisions"}],"wp:featuredmedia":[{"embeddable":true,"href":"https:\/\/www.europesays.com\/es\/wp-json\/wp\/v2\/media\/267366"}],"wp:attachment":[{"href":"https:\/\/www.europesays.com\/es\/wp-json\/wp\/v2\/media?parent=267365"}],"wp:term":[{"taxonomy":"category","embeddable":true,"href":"https:\/\/www.europesays.com\/es\/wp-json\/wp\/v2\/categories?post=267365"},{"taxonomy":"post_tag","embeddable":true,"href":"https:\/\/www.europesays.com\/es\/wp-json\/wp\/v2\/tags?post=267365"}],"curies":[{"name":"wp","href":"https:\/\/api.w.org\/{rel}","templated":true}]}}