{"id":267373,"date":"2025-12-02T14:54:12","date_gmt":"2025-12-02T14:54:12","guid":{"rendered":"https:\/\/www.europesays.com\/es\/267373\/"},"modified":"2025-12-02T14:54:12","modified_gmt":"2025-12-02T14:54:12","slug":"ethan-happ-a-recoletas-spb","status":"publish","type":"post","link":"https:\/\/www.europesays.com\/es\/267373\/","title":{"rendered":"Ethan Happ, a Recoletas SPB"},"content":{"rendered":"<p><strong>Ethan Happ<\/strong> (07\/05\/1996, Milan, Illinois, Estados Unidos) se incorpora a la plantilla del Recoletas Salud San Pablo Burgos para competir en la presente temporada de Liga Endesa. El p\u00edvot estadounidense de 2,08 dispone de pasaporte de Macedonia.<\/p>\n<p>El jugador abri\u00f3 su carrera deportiva en la NCAA, la liga universitaria de Estados Unidos, donde form\u00f3 parte de la plantilla de Wisconsin Badgers durante cuatro temporadas, entre 2015 y 2019. Finalizada su etapa universitaria, Ethan Happ dio el salto a Europa.<\/p>\n<blockquote class=\"twitter-tweet\">\n<p lang=\"es\" dir=\"ltr\">\ud83d\udcaa Refuerzo de nivel para el juego interior burgal\u00e9s<\/p>\n<p>Ethan Happ se incorpora al Recoletas Salud <a href=\"https:\/\/twitter.com\/SanPabloBurgos?ref_src=twsrc%5Etfw\" rel=\"nofollow noopener\" target=\"_blank\">@SanPabloBurgos<\/a> \ud83d\udd8b\ufe0f<a href=\"https:\/\/twitter.com\/hashtag\/LigaEndesa?src=hash&amp;ref_src=twsrc%5Etfw\" rel=\"nofollow noopener\" target=\"_blank\">#LigaEndesa<\/a> | <a href=\"https:\/\/twitter.com\/hashtag\/MercadoACB?src=hash&amp;ref_src=twsrc%5Etfw\" rel=\"nofollow noopener\" target=\"_blank\">#MercadoACB<\/a> <a href=\"https:\/\/t.co\/71QDVzXYA9\" rel=\"nofollow\">pic.twitter.com\/71QDVzXYA9<\/a><\/p>\n<p>\u2014 Liga Endesa (@ACBCOM) <a href=\"https:\/\/twitter.com\/ACBCOM\/status\/1995795843346010595?ref_src=twsrc%5Etfw\" rel=\"nofollow noopener\" target=\"_blank\">December 2, 2025<\/a><\/p><\/blockquote>\n<p>Italia fue el primer destino para el p\u00edvot, que form\u00f3 parte de los equipos de Vanoli Cremona, Fortitudo Bologna y Dinamo Sassari, antes de poner rumbo a Alemania, pa\u00eds en el que disput\u00f3 una campa\u00f1a en las filas del Ludwigsburg.<\/p>\n<p>En el curso 2022\/23, el estadounidense con pasaporte macedonio lleg\u00f3 a Espa\u00f1a para incorporarse a las filas de R\u00edo Breog\u00e1n, donde firm\u00f3 unos promedios de 12,6 puntos, 7,9 rebotes y 2,5 asistencias por partido en Liga Endesa. La campa\u00f1a siguiente, Happ compiti\u00f3 junto a Gran Canaria, con unas medias de 12,5 puntos, 5,5 rebotes y 2 asistencias por encuentro en Liga Endesa.<\/p>\n<p>El buen rendimiento hizo que Valencia Basket se fijara en \u00e9l para hacerse con sus servicios en la pasada temporada 2024\/25, en la que apenas pudo participar en cinco compromisos ligueros por una lesi\u00f3n en un dedo del pie derecho, que le llev\u00f3 a pasar por quir\u00f3fano en el mes de junio y de la que ha ido recuper\u00e1ndose a lo largo de los \u00faltimos meses.<\/p>\n<p>Desde el San Pablo Burgos, le deseamos toda la suerte del mundo a Ethan Happ para esta nueva etapa de su carrera deportiva.<\/p>\n<p><script async src=\"https:\/\/platform.twitter.com\/widgets.js\" charset=\"utf-8\"><\/script><\/p>\n","protected":false},"excerpt":{"rendered":"Ethan Happ (07\/05\/1996, Milan, Illinois, Estados Unidos) se incorpora a la plantilla del Recoletas Salud San Pablo Burgos&hellip;\n","protected":false},"author":2,"featured_media":267374,"comment_status":"","ping_status":"","sticky":false,"template":"","format":"standard","meta":{"footnotes":""},"categories":[269],"tags":[299,298,168,25,24,23,167],"class_list":{"0":"post-267373","1":"post","2":"type-post","3":"status-publish","4":"format-standard","5":"has-post-thumbnail","7":"category-baloncesto","8":"tag-baloncesto","9":"tag-basketball","10":"tag-deportes","11":"tag-es","12":"tag-espana","13":"tag-spain","14":"tag-sports"},"share_on_mastodon":{"url":"https:\/\/pubeurope.com\/@es\/115650551134204830","error":""},"_links":{"self":[{"href":"https:\/\/www.europesays.com\/es\/wp-json\/wp\/v2\/posts\/267373","targetHints":{"allow":["GET"]}}],"collection":[{"href":"https:\/\/www.europesays.com\/es\/wp-json\/wp\/v2\/posts"}],"about":[{"href":"https:\/\/www.europesays.com\/es\/wp-json\/wp\/v2\/types\/post"}],"author":[{"embeddable":true,"href":"https:\/\/www.europesays.com\/es\/wp-json\/wp\/v2\/users\/2"}],"replies":[{"embeddable":true,"href":"https:\/\/www.europesays.com\/es\/wp-json\/wp\/v2\/comments?post=267373"}],"version-history":[{"count":0,"href":"https:\/\/www.europesays.com\/es\/wp-json\/wp\/v2\/posts\/267373\/revisions"}],"wp:featuredmedia":[{"embeddable":true,"href":"https:\/\/www.europesays.com\/es\/wp-json\/wp\/v2\/media\/267374"}],"wp:attachment":[{"href":"https:\/\/www.europesays.com\/es\/wp-json\/wp\/v2\/media?parent=267373"}],"wp:term":[{"taxonomy":"category","embeddable":true,"href":"https:\/\/www.europesays.com\/es\/wp-json\/wp\/v2\/categories?post=267373"},{"taxonomy":"post_tag","embeddable":true,"href":"https:\/\/www.europesays.com\/es\/wp-json\/wp\/v2\/tags?post=267373"}],"curies":[{"name":"wp","href":"https:\/\/api.w.org\/{rel}","templated":true}]}}